{"id":16348,"date":"2025-06-04T08:29:36","date_gmt":"2025-06-04T12:29:36","guid":{"rendered":"https:\/\/samantharadionline.com\/?p=16348"},"modified":"2025-06-04T08:29:37","modified_gmt":"2025-06-04T12:29:37","slug":"querella-contra-ingrid-jorge-por-difamacion-y-litigio-con-la-tora-y-angel-martinez","status":"publish","type":"post","link":"https:\/\/samantharadionline.com\/index.php\/2025\/06\/04\/querella-contra-ingrid-jorge-por-difamacion-y-litigio-con-la-tora-y-angel-martinez\/","title":{"rendered":"Querella contra Ingrid Jorge por difamaci\u00f3n y  litigio con La Tora y \u00c1ngel Mart\u00ednez"},"content":{"rendered":"\n<p class=\"has-medium-font-size\">Se <em>acusa a Ingrid Jorge de violar los art\u00edculos 21 y 22 de la Ley 53-07 sobre Cr\u00edmenes y Delitos de Alta Tecnolog\u00eda y el art\u00edculo 367 del C\u00f3digo Penal dominicano<\/em><\/p>\n\n\n\n<figure class=\"wp-block-image\"><img decoding=\"async\" src=\"https:\/\/listindiario.com\/files\/image_60_60\/uploads\/2023\/05\/11\/645d0fa7541ad.png\" alt=\"Avatar del Ram\u00f3n Cruz Benz\u00e1n\"\/><\/figure>\n\n\n\n<p><em>\u00a0<\/em>Ram\u00f3n Cruz Benz\u00e1n, <strong>Santo Domingo, RD<\/strong><\/p>\n\n\n\n<p>La comunicadora&nbsp;<strong>Ingrid Jorge<\/strong>&nbsp;enfrenta una nueva querella con constituci\u00f3n en actor civil, presentada por el diputado&nbsp;<strong>Sergio Moya<\/strong>&nbsp;(<strong>Gory<\/strong>), por presunta difamaci\u00f3n e injuria.<\/p>\n\n\n\n<p>El legislador, miembro del&nbsp;<strong>Partido Revolucionario Moderno&nbsp;<\/strong>(<strong>PRM<\/strong>), interpuso la querella en la Fiscal\u00eda del&nbsp;<strong>Distrito Nacional&nbsp;<\/strong>a trav\u00e9s de sus abogados Jos\u00e9 Altagracia Fis Batista, Enmanuel Pimentel Reyes y Enmanuel Mart\u00ednez Acevedo.<\/p>\n\n\n\n<p>Adicionalmente, Moya mantiene otra querella por los mismos cargos contra&nbsp;<strong>\u00c1ngel Mart\u00ednez<\/strong>, quien reside en Miami y fue detenido el lunes 26 de mayo en Puerto Plata.<\/p>\n\n\n\n<p>La instancia acusa a I<strong>ngrid Jorge&nbsp;<\/strong>de violar los art\u00edculos 21 y 22 de la Ley 53-07 sobre C<strong>r\u00edmenes y Delitos de Alta Tecnolog\u00eda<\/strong>&nbsp;y el art\u00edculo 367 del&nbsp;<strong>C\u00f3digo Penal dominicano<\/strong>.<\/p>\n\n\n\n<p>Esta querella se suma a la presentada por la&nbsp;<strong>ministra de Interior y Polic\u00eda<\/strong>,&nbsp;<strong>Faride Virginia Raful Soriano<\/strong>, contra Ingrid Jorge ante la Procuradur\u00eda Especializada en Cr\u00edmenes y Delitos de Alta Tecnolog\u00eda.<\/p>\n\n\n\n<p>La ministra, a trav\u00e9s de su abogado Miguel Valerio Jimini\u00e1n, tambi\u00e9n alega difamaci\u00f3n e injuria, e incluye a \u00c1ngel Mart\u00ednez en esta acci\u00f3n legal.<\/p>\n\n\n\n<p>En esta querella, se acusa a Mart\u00ednez y a Jorge de violar los art\u00edculos 21 y 22 de la Ley 53-07 sobre Cr\u00edmenes y Delitos de Alta Tecnolog\u00eda y el art\u00edculo 367 del C\u00f3digo Penal Dominicano.<\/p>\n\n\n\n<p>La instancia, depositada el pasado 30 de mayo, se fundamenta en graves acusaciones de difamaci\u00f3n, da\u00f1os y perjuicios, as\u00ed como en afirmaciones falsas que vinculan a la funcionaria con actividades il\u00edcitas y conductas sexuales inapropiadas.<\/p>\n\n\n\n<p>En la querella, se aduce que los se\u00f1alamientos difundidos por Jorge son injuriosos y carecen de fundamento, con el aparente objetivo de da\u00f1ar la imagen p\u00fablica y profesional de la ministra Faride Raful.<\/p>\n\n\n\n<p><strong>Litigios con \u00abLa Tora\u00bb y \u00c1ngel Mart\u00ednez<\/strong><\/p>\n\n\n\n<p>Cabe destacar que el diputado Gory tambi\u00e9n mantiene un litigio en los tribunales con la madre de Ingrid Jorge, la se\u00f1ora&nbsp;<strong>Claudia P\u00e9rez<\/strong>&nbsp;(<strong>La Tora<\/strong>), por presunta difamaci\u00f3n e injuria. En torno a este caso, la jueza de la Octava Sala Penal del Distrito Nacional, Diana Moreno Rodr\u00edguez, hab\u00eda emitido una orden de arresto en su contra tras declararla en rebeld\u00eda. Tras su detenci\u00f3n, la jueza levant\u00f3 la rebeld\u00eda. Posteriormente, \u00abLa Tora\u00bb someti\u00f3 a juicio disciplinario a la jueza y la recus\u00f3 en el momento en que deb\u00eda dar inicio a la audiencia en su contra.<\/p>\n\n\n\n<p>Asimismo, Gory interpuso una querella contra \u00c1ngel Mart\u00ednez en la Segunda Sala Penal del Distrito Nacional, que lleg\u00f3 a declararlo en rebeld\u00eda y dict\u00f3 una orden de arresto y captura internacional, dado que el supuesto \u00abinvestigador\u00bb no se present\u00f3 a pesar de haber sido citado legalmente.<\/p>\n\n\n\n<p>La querella contra Mart\u00ednez fue presentada por el legislador el 10 de febrero de 2021 a trav\u00e9s de los abogados apoderados especiales Frank Reynaldo Ferm\u00edn y Emmanuel.<\/p>\n\n\n\n<p>Estos casos reavivan el debate sobre el uso indebido de plataformas digitales y medios de comunicaci\u00f3n para atacar la honra de las personas, especialmente de figuras p\u00fablicas.<\/p>\n","protected":false},"excerpt":{"rendered":"<p>Se acusa a Ingrid Jorge de violar los art\u00edculos 21 y 22 de la Ley<\/p>\n","protected":false},"author":1,"featured_media":16349,"comment_status":"open","ping_status":"open","sticky":false,"template":"","format":"standard","meta":{"footnotes":""},"categories":[12],"tags":[],"class_list":["post-16348","post","type-post","status-publish","format-standard","has-post-thumbnail","hentry","category-nacionales"],"_links":{"self":[{"href":"https:\/\/samantharadionline.com\/index.php\/wp-json\/wp\/v2\/posts\/16348","targetHints":{"allow":["GET"]}}],"collection":[{"href":"https:\/\/samantharadionline.com\/index.php\/wp-json\/wp\/v2\/posts"}],"about":[{"href":"https:\/\/samantharadionline.com\/index.php\/wp-json\/wp\/v2\/types\/post"}],"author":[{"embeddable":true,"href":"https:\/\/samantharadionline.com\/index.php\/wp-json\/wp\/v2\/users\/1"}],"replies":[{"embeddable":true,"href":"https:\/\/samantharadionline.com\/index.php\/wp-json\/wp\/v2\/comments?post=16348"}],"version-history":[{"count":1,"href":"https:\/\/samantharadionline.com\/index.php\/wp-json\/wp\/v2\/posts\/16348\/revisions"}],"predecessor-version":[{"id":16350,"href":"https:\/\/samantharadionline.com\/index.php\/wp-json\/wp\/v2\/posts\/16348\/revisions\/16350"}],"wp:featuredmedia":[{"embeddable":true,"href":"https:\/\/samantharadionline.com\/index.php\/wp-json\/wp\/v2\/media\/16349"}],"wp:attachment":[{"href":"https:\/\/samantharadionline.com\/index.php\/wp-json\/wp\/v2\/media?parent=16348"}],"wp:term":[{"taxonomy":"category","embeddable":true,"href":"https:\/\/samantharadionline.com\/index.php\/wp-json\/wp\/v2\/categories?post=16348"},{"taxonomy":"post_tag","embeddable":true,"href":"https:\/\/samantharadionline.com\/index.php\/wp-json\/wp\/v2\/tags?post=16348"}],"curies":[{"name":"wp","href":"https:\/\/api.w.org\/{rel}","templated":true}]}}