{"id":16345,"date":"2025-06-04T08:25:19","date_gmt":"2025-06-04T12:25:19","guid":{"rendered":"https:\/\/samantharadionline.com\/?p=16345"},"modified":"2025-06-04T08:25:19","modified_gmt":"2025-06-04T12:25:19","slug":"arena-acogera-12-mil-personas","status":"publish","type":"post","link":"https:\/\/samantharadionline.com\/index.php\/2025\/06\/04\/arena-acogera-12-mil-personas\/","title":{"rendered":"Arena acoger\u00e1 12 mil personas"},"content":{"rendered":"\n<p class=\"has-medium-font-size\"><em>Estar\u00e1 ubicado en la avenida Jacobo Majluta, ya se han confirmado siete eventos<\/em><\/p>\n\n\n\n<p>L.D., <strong>Santo Domingo, R.D.<\/strong><\/p>\n\n\n\n<p>La&nbsp;<strong>Arena Santo Domingo,<\/strong>&nbsp;el nuevo recinto destinado a realizar conciertos en el pa\u00eds, estar\u00e1 ubicado en un solar de 50 mil metros en la avenida&nbsp;<strong>Jacobo Majluta, frente al Jardin Memorial, Santo Domingo Norte<\/strong>&nbsp;y tendr\u00e1 un aforo para unas&nbsp;<strong>12 mil personas.<\/strong><\/p>\n\n\n\n<p>El empresario art\u00edstico&nbsp;<strong>Saymon D\u00edaz<\/strong>&nbsp;inform\u00f3 que el lugar para eventos estar\u00e1 listo en el mes de&nbsp;<strong>agosto&nbsp;<\/strong>y el primer&nbsp;<strong>concierto&nbsp;<\/strong>ser\u00e1 el de la banda argentina&nbsp;<strong>Erreway&nbsp;<\/strong>el 17 de octubre.&nbsp;<\/p>\n\n\n\n<p>En el lugar ya se han confirmado siete&nbsp;<strong>eventos<\/strong>.<\/p>\n\n\n\n<p>D\u00edaz adelant\u00f3 que su intenci\u00f3n es abrir el recinto a otros productores y en los m\u00e1s de 50 mil metros disponibles se podr\u00e1n realizar otros tipos de eventos como&nbsp;<strong>ferias<\/strong>,&nbsp;<strong>congresos<\/strong>, entre otros.<\/p>\n\n\n\n<p>PUBLICIDAD<\/p>\n\n\n\n<figure class=\"wp-block-image\" id=\"m6577-6576-6578\"><img decoding=\"async\" src=\"https:\/\/listindiario.com\/files\/vertical_main_image\/uploads\/2025\/06\/03\/683fa21fbc639.png\" alt=\"Arena Santo Domingo estar\u00e1 listo en el mes de agosto y el primer concierto ser\u00e1 el de la banda argentina Erreway el 17 de octubre.\"\/><figcaption class=\"wp-element-caption\">Arena Santo Domingo estar\u00e1 listo en el mes de agosto y el primer concierto ser\u00e1 el de la banda argentina Erreway el 17 de octubre.Fuente Externa<\/figcaption><\/figure>\n\n\n\n<p>Se recuerda que el&nbsp;<strong>productor&nbsp;<\/strong>anunci\u00f3 el concierto de&nbsp;<strong>Erreway&nbsp;<\/strong>para el 17 de octubre en el mencionado lugar, aunque hasta ahora fue que ofreci\u00f3 m\u00e1s detalles al respecto.<\/p>\n","protected":false},"excerpt":{"rendered":"<p>Estar\u00e1 ubicado en la avenida Jacobo Majluta, ya se han confirmado siete eventos L.D., Santo<\/p>\n","protected":false},"author":1,"featured_media":16346,"comment_status":"open","ping_status":"open","sticky":false,"template":"","format":"standard","meta":{"footnotes":""},"categories":[11],"tags":[],"class_list":["post-16345","post","type-post","status-publish","format-standard","has-post-thumbnail","hentry","category-entretenimiento"],"_links":{"self":[{"href":"https:\/\/samantharadionline.com\/index.php\/wp-json\/wp\/v2\/posts\/16345","targetHints":{"allow":["GET"]}}],"collection":[{"href":"https:\/\/samantharadionline.com\/index.php\/wp-json\/wp\/v2\/posts"}],"about":[{"href":"https:\/\/samantharadionline.com\/index.php\/wp-json\/wp\/v2\/types\/post"}],"author":[{"embeddable":true,"href":"https:\/\/samantharadionline.com\/index.php\/wp-json\/wp\/v2\/users\/1"}],"replies":[{"embeddable":true,"href":"https:\/\/samantharadionline.com\/index.php\/wp-json\/wp\/v2\/comments?post=16345"}],"version-history":[{"count":1,"href":"https:\/\/samantharadionline.com\/index.php\/wp-json\/wp\/v2\/posts\/16345\/revisions"}],"predecessor-version":[{"id":16347,"href":"https:\/\/samantharadionline.com\/index.php\/wp-json\/wp\/v2\/posts\/16345\/revisions\/16347"}],"wp:featuredmedia":[{"embeddable":true,"href":"https:\/\/samantharadionline.com\/index.php\/wp-json\/wp\/v2\/media\/16346"}],"wp:attachment":[{"href":"https:\/\/samantharadionline.com\/index.php\/wp-json\/wp\/v2\/media?parent=16345"}],"wp:term":[{"taxonomy":"category","embeddable":true,"href":"https:\/\/samantharadionline.com\/index.php\/wp-json\/wp\/v2\/categories?post=16345"},{"taxonomy":"post_tag","embeddable":true,"href":"https:\/\/samantharadionline.com\/index.php\/wp-json\/wp\/v2\/tags?post=16345"}],"curies":[{"name":"wp","href":"https:\/\/api.w.org\/{rel}","templated":true}]}}