{"id":16241,"date":"2025-05-30T15:22:50","date_gmt":"2025-05-30T19:22:50","guid":{"rendered":"https:\/\/samantharadionline.com\/?p=16241"},"modified":"2025-05-30T15:22:51","modified_gmt":"2025-05-30T19:22:51","slug":"el-patron-se-entrega-implicado-en-el-secuestro-de-una-mujer-en-herrera","status":"publish","type":"post","link":"https:\/\/samantharadionline.com\/index.php\/2025\/05\/30\/el-patron-se-entrega-implicado-en-el-secuestro-de-una-mujer-en-herrera\/","title":{"rendered":"\u00abEl Patr\u00f3n\u00bb se entrega, implicado en el secuestro de una mujer en Herrera"},"content":{"rendered":"\n<p class=\"has-medium-font-size\"><em>Se produce dos d\u00edas despu\u00e9s del rescate de la v\u00edctima, la se\u00f1ora Magdalena Pe\u00f1a Encarnaci\u00f3n, y pocas horas despu\u00e9s de que se entregara tambi\u00e9n la pareja sentimental del detenido, Mary Ram\u00edrez Figuereo, alias \u201cLa Do\u00f1a\u201d<\/em><\/p>\n\n\n\n<p>L.D., <strong>Santo Domingo, RD<\/strong><\/p>\n\n\n\n<p>Se entreg\u00f3 la noche del jueves&nbsp;<strong>Rub\u00e9n Dar\u00edo Rodr\u00edguez Campos<\/strong>, m\u00e1s conocido como&nbsp;<strong>El Patr\u00f3n<\/strong>, se\u00f1alado como uno de los principales autores intelectuales del secuestro de una mujer ocurrido el pasado 27 de mayo en el sector&nbsp;<strong>Buenos Aires de Herrera<\/strong>, Santo Domingo Oeste.<\/p>\n\n\n\n<p>Rodr\u00edguez Campos, de 43 a\u00f1os, se present\u00f3 de manera voluntaria en el&nbsp;<strong>Destacamento&nbsp;<\/strong>Policial del municipio Villa Los Alm\u00e1cigos, provincia&nbsp;<strong>Santiago&nbsp;<\/strong>Rodr\u00edguez, acompa\u00f1ado del alcalde local Miguel \u00c1ngel Mercado y del&nbsp;<strong>sacerdote cat\u00f3lico<\/strong>&nbsp;Juan Carlos, en presencia de miembros de la prensa.<\/p>\n\n\n\n<p>La entrega se produce dos d\u00edas despu\u00e9s del rescate de la&nbsp;<strong>v\u00edctima<\/strong>, la se\u00f1ora&nbsp;<strong>Magdalena Pe\u00f1a Encarnaci\u00f3n<\/strong>, y pocas horas despu\u00e9s de que se entregara tambi\u00e9n la pareja sentimental del detenido,&nbsp;<strong>Mary Ram\u00edrez Figuereo<\/strong>, alias \u201c<strong>La Do\u00f1a<\/strong>\u201d, quien hab\u00eda sido identificada como coautora intelectual del hecho.<\/p>\n\n\n\n<p><strong>Lea tambi\u00e9n<\/strong><\/p>\n\n\n\n<p>Se recuerda que la<strong>&nbsp;Polic\u00eda Nacional&nbsp;<\/strong>hab\u00eda emitido y difundido a nivel nacional los afiches de b\u00fasqueda de ambos implicados.<\/p>\n\n\n\n<p>Durante el proceso investigativo, se determin\u00f3 que Rodr\u00edguez Campos habr\u00eda rentado el veh\u00edculo utilizado en el plagio y manten\u00eda contacto directo con otros participantes del crimen, dos de los cuales resultaron abatidos al enfrentar a agentes policiales en operativos realizados para liberar a la v\u00edctima.<\/p>\n\n\n\n<p>El caso es investigado por unidades especializadas, bajo coordinaci\u00f3n del Ministerio P\u00fablico, incluyendo elDepartamento Antisecuestro de la Direcci\u00f3n Central de Investigaci\u00f3<strong>n&nbsp;<\/strong>(<strong>DICRIM<\/strong>), la Subdirecci\u00f3n Regional Santo Domingo Oeste, el Departamento de Inteligencia Sensitiva (DIS), el Departamento Operativo II de&nbsp;<strong>Cr\u00edmenes&nbsp;<\/strong>y Delitos Contra la Propiedad y la Direcci\u00f3n Central de Inteligencia Delictiva (Dintel).<\/p>\n\n\n\n<p>El detenido figura en el sistema con estatus de \u201c<strong>pr\u00f3fugo<\/strong>\u201d por parte del&nbsp;<strong>Departamento de Antisecuestro<\/strong>, y ser\u00e1 remitido a la jurisdicci\u00f3n correspondiente para los fines legales correspondientes.<\/p>\n\n\n\n<figure class=\"wp-block-image size-full\"><img loading=\"lazy\" decoding=\"async\" width=\"422\" height=\"660\" src=\"https:\/\/samantharadionline.com\/wp-content\/uploads\/2025\/05\/image-5.png\" alt=\"\" class=\"wp-image-16243\" srcset=\"https:\/\/samantharadionline.com\/wp-content\/uploads\/2025\/05\/image-5.png 422w, https:\/\/samantharadionline.com\/wp-content\/uploads\/2025\/05\/image-5-192x300.png 192w\" sizes=\"auto, (max-width: 422px) 100vw, 422px\" \/><\/figure>\n\n\n\n<figure class=\"wp-block-image size-full\"><img loading=\"lazy\" decoding=\"async\" width=\"415\" height=\"566\" src=\"https:\/\/samantharadionline.com\/wp-content\/uploads\/2025\/05\/image-6.png\" alt=\"\" class=\"wp-image-16244\" srcset=\"https:\/\/samantharadionline.com\/wp-content\/uploads\/2025\/05\/image-6.png 415w, https:\/\/samantharadionline.com\/wp-content\/uploads\/2025\/05\/image-6-220x300.png 220w\" sizes=\"auto, (max-width: 415px) 100vw, 415px\" \/><\/figure>\n\n\n\n<figure class=\"wp-block-image size-full\"><img loading=\"lazy\" decoding=\"async\" width=\"414\" height=\"470\" src=\"https:\/\/samantharadionline.com\/wp-content\/uploads\/2025\/05\/image-7.png\" alt=\"\" class=\"wp-image-16245\" srcset=\"https:\/\/samantharadionline.com\/wp-content\/uploads\/2025\/05\/image-7.png 414w, https:\/\/samantharadionline.com\/wp-content\/uploads\/2025\/05\/image-7-264x300.png 264w\" sizes=\"auto, (max-width: 414px) 100vw, 414px\" \/><\/figure>\n","protected":false},"excerpt":{"rendered":"<p>Se produce dos d\u00edas despu\u00e9s del rescate de la v\u00edctima, la se\u00f1ora Magdalena Pe\u00f1a Encarnaci\u00f3n,<\/p>\n","protected":false},"author":1,"featured_media":16242,"comment_status":"open","ping_status":"open","sticky":false,"template":"","format":"standard","meta":{"footnotes":""},"categories":[12],"tags":[],"class_list":["post-16241","post","type-post","status-publish","format-standard","has-post-thumbnail","hentry","category-nacionales"],"_links":{"self":[{"href":"https:\/\/samantharadionline.com\/index.php\/wp-json\/wp\/v2\/posts\/16241","targetHints":{"allow":["GET"]}}],"collection":[{"href":"https:\/\/samantharadionline.com\/index.php\/wp-json\/wp\/v2\/posts"}],"about":[{"href":"https:\/\/samantharadionline.com\/index.php\/wp-json\/wp\/v2\/types\/post"}],"author":[{"embeddable":true,"href":"https:\/\/samantharadionline.com\/index.php\/wp-json\/wp\/v2\/users\/1"}],"replies":[{"embeddable":true,"href":"https:\/\/samantharadionline.com\/index.php\/wp-json\/wp\/v2\/comments?post=16241"}],"version-history":[{"count":1,"href":"https:\/\/samantharadionline.com\/index.php\/wp-json\/wp\/v2\/posts\/16241\/revisions"}],"predecessor-version":[{"id":16246,"href":"https:\/\/samantharadionline.com\/index.php\/wp-json\/wp\/v2\/posts\/16241\/revisions\/16246"}],"wp:featuredmedia":[{"embeddable":true,"href":"https:\/\/samantharadionline.com\/index.php\/wp-json\/wp\/v2\/media\/16242"}],"wp:attachment":[{"href":"https:\/\/samantharadionline.com\/index.php\/wp-json\/wp\/v2\/media?parent=16241"}],"wp:term":[{"taxonomy":"category","embeddable":true,"href":"https:\/\/samantharadionline.com\/index.php\/wp-json\/wp\/v2\/categories?post=16241"},{"taxonomy":"post_tag","embeddable":true,"href":"https:\/\/samantharadionline.com\/index.php\/wp-json\/wp\/v2\/tags?post=16241"}],"curies":[{"name":"wp","href":"https:\/\/api.w.org\/{rel}","templated":true}]}}