{"id":16225,"date":"2025-05-30T08:52:02","date_gmt":"2025-05-30T12:52:02","guid":{"rendered":"https:\/\/samantharadionline.com\/?p=16225"},"modified":"2025-05-30T08:52:03","modified_gmt":"2025-05-30T12:52:03","slug":"el-cuerpo-del-dictador-rafael-leonidas-trujillo","status":"publish","type":"post","link":"https:\/\/samantharadionline.com\/index.php\/2025\/05\/30\/el-cuerpo-del-dictador-rafael-leonidas-trujillo\/","title":{"rendered":"El cuerpo del dictador Rafael Le\u00f3nidas Trujillo"},"content":{"rendered":"\n<p class=\"has-medium-font-size\"><em>El certificado, emitido el tres de julio de 1961 por el general de brigada m\u00e9dico Francisco Gonz\u00e1lez Cruz, quien en ese entonces se desempe\u00f1aba como director del Cuerpo M\u00e9dico y Sanidad Militar, fue el primero practicado al cuerpo del temible dictador<\/em><\/p>\n\n\n\n<figure class=\"wp-block-image\"><img decoding=\"async\" src=\"https:\/\/listindiario.com\/files\/image_60_60\/uploads\/2023\/05\/16\/646389804e9f0.jpeg\" alt=\"Avatar del Shaddai Eves\"\/><\/figure>\n\n\n\n<p><em>\u00a0<\/em>Shaddai Eves <br><strong>Santo Domingo, RD<\/strong><\/p>\n\n\n\n<p>El cuerpo del dictador&nbsp;<strong>Rafael Le\u00f3nidas Trujillo<\/strong>&nbsp;Molina fue examinado al amanecer del 31 de mayo de 1961, pocas horas despu\u00e9s de ser ejecutado en la carretera que conectaba Ciudad Trujillo con la provincia San Crist\u00f3bal, la que hoy es la Autopista 30 de Mayo.<\/p>\n\n\n\n<p>Un general m\u00e9dico del propio Ej\u00e9rcito Nacional fue quien realiz\u00f3 el expediente m\u00e9dico del&nbsp;<strong>\u201cGeneral\u00edsimo\u201d<\/strong>, como se hac\u00eda llamar, de acuerdo con un documento al que tuvo acceso LIST\u00cdN DIARIO, de la Suprema Corte de Justicia de la Rep\u00fablica.<\/p>\n\n\n\n<p>El certificado, emitido el tres de julio de 1961 por el general de brigada m\u00e9dico&nbsp;<strong>Francisco Gonz\u00e1lez Cruz<\/strong>, quien en ese entonces se desempe\u00f1aba como director del Cuerpo M\u00e9dico y Sanidad Militar, fue el primero practicado al cuerpo del temible dictador.<\/p>\n\n\n\n<p>Gonz\u00e1lez Cruz no solo document\u00f3 la muerte del hombre que gobern\u00f3 el pa\u00eds por m\u00e1s de tres d\u00e9cadas, sino que revel\u00f3 con qu\u00e9 fue abatido su cuerpo.<\/p>\n\n\n\n<p>En el documento se nombra al tirano con todos sus t\u00edtulos:&nbsp;<strong>\u201cSu excelencia el general\u00edsimo doctor Rafael Le\u00f3nidas Trujillo Molina, Benefactor de la Patria y Padre de la patria Nueva\u201d<\/strong>.<\/p>\n\n\n\n<p>La revisi\u00f3n m\u00e9dica detall\u00f3 un cuerpo perforado en varios puntos.<\/p>\n\n\n\n<p>En la regi\u00f3n mentoniana, hab\u00eda una herida de bala sin orificio de salida que ocasion\u00f3 la fractura del maxilar inferior (la mand\u00edbula inferior) y la p\u00e9rdida de varias piezas dentarias.<\/p>\n\n\n\n<p><strong><em>\u201cLa herida sin duda corresponde al tiro de gracia que le dio Antonio de la Maza cuando ya Trujillo, moribundo, yac\u00eda sobre el pavimento\u201d<\/em><\/strong>, dijo el destacado pat\u00f3logo Sergio Sarita Valdez, de acuerdo con una solicitud que le formul\u00f3 el historiador Juan Daniel Balc\u00e1cer para analizar el parte m\u00e9dico.<\/p>\n\n\n\n<p>Otra herida de bala con orificio de entrada a nivel del segundo espacio intercostal izquierdo y con orificio de salida a nivel del quinto espacio intercostal izquierdo, debajo de la tetilla. La trayectoria que traz\u00f3 el proyectil fue subcut\u00e1nea.<\/p>\n\n\n\n<p>\u201cEsta herida corresponde a un disparo en el pecho que entr\u00f3 de un modo verticalizado por debajo de la clav\u00edcula izquierda y sali\u00f3 un poco inferior a la tetilla del mismo lado\u201d, dijo el pat\u00f3logo.<\/p>\n\n\n\n<p>Y agreg\u00f3:&nbsp;<em>\u201cDebi\u00f3 haberla ocasionado Antonio Imbert Barrera<\/em>&nbsp;<em>en el momento en que, tambale\u00e1ndose, Trujillo se coloc\u00f3 frente a su veh\u00edculo y el h\u00e9roe,&nbsp;<\/em>que se acercaba presto a la advertencia que poco antes hizo De la Maza en el sentido de \u201cTocayo, para all\u00e1 va uno\u201d, enfrent\u00f3 cara a cara y le dispar\u00f3 al viejo dictador en el pecho\u201d.<\/p>\n\n\n\n<p>Fue localizada por Gonz\u00e1lez Cruz otra herida de bala con orificio de entrada al nivel del s\u00e9ptimo espacio intercostal izquierdo, con orificio de salida en la cara posterior del hemit\u00f3rax izquierdo a nivel del s\u00e9ptimo espacio intercostal.<\/p>\n\n\n\n<p>\u201cImpact\u00f3 el pecho en el lado izquierdo, de frente, unos tres dedos por debajo de la tetilla correspondiente exactamente al s\u00e9ptimo espacio intercostal, saliendo por la espalda al mismo nivel que hizo la entrada, por lo que se deduce que sigui\u00f3 una direcci\u00f3n en l\u00ednea recta, aparentemente sin obst\u00e1culo \u00f3seo en su camino\u201d, dijo Sarita Valdez.<\/p>\n\n\n\n<p><em>\u201cEste fue el primer disparo hecho por Antonio de la Maza con su escopeta recortada y cargada con cartuchos, rellenos de bolas de rodamientos, especialmente confeccionados por Manuel de Ov\u00edn Filpo.<\/em>&nbsp;Al haber penetrado por la axila izquierda (recu\u00e9rdese que Trujillo iba sentado en la parte trasera con el brazo izquierdo sobre el asiento posterior), se colige que ese solo disparo debi\u00f3 tener consecuencias fatales\u201d, dijo Sarita Valdez.<\/p>\n\n\n\n<p>Un impacto m\u00e1s qued\u00f3 alojado en el hueso axilar izquierdo, a nivel de la l\u00ednea axilar, sin orificio de salida.<\/p>\n\n\n\n<p>Otro proyectil penetr\u00f3 la fosa il\u00edaca izquierda y sin orificio de salida.<\/p>\n\n\n\n<p>\u201cCorresponde a un disparo en la pelvis izquierda cerca de la ingle\u201d, especific\u00f3 el destacado galeno.<\/p>\n\n\n\n<p>Sarita Valdez indic\u00f3 que por su ubicaci\u00f3n pudo haber lesionado vasos sangu\u00edneos de gran calibre incluida la arteria aorta, las que por s\u00ed pudieron causar la muerte del sujeto.<\/p>\n\n\n\n<p><em>\u201cPudo haber sido infligida desde un \u00e1ngulo detr\u00e1s del tirano, despu\u00e9s de que est\u00e9 hubo salido del veh\u00edculo, tratando de buscar protecci\u00f3n fuera de \u00e9l.<\/em>&nbsp;Con toda seguridad, \u00e9sta herida se la provoc\u00f3 De la Maza\u201d, dijo.<\/p>\n\n\n\n<p>Una r\u00e1faga m\u00e1s entr\u00f3 al nivel de la primera falange dedo \u00edndice de la mano izquierda, con orificio de salida en la cara anterior-torci\u00f3 inferior antebrazo izquierdo.<\/p>\n\n\n\n<p>El m\u00e9dico se\u00f1al\u00f3 que la trayectoria trazada por este proyectil ocasion\u00f3 fracturas conminutas de los huesos del cuerpo, metacarpo, c\u00fabito y radio, con gran p\u00e9rdida de tejido blando.<\/p>\n\n\n\n<p><em>\u201cLa herida probablemente las recibi\u00f3 el dictador en medio de fragor del breve combate trabado entre sus atacantes y Zacar\u00edas de la Cruz\u201d<\/em>, dijo Sarita Valdez.<\/p>\n\n\n\n<p>El informe destac\u00f3 un traumatismo en la regi\u00f3n temporal, auricular y malar izquierda, con hundimiento del arco cigom\u00e1tico.<\/p>\n\n\n\n<p>\u201cCorresponden a un trauma por objeto o superficie contundente causando contusiones en el lado izquierdo del cr\u00e1neo y cara\u201d, dijo Sarita Valdez.<\/p>\n\n\n\n<p>Adem\u00e1s, puntualiz\u00f3 que&nbsp;<em>estas lesiones que presentaba el cuerpo Trujillo se debieron a su estrepitosa ca\u00edda sobre el pavimento y<\/em>&nbsp;tambi\u00e9n a los traumatismos recibidos cuando su cad\u00e1ver fue tirado en el ba\u00fal del carro en que fue conducido a la casa del general Juan Tom\u00e1s D\u00edaz.<\/p>\n\n\n\n<p>En total fueron seis r\u00e1fagas de bala las que penetraron el cuerpo del tirano.<\/p>\n\n\n\n<figure class=\"wp-block-image\" id=\"m67110-67109-67111\"><img decoding=\"async\" src=\"https:\/\/listindiario.com\/files\/vertical_main_image\/files\/fp\/uploads\/2025\/05\/29\/6838fe9916385.r_d.874-249.jpeg\" alt=\"\"\/><\/figure>\n\n\n\n<p>La herida en el hueso axilar izquierdo, a nivel de la l\u00ednea axilar sin orificio de salida, no fue descrita en el testimonio del doctor Abel Gonz\u00e1lez, quien embalsamo el cad\u00e1ver de Trujillo.&nbsp;<\/p>\n\n\n\n<p><em>\u201cRaz\u00f3n por la cual en su testimonio afirma que el cad\u00e1ver solo presentaba cinco heridas de balas\u201d<\/em>, dijo Sarita Valdez.<\/p>\n","protected":false},"excerpt":{"rendered":"<p>El certificado, emitido el tres de julio de 1961 por el general de brigada m\u00e9dico<\/p>\n","protected":false},"author":1,"featured_media":16226,"comment_status":"open","ping_status":"open","sticky":false,"template":"","format":"standard","meta":{"footnotes":""},"categories":[12],"tags":[],"class_list":["post-16225","post","type-post","status-publish","format-standard","has-post-thumbnail","hentry","category-nacionales"],"_links":{"self":[{"href":"https:\/\/samantharadionline.com\/index.php\/wp-json\/wp\/v2\/posts\/16225","targetHints":{"allow":["GET"]}}],"collection":[{"href":"https:\/\/samantharadionline.com\/index.php\/wp-json\/wp\/v2\/posts"}],"about":[{"href":"https:\/\/samantharadionline.com\/index.php\/wp-json\/wp\/v2\/types\/post"}],"author":[{"embeddable":true,"href":"https:\/\/samantharadionline.com\/index.php\/wp-json\/wp\/v2\/users\/1"}],"replies":[{"embeddable":true,"href":"https:\/\/samantharadionline.com\/index.php\/wp-json\/wp\/v2\/comments?post=16225"}],"version-history":[{"count":1,"href":"https:\/\/samantharadionline.com\/index.php\/wp-json\/wp\/v2\/posts\/16225\/revisions"}],"predecessor-version":[{"id":16227,"href":"https:\/\/samantharadionline.com\/index.php\/wp-json\/wp\/v2\/posts\/16225\/revisions\/16227"}],"wp:featuredmedia":[{"embeddable":true,"href":"https:\/\/samantharadionline.com\/index.php\/wp-json\/wp\/v2\/media\/16226"}],"wp:attachment":[{"href":"https:\/\/samantharadionline.com\/index.php\/wp-json\/wp\/v2\/media?parent=16225"}],"wp:term":[{"taxonomy":"category","embeddable":true,"href":"https:\/\/samantharadionline.com\/index.php\/wp-json\/wp\/v2\/categories?post=16225"},{"taxonomy":"post_tag","embeddable":true,"href":"https:\/\/samantharadionline.com\/index.php\/wp-json\/wp\/v2\/tags?post=16225"}],"curies":[{"name":"wp","href":"https:\/\/api.w.org\/{rel}","templated":true}]}}