{"id":16222,"date":"2025-05-29T20:06:52","date_gmt":"2025-05-30T00:06:52","guid":{"rendered":"https:\/\/samantharadionline.com\/?p=16222"},"modified":"2025-05-29T20:06:52","modified_gmt":"2025-05-30T00:06:52","slug":"someteran-a-chino-de-tienda-tras-incidente-en-operativo","status":"publish","type":"post","link":"https:\/\/samantharadionline.com\/index.php\/2025\/05\/29\/someteran-a-chino-de-tienda-tras-incidente-en-operativo\/","title":{"rendered":"Someter\u00e1n a chino de tienda tras incidente en operativo"},"content":{"rendered":"\n<p class=\"has-medium-font-size\"><em>El propietario del establecimiento es reincidente en pr\u00e1cticas de ocultamiento de personas indocumentadas, se opuso de manera violenta a la labor de los agentes<\/em><\/p>\n\n\n\n<p>L.D., <strong>Santo Domingo, R.D.\u00a0<\/strong><\/p>\n\n\n\n<p>La<strong>&nbsp;Direcci\u00f3n General de Migraci\u00f3n<\/strong>&nbsp;(<strong>DGM<\/strong>) inform\u00f3 que dispuso el sometimiento a la justicia de un ciudadano chino, propietario de la tienda&nbsp;<strong>Mudan<\/strong>, ubicada en la avenida&nbsp;<strong>Duarte&nbsp;<\/strong>de esta capital, por obstrucci\u00f3n a la labor de interdicci\u00f3n migratoria y&nbsp;<strong>agresi\u00f3n&nbsp;<\/strong>a miembros de las autoridades actuantes.<\/p>\n\n\n\n<p>Durante un operativo conjunto realizado con el apoyo de miembros de las<strong>&nbsp;Fuerzas Armadas<\/strong>&nbsp;y la Polic\u00eda Nacional,&nbsp;<strong>fueron detenidos 35 ciudadanos de nacionalidad haitiana<\/strong>, entre hombres y mujeres, quienes se encontraban laborando en condici\u00f3n migratoria&nbsp;<strong>ilegal<\/strong>.<\/p>\n\n\n\n<p>La intervenci\u00f3n se llev\u00f3 a cabo en cumplimiento de lo establecido en la Ley General de Migraci\u00f3n No.&nbsp;<strong>285-04<\/strong>, que faculta a la DGM a realizar inspecciones en centros laborales para verificar la situaci\u00f3n migratoria de los trabajadores&nbsp;<strong>extranjeros<\/strong>, con el objetivo de prevenir irregularidades y proteger el cumplimiento del marco legal vigente.<\/p>\n\n\n\n<p>Seg\u00fan detall\u00f3 la instituci\u00f3n, el propietario del establecimiento es reincidente en pr\u00e1cticas de&nbsp;<strong>ocultamiento de personas indocumentadas<\/strong>, se opuso de manera violenta a la labor de los agentes, incitando a sus empleados a la&nbsp;<strong>agresi\u00f3n&nbsp;<\/strong>y profiriendo expresiones ofensivas contra las autoridades. Como resultado del incidente, varios agentes<strong>&nbsp;resultaron lesionados<\/strong>.<\/p>\n\n\n\n<p>\u201cAnte la&nbsp;<strong>agresividad&nbsp;<\/strong>del entorno, los actuantes se vieron en la obligaci\u00f3n de aplicar t\u00e9cnicas de control y uso racional de la fuerza, a fin de preservar el orden y la integridad f\u00edsica de los presentes. No obstante,&nbsp;<strong>debido a la intensidad de las agresiones, no fue posible la detenci\u00f3n inmediata<\/strong>&nbsp;del propietario, optando las autoridades por retirarse moment\u00e1neamente para evitar una escalada de violencia con consecuencias mayores\u201d, dijo la entidad.<\/p>\n\n\n\n<p>La Direcci\u00f3n General de Migraci\u00f3n reiter\u00f3 su compromiso con el fortalecimiento del Estado de derecho y la aplicaci\u00f3n estricta de la normativa migratoria, al tiempo que exhorta a los empleadores a respetar las disposiciones legalesen materia de contrataci\u00f3n de<strong>&nbsp;mano de obra extranjera<\/strong>.&nbsp;<\/p>\n\n\n\n<p>Agreg\u00f3 que la presencia de personas en situaci\u00f3n migratoria irregular no solo constituye una falta al marco normativo, sino que tambi\u00e9n propicia escenarios de&nbsp;<strong>vulnerabilidad&nbsp;<\/strong>laboral y evasi\u00f3n de responsabilidades legales y fiscales.<\/p>\n","protected":false},"excerpt":{"rendered":"<p>El propietario del establecimiento es reincidente en pr\u00e1cticas de ocultamiento de personas indocumentadas, se opuso<\/p>\n","protected":false},"author":1,"featured_media":16223,"comment_status":"open","ping_status":"open","sticky":false,"template":"","format":"standard","meta":{"footnotes":""},"categories":[12],"tags":[],"class_list":["post-16222","post","type-post","status-publish","format-standard","has-post-thumbnail","hentry","category-nacionales"],"_links":{"self":[{"href":"https:\/\/samantharadionline.com\/index.php\/wp-json\/wp\/v2\/posts\/16222","targetHints":{"allow":["GET"]}}],"collection":[{"href":"https:\/\/samantharadionline.com\/index.php\/wp-json\/wp\/v2\/posts"}],"about":[{"href":"https:\/\/samantharadionline.com\/index.php\/wp-json\/wp\/v2\/types\/post"}],"author":[{"embeddable":true,"href":"https:\/\/samantharadionline.com\/index.php\/wp-json\/wp\/v2\/users\/1"}],"replies":[{"embeddable":true,"href":"https:\/\/samantharadionline.com\/index.php\/wp-json\/wp\/v2\/comments?post=16222"}],"version-history":[{"count":1,"href":"https:\/\/samantharadionline.com\/index.php\/wp-json\/wp\/v2\/posts\/16222\/revisions"}],"predecessor-version":[{"id":16224,"href":"https:\/\/samantharadionline.com\/index.php\/wp-json\/wp\/v2\/posts\/16222\/revisions\/16224"}],"wp:featuredmedia":[{"embeddable":true,"href":"https:\/\/samantharadionline.com\/index.php\/wp-json\/wp\/v2\/media\/16223"}],"wp:attachment":[{"href":"https:\/\/samantharadionline.com\/index.php\/wp-json\/wp\/v2\/media?parent=16222"}],"wp:term":[{"taxonomy":"category","embeddable":true,"href":"https:\/\/samantharadionline.com\/index.php\/wp-json\/wp\/v2\/categories?post=16222"},{"taxonomy":"post_tag","embeddable":true,"href":"https:\/\/samantharadionline.com\/index.php\/wp-json\/wp\/v2\/tags?post=16222"}],"curies":[{"name":"wp","href":"https:\/\/api.w.org\/{rel}","templated":true}]}}