{"id":16218,"date":"2025-05-29T16:52:12","date_gmt":"2025-05-29T20:52:12","guid":{"rendered":"https:\/\/samantharadionline.com\/?p=16218"},"modified":"2025-05-29T16:52:12","modified_gmt":"2025-05-29T20:52:12","slug":"se-activa-la-busqueda-de-el-patron-y-la-dona-presuntos-autores-intelectuales-de-secuestro-en-sdo","status":"publish","type":"post","link":"https:\/\/samantharadionline.com\/index.php\/2025\/05\/29\/se-activa-la-busqueda-de-el-patron-y-la-dona-presuntos-autores-intelectuales-de-secuestro-en-sdo\/","title":{"rendered":"Se activa la b\u00fasqueda de El Patr\u00f3n y La Do\u00f1a, presuntos autores intelectuales de secuestro en SDO"},"content":{"rendered":"\n<p class=\"has-medium-font-size\"><em>Rub\u00e9n Dar\u00edo Rodr\u00edguez Campos, de 43 a\u00f1os, conocido como \u201cEl Patr\u00f3n\u201d y Mary Ram\u00edrez Figuereo, de 44 a\u00f1os, al\u00edas \u201cLa Do\u00f1a\u201d<\/em><\/p>\n\n\n\n<p><strong>Santo Domingo, RD<\/strong><\/p>\n\n\n\n<p>La\u00a0<strong>Polic\u00eda Nacional\u00a0<\/strong>inform\u00f3 que activ\u00f3 la b\u00fasqueda de dos personas se\u00f1aladas como presuntos autores intelectuales del secuestro de\u00a0<strong>Magdalena Pe\u00f1a Encarnaci\u00f3n,<\/strong>\u00a0ocurrido el 27 de mayo en Santo Domingo Oeste.<\/p>\n\n\n\n<p>Se trata de Rub\u00e9n Dar\u00edo Rodr\u00edguez Campos, de 43 a\u00f1os, conocido como&nbsp;<strong>\u201cEl Patr\u00f3n\u201d y Mary Ram\u00edrez Figuereo, de 44 a\u00f1os<\/strong>,<strong>&nbsp;al\u00edas \u201cLa Do\u00f1a\u201d.<\/strong><\/p>\n\n\n\n<p>La Polic\u00eda inform\u00f3 a trav\u00e9s de un comunicado que las labores de b\u00fasqueda est\u00e1n a cargo de la&nbsp;<strong>Direcci\u00f3n Central de Investigaci\u00f3n (Dicrim),<\/strong>&nbsp;cuyos agentes trabajan de manera continua para localizar y capturar a los implicados, quienes se encuentran pr\u00f3fugos y son considerados altamente peligrosos, ya que se presume andan fuertemente armados.<\/p>\n\n\n\n<p>Ambos son activamente buscados por las autoridades judiciales y policiales, por la investigaci\u00f3n que procura esclarecer totalmente el hecho, y garantizar que los responsables enfrenten las consecuencias legales correspondientes.<\/p>\n\n\n\n<p>PUBLICIDAD<\/p>\n\n\n\n<p>Precisan que Rodr\u00edguez Campos particip\u00f3 en el secuestro y la se\u00f1ora Mary Ram\u00edrez Figuereo habr\u00eda participado en la planificaci\u00f3n tras&nbsp;<strong>haber sido despedida por Magdalena Pe\u00f1a Encarnaci\u00f3n hace aproximadamente un mes.<\/strong><\/p>\n\n\n\n<p>Por este caso registrado en el residencial Luz Divina, ubicado en el sector Buenos Aires de Herrera, municipio Santo Domingo Oeste, las autoridades se\u00f1alaron a Rub\u00e9n Dar\u00edo Rodr\u00edguez B\u00e1ez (detenido), de 22.<\/p>\n\n\n\n<p>Mientras que fueron abatidos<strong>&nbsp;Jes\u00fas Enmanuel B\u00e1ez<\/strong>&nbsp;(fallecido), de 27 a\u00f1os; Waly Daniel Adames (fallecido), todos se\u00f1alados como los responsables de ejecutar el rapto de la dama.<\/p>\n\n\n\n<p>Los cuatro, a bordo de un veh\u00edculo marca Kia, modelo K5, color gris, sin placa, exigieron posteriormente al esposo de la dama la suma de RD$ 3,000,000.00 a cambio de su liberaci\u00f3n.<\/p>\n","protected":false},"excerpt":{"rendered":"<p>Rub\u00e9n Dar\u00edo Rodr\u00edguez Campos, de 43 a\u00f1os, conocido como \u201cEl Patr\u00f3n\u201d y Mary Ram\u00edrez Figuereo,<\/p>\n","protected":false},"author":1,"featured_media":16219,"comment_status":"open","ping_status":"open","sticky":false,"template":"","format":"standard","meta":{"footnotes":""},"categories":[12],"tags":[],"class_list":["post-16218","post","type-post","status-publish","format-standard","has-post-thumbnail","hentry","category-nacionales"],"_links":{"self":[{"href":"https:\/\/samantharadionline.com\/index.php\/wp-json\/wp\/v2\/posts\/16218","targetHints":{"allow":["GET"]}}],"collection":[{"href":"https:\/\/samantharadionline.com\/index.php\/wp-json\/wp\/v2\/posts"}],"about":[{"href":"https:\/\/samantharadionline.com\/index.php\/wp-json\/wp\/v2\/types\/post"}],"author":[{"embeddable":true,"href":"https:\/\/samantharadionline.com\/index.php\/wp-json\/wp\/v2\/users\/1"}],"replies":[{"embeddable":true,"href":"https:\/\/samantharadionline.com\/index.php\/wp-json\/wp\/v2\/comments?post=16218"}],"version-history":[{"count":1,"href":"https:\/\/samantharadionline.com\/index.php\/wp-json\/wp\/v2\/posts\/16218\/revisions"}],"predecessor-version":[{"id":16220,"href":"https:\/\/samantharadionline.com\/index.php\/wp-json\/wp\/v2\/posts\/16218\/revisions\/16220"}],"wp:featuredmedia":[{"embeddable":true,"href":"https:\/\/samantharadionline.com\/index.php\/wp-json\/wp\/v2\/media\/16219"}],"wp:attachment":[{"href":"https:\/\/samantharadionline.com\/index.php\/wp-json\/wp\/v2\/media?parent=16218"}],"wp:term":[{"taxonomy":"category","embeddable":true,"href":"https:\/\/samantharadionline.com\/index.php\/wp-json\/wp\/v2\/categories?post=16218"},{"taxonomy":"post_tag","embeddable":true,"href":"https:\/\/samantharadionline.com\/index.php\/wp-json\/wp\/v2\/tags?post=16218"}],"curies":[{"name":"wp","href":"https:\/\/api.w.org\/{rel}","templated":true}]}}