{"id":16206,"date":"2025-05-29T08:33:16","date_gmt":"2025-05-29T12:33:16","guid":{"rendered":"https:\/\/samantharadionline.com\/?p=16206"},"modified":"2025-05-29T08:33:16","modified_gmt":"2025-05-29T12:33:16","slug":"elon-musk-sale-del-gobierno-de-trump","status":"publish","type":"post","link":"https:\/\/samantharadionline.com\/index.php\/2025\/05\/29\/elon-musk-sale-del-gobierno-de-trump\/","title":{"rendered":"Elon Musk sale del Gobierno de Trump"},"content":{"rendered":"\n<p class=\"has-medium-font-size\"><em>Musk critic\u00f3 el nombrado por Trump &#8216;Gran y hermoso proyecto de ley&#8217;, aprobado por la C\u00e1mara de Representantes la semana pasada<\/em><\/p>\n\n\n\n<figure class=\"wp-block-image\"><img decoding=\"async\" src=\"https:\/\/listindiario.com\/files\/image_60_60\/uploads\/2023\/05\/23\/646cd02f4f53e.jpeg\" alt=\"Avatar del Agencia EFE\"\/><\/figure>\n\n\n\n<p><em>\u00a0<\/em>Agencia EFE, <strong>Nueva York, Estados Unidos<\/strong><\/p>\n\n\n\n<p>El&nbsp;<strong>magnate Elon Musk<\/strong>&nbsp;anunci\u00f3 este mi\u00e9rcoles su salida del&nbsp;<strong>Gobierno de Donald Trump,<\/strong>&nbsp;tras expresar \u00ab<strong>decepci\u00f3n<\/strong>\u00bb por el megaproyecto fiscal y presupuestario del republicano, que &#8211; seg\u00fan dijo- \u00absocava\u00bb su trabajo como&nbsp;<strong>asesor de eficiencia.<\/strong><\/p>\n\n\n\n<p>\u00abAhora que mi tiempo programado como&nbsp;<strong>Empleado gubernamental&nbsp;<\/strong>especial llega a su fin, quiero dar las&nbsp;<strong>gracias al presidente Donald Trump<\/strong>&nbsp;por la oportunidad de reducir el gasto despilfarrador\u00bb, dijo Musk -esta noche- en un breve mensaje en su cuenta de X.<\/p>\n\n\n\n<figure class=\"wp-block-image size-full\"><img loading=\"lazy\" decoding=\"async\" width=\"722\" height=\"440\" src=\"https:\/\/samantharadionline.com\/wp-content\/uploads\/2025\/05\/image-4.png\" alt=\"\" class=\"wp-image-16208\" srcset=\"https:\/\/samantharadionline.com\/wp-content\/uploads\/2025\/05\/image-4.png 722w, https:\/\/samantharadionline.com\/wp-content\/uploads\/2025\/05\/image-4-300x183.png 300w, https:\/\/samantharadionline.com\/wp-content\/uploads\/2025\/05\/image-4-720x440.png 720w\" sizes=\"auto, (max-width: 722px) 100vw, 722px\" \/><\/figure>\n\n\n\n<p>El empresario agreg\u00f3 que la misi\u00f3n del&nbsp;<strong>Departamento de Eficiencia Gubernamental (<a href=\"https:\/\/listindiario.com\/puntos-de-vista\/20250221\/elon-musk-doge-batalla-supervision_846511.html\" target=\"_blank\" rel=\"noreferrer noopener\">DOGE<\/a>),<\/strong>&nbsp;una iniciativa enfocada en reducir la burocracia y el gasto federal, \u00abse fortalecer\u00e1 con el tiempo, a medida que se convierte en un modo de vida en todo el Gobierno\u00bb.<\/p>\n\n\n\n<p><strong>Musk<\/strong>, en los \u00faltimos d\u00edas, ya hab\u00eda adelantado que&nbsp;<strong>se propon\u00eda dejar el Gobierno<\/strong>&nbsp;y centrarse en sus empresas, especialmente en la aeroespacial SpaceX, que ayer hizo su noveno lanzamiento de prueba de un cohete con la meta de que la humanidad llegue a Marte.<\/p>\n\n\n\n<figure class=\"wp-block-image\" id=\"m62018-62017-62019\"><img decoding=\"async\" src=\"https:\/\/listindiario.com\/files\/vertical_main_image\/files\/fp\/uploads\/2025\/03\/21\/67de12c144bd8.r_d.1948-526.jpeg\" alt=\"Donald Trump y Elon Musk bajan del Air Force One tras llegar al Aeropuerto Municipal de Morristown, en Morristown, Nueva Jersey, el 22 de marzo de 2025\"\/><figcaption class=\"wp-element-caption\">Donald Trump y Elon Musk bajan del Air Force One tras llegar al Aeropuerto Municipal de Morristown, en Morristown, Nueva Jersey, el 22 de marzo de 2025Brendan SMIALOWSKI\/AFP<\/figcaption><\/figure>\n\n\n\n<p>Precisamente, el multimillonario fundador de Tesla ofreci\u00f3 el martes una entrevista, durante el lanzamiento del cohete, al programa CBS Sunday Morning, que hoy public\u00f3 fragmentos de adelanto a su transmisi\u00f3n el pr\u00f3ximo domingo, en la que este expresaba \u00abdecepci\u00f3n\u00bb.<\/p>\n\n\n\n<p><strong>Lea tambi\u00e9n<\/strong><\/p>\n\n\n\n<p>Musk critic\u00f3 el nombrado por&nbsp;<strong>Trump &#8216;Gran y hermoso proyecto de ley&#8217;<\/strong>, aprobado por la C\u00e1mara de Representantes la semana pasada y enviado al Senado estadounidense para su discusi\u00f3n.<\/p>\n\n\n\n<p>\u00abFrancamente, me decepcion\u00f3 ver el enorme proyecto de ley de gastos, que aumenta el d\u00e9ficit presupuestario, no solo no lo reduce, y socava el trabajo que est\u00e1 realizando el&nbsp;<strong>equipo de DOGE<\/strong>\u00ab, declar\u00f3 Musk en un fragmento del programa.<\/p>\n\n\n\n<p>Este fin de semana, el&nbsp;<strong>magnate&nbsp;<\/strong>tambi\u00e9n hab\u00eda adelantado que pensaba dejar de lado la pol\u00edtica, al relatar en X que estaba pasando todo su tiempo trabajando y durmiendo en \u00absalas de conferencias, servidores y f\u00e1bricas\u00bb y que quer\u00eda estar \u00abs\u00faper centrado en X, xAI y Tesla\u00bb.<\/p>\n","protected":false},"excerpt":{"rendered":"<p>Musk critic\u00f3 el nombrado por Trump &#8216;Gran y hermoso proyecto de ley&#8217;, aprobado por la<\/p>\n","protected":false},"author":1,"featured_media":16207,"comment_status":"open","ping_status":"open","sticky":false,"template":"","format":"standard","meta":{"footnotes":""},"categories":[4],"tags":[],"class_list":["post-16206","post","type-post","status-publish","format-standard","has-post-thumbnail","hentry","category-mundiales"],"_links":{"self":[{"href":"https:\/\/samantharadionline.com\/index.php\/wp-json\/wp\/v2\/posts\/16206","targetHints":{"allow":["GET"]}}],"collection":[{"href":"https:\/\/samantharadionline.com\/index.php\/wp-json\/wp\/v2\/posts"}],"about":[{"href":"https:\/\/samantharadionline.com\/index.php\/wp-json\/wp\/v2\/types\/post"}],"author":[{"embeddable":true,"href":"https:\/\/samantharadionline.com\/index.php\/wp-json\/wp\/v2\/users\/1"}],"replies":[{"embeddable":true,"href":"https:\/\/samantharadionline.com\/index.php\/wp-json\/wp\/v2\/comments?post=16206"}],"version-history":[{"count":1,"href":"https:\/\/samantharadionline.com\/index.php\/wp-json\/wp\/v2\/posts\/16206\/revisions"}],"predecessor-version":[{"id":16209,"href":"https:\/\/samantharadionline.com\/index.php\/wp-json\/wp\/v2\/posts\/16206\/revisions\/16209"}],"wp:featuredmedia":[{"embeddable":true,"href":"https:\/\/samantharadionline.com\/index.php\/wp-json\/wp\/v2\/media\/16207"}],"wp:attachment":[{"href":"https:\/\/samantharadionline.com\/index.php\/wp-json\/wp\/v2\/media?parent=16206"}],"wp:term":[{"taxonomy":"category","embeddable":true,"href":"https:\/\/samantharadionline.com\/index.php\/wp-json\/wp\/v2\/categories?post=16206"},{"taxonomy":"post_tag","embeddable":true,"href":"https:\/\/samantharadionline.com\/index.php\/wp-json\/wp\/v2\/tags?post=16206"}],"curies":[{"name":"wp","href":"https:\/\/api.w.org\/{rel}","templated":true}]}}