{"id":16200,"date":"2025-05-29T08:25:37","date_gmt":"2025-05-29T12:25:37","guid":{"rendered":"https:\/\/samantharadionline.com\/?p=16200"},"modified":"2025-05-29T08:25:38","modified_gmt":"2025-05-29T12:25:38","slug":"generalisimo-hacia-la-muerte-de-rafael-trujillo-molina","status":"publish","type":"post","link":"https:\/\/samantharadionline.com\/index.php\/2025\/05\/29\/generalisimo-hacia-la-muerte-de-rafael-trujillo-molina\/","title":{"rendered":"\u201cGeneral\u00edsimo\u201d, hacia la muerte de Rafael Trujillo Molina"},"content":{"rendered":"\n<p class=\"has-medium-font-size\"><em>Ma\u00f1ana viernes 30 se cumplen 64 a\u00f1os de su ajusticiamiento en la hoy Autopista del 30 de Mayo<\/em><\/p>\n\n\n\n<figure class=\"wp-block-image\"><img decoding=\"async\" src=\"https:\/\/listindiario.com\/files\/image_60_60\/uploads\/2023\/05\/16\/646389804e9f0.jpeg\" alt=\"Avatar del Shaddai Eves\"\/><\/figure>\n\n\n\n<p><em>\u00a0<\/em>Shaddai Evess, <strong>Santo Domingo, RD<\/strong><\/p>\n\n\n\n<p>El 30 de mayo de 1961 fue martes. El d\u00eda en Ciudad Trujillo amaneci\u00f3 como cualquier otro para&nbsp;<strong>Rafael Leonidas Trujillo Molina<\/strong>. Nada en el aire suger\u00eda que el dictador, que por m\u00e1s de 30 a\u00f1os gobern\u00f3 Rep\u00fablica Dominicana con mano de hierro, estaba viviendo sus \u00faltimas horas. Nadie, excepto un grupo de conspiradores, sab\u00eda que ese d\u00eda cambiar\u00eda la historia del pa\u00eds.<\/p>\n\n\n\n<figure class=\"wp-block-image\" id=\"m32088-32087-32089\"><img decoding=\"async\" src=\"https:\/\/listindiario.com\/files\/vertical_main_image\/uploads\/2025\/05\/28\/683767d2e0585.jpeg\" alt=\"Fotograf\u00eda panor\u00e1mica de la llamada Ciudad Trujillo, nombre que le puso el dictador Rafael Leonidas Trujillo a la capital dominicana.\"\/><figcaption class=\"wp-element-caption\">Fotograf\u00eda panor\u00e1mica de la llamada Ciudad Trujillo, nombre que le puso el dictador Rafael Leonidas Trujillo a la capital dominicana.Archivo General de la Naci\u00f3n (AGN)<\/figcaption><\/figure>\n\n\n\n<p>Trujillo se levant\u00f3 temprano como era de costumbre.<\/p>\n\n\n\n<p>\u201c<em>Trujillo era una persona muy disciplinada en sus actividades y ten\u00eda una rutina diaria.&nbsp;<\/em>Ese d\u00eda, como cualquier otro d\u00eda, se levant\u00f3 cerca de las 5:00 de la madrugada. Eso era casi una costumbre\u201d, relat\u00f3 el historiador Juan Daniel Balc\u00e1cer en entrevista con LIST\u00cdN DIARIO, por el 64 aniversario del ajusticiamiento del tirano.<\/p>\n\n\n\n<p>PUBLICIDAD<\/p>\n\n\n\n<p>El general\u00edsimo revis\u00f3 los informes que diariamente le suministraba su servicio de inteligencia militar en su residencia oficial, conocida como la<strong>&nbsp;Estancia Rhadam\u00e9s<\/strong>, ubicada en lo que hoy es la&nbsp;<strong>Plaza de la Cultura Juan Pablo Duarte<\/strong>, donde m\u00e1s tarde se construir\u00eda la<em>&nbsp;Biblioteca Nacional<\/em>.<\/p>\n\n\n\n<p>Luego, se dirigi\u00f3 al&nbsp;<strong>Palacio Nacional<\/strong>.<\/p>\n\n\n\n<figure class=\"wp-block-image\" id=\"m32100-32099-32101\"><img decoding=\"async\" src=\"https:\/\/listindiario.com\/files\/vertical_main_image\/uploads\/2025\/05\/28\/68376a5c7fa20.jpeg\" alt=\"Fotograf\u00eda muestra el Palacio Nacional, de Ciudad Trujillo, \u00e9poca del dictador Rafael Leonidas Trujillo.\"\/><figcaption class=\"wp-element-caption\">Fotograf\u00eda muestra el Palacio Nacional, de Ciudad Trujillo, \u00e9poca del dictador Rafael Leonidas Trujillo.Archivo General de la Naci\u00f3n (AGN)<\/figcaption><\/figure>\n\n\n\n<p>A las 9:00 de la ma\u00f1ana, el&nbsp;<em>\u201cBenefactor de la Patria\u201d<\/em>, despachaba asuntos de Estado y recibi\u00f3 para una reuni\u00f3n a&nbsp;<strong>Virgilio \u00c1lvarez Pina<\/strong>, mejor conocido como&nbsp;<em>\u201cDon Chucho\u201d<\/em>, un colaborador muy cercano y que hab\u00eda ocupado distintos cargos como el de Tesoro y Comercio, en 1941. Adem\u00e1s, fue presidente de la Junta Central Directiva del Partido Dominicano, la \u00fanica organizaci\u00f3n pol\u00edtica que existi\u00f3 durante la dictadura.<\/p>\n\n\n\n<figure class=\"wp-block-image\" id=\"m32112-32111-32113\"><img decoding=\"async\" src=\"https:\/\/listindiario.com\/files\/vertical_main_image\/uploads\/2025\/05\/28\/68376ba4f3a1f.jpeg\" alt=\"Fotograf\u00eda muestra a Virgilio &quot;Chucho \u00c1lvarez Pina&quot; junto al dictador Rafael Leonidas Trujillo Molina.\"\/><figcaption class=\"wp-element-caption\">Fotograf\u00eda muestra a Virgilio \u00abChucho \u00c1lvarez Pina\u00bb junto al dictador Rafael Leonidas Trujillo Molina.<\/figcaption><\/figure>\n\n\n\n<p>Cont\u00f3 Balc\u00e1cer que a las 10:00 de la ma\u00f1ana, Trujillo parti\u00f3 hacia la&nbsp;<em>\u201cAviaci\u00f3n\u201d<\/em>, hoy&nbsp;<strong>Base A\u00e9rea de San Isidro<\/strong>, acompa\u00f1ado del entonces jefe de la Polic\u00eda, el coronel&nbsp;<strong>Marcos Jorge Moreno<\/strong>.<\/p>\n\n\n\n<p><em><strong>\u201cDe esa ma\u00f1ana \u00e9l est\u00e1 registrado documentalmente que cerca de la media ma\u00f1ana fue a la Base A\u00e9rea\u2026<\/strong>&nbsp;<\/em>entonces le dec\u00edan la Aviaci\u00f3n, hizo una inspecci\u00f3n y regres\u00f3 a Palacio\u201d, confirm\u00f3 el historiador Balc\u00e1cer.<\/p>\n\n\n\n<figure class=\"wp-block-image\" id=\"m32124-32123-32125\"><img decoding=\"async\" src=\"https:\/\/listindiario.com\/files\/vertical_main_image\/uploads\/2025\/05\/28\/68376cd946be4.jpeg\" alt=\"Fotograf\u00eda muestra a la &quot;Aviaci\u00f3n&quot;, hoy Base A\u00e9rea de San Isidro, en los a\u00f1os 60 cuando a\u00fan estaba en el gobierno el dictador Rafael Leonidas Trujillo Molina.\"\/><figcaption class=\"wp-element-caption\">Fotograf\u00eda muestra a la \u00abAviaci\u00f3n\u00bb, hoy Base A\u00e9rea de San Isidro, en los a\u00f1os 60 cuando a\u00fan estaba en el gobierno el dictador Rafael Leonidas Trujillo Molina.Fuerza A\u00e9rea de Rep\u00fablica Dominicana (FARD)<\/figcaption><\/figure>\n\n\n\n<p>Al mediod\u00eda, cuando concluy\u00f3 en la Base A\u00e9rea,&nbsp;<em>\u201cEl Jefe\u201d<\/em>&nbsp;almorzaba en el Palacio Nacional con varios colaboradores.<\/p>\n\n\n\n<p><strong>\u201cAlmorz\u00f3 en Palacio. Era rutinario de \u00e9l, pero ten\u00eda un invitado estadounidense que era un amigo,&nbsp;<\/strong>o sea, que era un almuerzo de trabajo, no era nada extraordinario\u201d, coment\u00f3 el historiador Balc\u00e1cer.<\/p>\n\n\n\n<p>Indic\u00f3 que uno de los colaboradores que particip\u00f3 en el almuerzo se enter\u00f3 que iba esa noche para San Crist\u00f3bal.<\/p>\n\n\n\n<p><em>\u201cY ese colaborador se llamaba Miguel \u00c1ngel B\u00e1ez D\u00edaz,<\/em>&nbsp;servidor p\u00fablico, pol\u00edtico y conspirador encubierto\u201d, indic\u00f3.<\/p>\n\n\n\n<figure class=\"wp-block-image\" id=\"m32136-32135-32137\"><img decoding=\"async\" src=\"https:\/\/listindiario.com\/files\/vertical_main_image\/uploads\/2025\/05\/28\/68377277e04fa.png\" alt=\"Fotograf\u00eda muestra al complotado Miguel \u00c1ngel B\u00e1ez D\u00edaz.\"\/><figcaption class=\"wp-element-caption\">Fotograf\u00eda muestra al complotado Miguel \u00c1ngel B\u00e1ez D\u00edaz.sustra\u00edda del libro \u00abEl complot que Tumb\u00f3 al Jefe\u00bb, del autor Eduardo Garc\u00eda Michel<\/figcaption><\/figure>\n\n\n\n<p>Balc\u00e1cer dijo que a las 1:30 de la tarde, Trujillo se pase\u00f3 por la&nbsp;<strong>Estancia Ramfis<\/strong>, entre la avenida Independencia y la avenida George Washington, en el Malec\u00f3n. Actualmente, la propiedad es sede de la Canciller\u00eda.<\/p>\n\n\n\n<figure class=\"wp-block-image\" id=\"m32148-32147-32149\"><img decoding=\"async\" src=\"https:\/\/listindiario.com\/files\/vertical_main_image\/uploads\/2025\/05\/28\/68376e42b56ab.jpeg\" alt=\"Fotograf\u00eda muestra la entrada a la Estancia Ranfis, hoy sede de la Canciller\u00eda dominicana.\"\/><figcaption class=\"wp-element-caption\">Fotograf\u00eda muestra la entrada a la Estancia Ranfis, en la \u00e9poca del dictador Rafael Leonidas Trujillo Molina. Hoy es sede de la Canciller\u00eda Dominicana.Archivo General de la Naci\u00f3n (AGN)<\/figcaption><\/figure>\n\n\n\n<figure class=\"wp-block-image\" id=\"m32160-32159-32161\"><img decoding=\"async\" src=\"https:\/\/listindiario.com\/files\/vertical_main_image\/uploads\/2025\/05\/28\/68376f0153c8a.jpeg\" alt=\"Fotograf\u00eda muestra el interior de la Estancia Ranfis, en la \u00e9poca del dictador Rafael Leonidas Trujillo Molina.\"\/><figcaption class=\"wp-element-caption\">Fotograf\u00eda muestra el interior de la Estancia Ranfis, en la \u00e9poca del dictador Rafael Leonidas Trujillo Molina.Archivo General de la Naci\u00f3n (AGN)<\/figcaption><\/figure>\n\n\n\n<p>M\u00e1s tarde, a las 5:00, el dictador estaba de vuelta en el Palacio Nacional. Seg\u00fan Balc\u00e1cer sostuvo una reuni\u00f3n con&nbsp;<strong>Joaqu\u00edn Balaguer<\/strong>.&nbsp;Adem\u00e1s, llam\u00f3 a su colaborador cercano&nbsp;<strong>\u00c1lvarez Pina<\/strong>, quien qued\u00f3 con el conocimiento de que en la noche se trasladar\u00eda hacia la&nbsp;<strong>Hacienda Fundaci\u00f3n<\/strong>.<\/p>\n\n\n\n<figure class=\"wp-block-image\" id=\"m32172-32171-32173\"><img decoding=\"async\" src=\"https:\/\/listindiario.com\/files\/vertical_main_image\/uploads\/2025\/05\/28\/6837712e6d195.jpeg\" alt=\"Fotograf\u00eda muestra a Joaqu\u00edn Balaguer, cuando era secretario de Estado del Dictador Rafael Leonidas Trujillo Molina.\"\/><figcaption class=\"wp-element-caption\">Fotograf\u00eda muestra al doctor Joaqu\u00edn Balaguer, cuando era secretario de Estado de la Presidencia en el gobierno del dictador Rafael Leonidas Trujillo Molina.Archivo General de la Naci\u00f3n (AGN)<\/figcaption><\/figure>\n\n\n\n<p>\u201cBalaguer se refiere a ese episodio y hablaban de cosas rutinarias. Era, imag\u00ednese, 30 a\u00f1os gobernando, no hab\u00eda ning\u00fan peligro inminente de invasi\u00f3n ni nada por el estilo, como dec\u00edan ellos. El r\u00e9gimen se tambaleaba, quiz\u00e1s \u00e9l, Trujillo, supon\u00eda que pod\u00eda salir airoso porque estaba sometido a unas sanciones econ\u00f3micas y pol\u00edticas de parte de la Organizaci\u00f3n de Estados Americanos (OEA), luego del esc\u00e1ndalo del atentado contra R\u00f3mulo Betancourt, en Venezuela. Y el pa\u00eds pasaba por estrecheces econ\u00f3micas notables, la poblaci\u00f3n lo sent\u00eda. Pero en Un Cortesano en la Era de Trujillo, Balaguer se refiere a esa conversaci\u00f3n y dice que fue una conversaci\u00f3n rutinaria. Sin embargo, da a entender que habiendo sido esa su \u00faltima conversaci\u00f3n con Trujillo,&nbsp;<strong>advirti\u00f3 \u00e9l cierta actitud<\/strong>,&nbsp;<strong>digamos como de despedida, si se quiere.&nbsp;<\/strong>Pero eso son reflexiones que solemos hacer los seres humanos cuando ya el otro no est\u00e1 y entonces uno comienza a atar cabos\u201d, explic\u00f3 Balc\u00e1cer.<\/p>\n\n\n\n<p>A las 5:00 de la tarde,&nbsp;<strong>B\u00e1ez D\u00edaz&nbsp;<\/strong>llam\u00f3 por tel\u00e9fono a Antonio de la Maza, uno de los principales conspiradores, para informarle del inminente viaje del tirano. Fue el impulso que los conjurados necesitaban: reunir\u00edan al grupo esa misma tarde para ejecutar el plan.<\/p>\n\n\n\n<p><strong>\u201cDesde que Antonio de la Maza recibi\u00f3 esa informaci\u00f3n, a las 5:00 de la tarde,&nbsp;<\/strong>comenz\u00f3 a reunir a todo el que estuviera en la capital para llevar a cabo el ajusticiamiento\u201d, dijo Balc\u00e1cer.<\/p>\n\n\n\n<figure class=\"wp-block-image\" id=\"m32184-32183-32185\"><img decoding=\"async\" src=\"https:\/\/listindiario.com\/files\/vertical_main_image\/uploads\/2025\/05\/28\/683775baacbe3.jpeg\" alt=\"Fotograf\u00eda muestra conjurado Antonio de la Maza.\"\/><figcaption class=\"wp-element-caption\">Fotograf\u00eda muestra conjurado Antonio de la Maza.sustra\u00edda del libro \u00abEl complot que Tumb\u00f3 al Jefe\u00bb, del autor Eduardo Garc\u00eda Michel<\/figcaption><\/figure>\n\n\n\n<p>Trujillo, ajeno al destino que le aguardaba, mantuvo su rutina. A las 7:00 de la noche, visit\u00f3 a su madre,&nbsp;<strong>Julia Molina<\/strong>, en su residencia de la avenida M\u00e1ximo G\u00f3mez con M\u00e9xico, donde hoy funciona la&nbsp;<strong>Universidad APEC<\/strong>, realizando posteriormente su caminata habitual de las tardes, seg\u00fan Balc\u00e1cer.<\/p>\n\n\n\n<figure class=\"wp-block-image\" id=\"m32196-32195-32197\"><img decoding=\"async\" src=\"https:\/\/listindiario.com\/files\/vertical_main_image\/uploads\/2025\/05\/28\/683777a7ae1cb.jpeg\" alt=\"Fotograf\u00eda muestra la casa de la madre del dictador Trujillo, do\u00f1a Julia Molina. Hoy es sede de la Universidad Apec.\"\/><figcaption class=\"wp-element-caption\">Fotograf\u00eda muestra la casa de la madre del dictador Trujillo, do\u00f1a Julia Molina. Hoy es sede de la Universidad Apec.Archivo General de la Naci\u00f3n (AGN)<\/figcaption><\/figure>\n\n\n\n<p>\u201cYa cerca de las 7:00 de la noche acostumbraba a visitar a su madre Julia Molina que viv\u00eda en una casa en la M\u00e1ximo G\u00f3mez esquina M\u00e9xico. Desde esa casa, despu\u00e9s de visitar a su mam\u00e1, baj\u00f3 caminando desde la M\u00e1ximo G\u00f3mez con M\u00e9xico hasta la avenida George Washington. Era su caminata habitual que hac\u00eda en las noches varias veces a la semana en compa\u00f1\u00eda tambi\u00e9n de algunos colaboradores y amigos. No solamente se trataba de una caminata que \u00e9l habitualmente hac\u00eda, sino que ah\u00ed tambi\u00e9n aprovechaba, intercambiaba opiniones y recib\u00eda informes porque Trujillo se manten\u00eda siempre informado de todo cuanto suced\u00eda en el pa\u00eds. Se dice, bueno, bajaron toda la M\u00e1ximo G\u00f3mez, se sentaron un momento en el \u00e1rea ah\u00ed de G\u00fcibia y de ah\u00ed caminaron tambi\u00e9n hacia el Obelisco\u201d, puntualiz\u00f3 Balc\u00e1cer.<\/p>\n\n\n\n<figure class=\"wp-block-image\" id=\"m32208-32207-32209\"><img decoding=\"async\" src=\"https:\/\/listindiario.com\/files\/vertical_main_image\/uploads\/2025\/05\/28\/683779d5aac52.jpeg\" alt=\"Fotograf\u00eda muestra la avenida M\u00e1ximo G\u00f3mez de la Ciudad Trujillo.\"\/><figcaption class=\"wp-element-caption\">Fotograf\u00eda muestra la avenida M\u00e1ximo G\u00f3mez de Ciudad Trujillo.Archivo General de la Naci\u00f3n (AGN)<\/figcaption><\/figure>\n\n\n\n<figure class=\"wp-block-image\" id=\"m32220-32219-32221\"><img decoding=\"async\" src=\"https:\/\/listindiario.com\/files\/vertical_main_image\/uploads\/2025\/05\/28\/6837795b36e39.jpeg\" alt=\"Fotograf\u00eda de la avenida George Washington en la \u00e9poca de Trujillo.\"\/><figcaption class=\"wp-element-caption\">Fotograf\u00eda de la avenida George Washington en la \u00e9poca de Trujillo.Archivo General de la Naci\u00f3n (AGN)<\/figcaption><\/figure>\n\n\n\n<figure class=\"wp-block-image\" id=\"m32232-32231-32233\"><img decoding=\"async\" src=\"https:\/\/listindiario.com\/files\/vertical_main_image\/uploads\/2025\/05\/28\/68377a587439c.jpeg\" alt=\"Fotograf\u00eda muestra avenida George Washington de Ciudad Trujillo.\"\/><figcaption class=\"wp-element-caption\">Fotograf\u00eda muestra avenida George Washington de Ciudad Trujillo.Archivo General de la Naci\u00f3n (AGN)<\/figcaption><\/figure>\n\n\n\n<p>Posteriormente, El Jefe decidi\u00f3 volver a la Base A\u00e9rea de San Isidro y le acompa\u00f1aron el secretario de las Fuerzas Armadas,<strong>&nbsp;Jos\u00e9 Ren\u00e9 Rom\u00e1n<\/strong>, conocido como<strong>&nbsp;\u201cPupo Rom\u00e1n\u201d<\/strong>&nbsp;y, nueva vez, el coronel Jorge Moreno. De regreso, volvi\u00f3 a su casa, la Estancia Radham\u00e9s, hoy Biblioteca Nacional y visit\u00f3 a su hija Angelita Trujillo, donde en la actualidad funciona el Teatro Nacional. Tambi\u00e9n notific\u00f3 a su chofer Zacar\u00edas de la Cruz que preparara el viaje a San Crist\u00f3bal.<\/p>\n\n\n\n<figure class=\"wp-block-image\" id=\"m32244-32243-32245\"><img decoding=\"async\" src=\"https:\/\/listindiario.com\/files\/vertical_main_image\/uploads\/2025\/05\/28\/68377ad2683a7.jpeg\" alt=\"Fotograf\u00eda muestra al coronel Marcos Jorge Moreno.\"\/><figcaption class=\"wp-element-caption\">Fotograf\u00eda muestra al coronel Marcos Jorge Moreno.Ejercito de Rep\u00fablica Dominicana (ERD)<\/figcaption><\/figure>\n\n\n\n<p>\u201cLa Base A\u00e9rea era un territorio exclusivo de su hijo Ramfis. Lo que pasa que Ramfis estaba fuera del pa\u00eds, ten\u00eda varias semanas ya fuera en Par\u00eds, participando junto con su hermano y sus amigos en un torneo de Polo, me parece, una competencia. Y se dice que \u00e9l, Trujillo, cuando fue a la base a\u00e9rea en la ma\u00f1ana detect\u00f3 una anomal\u00eda en una tuber\u00eda de agua. Nada, y en la tardecita fue de nuevo y dicen que increp\u00f3 de una manera agresiva al secretario de la Fuerzas Armadas por ese desperfecto que hab\u00eda ah\u00ed, lo cual parece una cuesti\u00f3n de ni\u00f1os porque el secretario de la Fuerza Armada no era el responsable de un escape de agua&#8230; para eso est\u00e1n los encargados de una instituci\u00f3n castrense. Y adem\u00e1s con el reinado de su hijo no se met\u00eda nadie, nada m\u00e1s que \u00e9l. Lo cierto es que \u00e9l volvi\u00f3, pero volvi\u00f3 para otras cosas y entre esas le llam\u00f3 la atenci\u00f3n al general Pupo Rom\u00e1n y regresaron a tal punto que dicen que cuando ya llegaba a la ciudad le dijo que se saliera del carro. Son cosas que no tienen sentido y que realmente no alteran el curso de la historia\u201d, cont\u00f3.<\/p>\n\n\n\n<p>El Jefe ya ten\u00eda colocado su uniforme de militar verde-olivo, el traje que indicaba que iba para su hacienda en su pueblo natal, de acuerdo con el historiador.<\/p>\n\n\n\n<p><em>\u201cTrujillo acostumbraba cuando iba a San Crist\u00f3bal vestirse de militar en verde-olivo.&nbsp;<\/em>Y ese d\u00eda \u00e9l estaba vestido de civil en la ma\u00f1ana, en la tarde y, luego, antes de ir donde su madre, ya se hab\u00eda vestido. Cuando \u00e9l baja a la avenida caminando, ya va vestido de verde-olivo. Y ellos entonces, los complotados, comprobaron que la informaci\u00f3n era cierta, fidedigna\u201d, narr\u00f3 Balc\u00e1cer.<\/p>\n\n\n\n<p>Despu\u00e9s de que&nbsp;<strong>\u201cEl Padre de la Patria Nueva\u201d<\/strong>, otra denominaci\u00f3n que el s\u00e1trapa utilizaba, sale de la casa de Angelita, se va en su carro Chevrolet Velt Air azul celeste hacia San Crist\u00f3bal por el Malec\u00f3n con destino a Fundaci\u00f3n, pero espec\u00edficamente a La Caoba, seg\u00fan Balc\u00e1cer. Va en compa\u00f1\u00eda de su chofer Zacar\u00edas.<\/p>\n\n\n\n<figure class=\"wp-block-image\" id=\"m32256-32255-32257\"><img decoding=\"async\" src=\"https:\/\/listindiario.com\/files\/vertical_main_image\/uploads\/2025\/05\/28\/68377cc00f32d.jpeg\" alt=\"Fotograf\u00eda muestra a Angelita Trujillo, hija del s\u00e1trapa.\"\/><figcaption class=\"wp-element-caption\">Fotograf\u00eda muestra a Angelita Trujillo, hija del s\u00e1trapa.Archivo General de la Naci\u00f3n (AGN)<\/figcaption><\/figure>\n\n\n\n<p><strong><em>\u201c\u00c9l hab\u00eda dado instrucciones de que cuando iba solo a San Crist\u00f3bal no hubiera dispositivo de seguridad.<\/em><\/strong>&nbsp;Por eso ellos enterados de esa disposici\u00f3n fue que planificaron emboscarlo cuando \u00e9l iba a San Crist\u00f3bal. Precisamente, uno de los motivos por lo que Ramfis Trujillo le reproch\u00f3 a Abel Garc\u00eda fue que por qu\u00e9 no andaba su pap\u00e1 protegido. Y \u00e9l le dijo, bueno, es que El Jefe orden\u00f3 que no lo protegiera, usted sabe que las \u00f3rdenes del jefe hab\u00eda que cumplirlas. Entonces le dijo, mi deber era proteger al jefe de sus enemigos, no de sus amigos\u201d, extern\u00f3 Balc\u00e1cer.<\/p>\n\n\n\n<p>De la Maza, uno de los l\u00edderes de la conspiraci\u00f3n, logr\u00f3 convocar a seis:&nbsp;<strong>Antonio Imbert Barrera<\/strong>, empleado de una concretera, de 41 a\u00f1os de edad,&nbsp;<strong>Salvador Estrella Sadhal\u00e1<\/strong>, contratista, de 42 a\u00f1os de edad;&nbsp;<strong>Amado Garc\u00eda Guerrero<\/strong>, quien era teniente del Ej\u00e9rcito dominicano, con 30 a\u00f1os de edad;&nbsp;<strong>Hu\u00e1scar Tejeda<\/strong>, un ingeniero, con 35 a\u00f1os y&nbsp;<strong>Pedro Livio Cede\u00f1o<\/strong>, tambi\u00e9n ingeniero, de 50 y&nbsp;<strong>Roberto Pastoriza<\/strong>, un ingeniero, de 35 a\u00f1os.<\/p>\n\n\n\n<figure class=\"wp-block-image\" id=\"m32268-32267-32269\"><img decoding=\"async\" src=\"https:\/\/listindiario.com\/files\/vertical_main_image\/uploads\/2025\/05\/28\/6837809cbc936.png\" alt=\"En la primera l\u00ednea: Tejeda, Cede\u00f1o y Amado; en la segunda l\u00ednea: Sadhal\u00e1, Pastoriza e Imbert.\"\/><figcaption class=\"wp-element-caption\">En la primera l\u00ednea: Tejeda, Cede\u00f1o y Amado; en la segunda l\u00ednea: Sadhal\u00e1, Pastoriza e Imbert.Archivo General de la Naci\u00f3n (AGN)<\/figcaption><\/figure>\n\n\n\n<p>Pasadas las 5:30 de la tarde, mientras Trujillo lleva acabo su rutina, los conjurados iban resolviendo sus tr\u00e1mites: Garc\u00eda Guerrero se comunica por tel\u00e9fono con el ingeniero Pastoriza y le asegura que el hombre va. Seg\u00fan Balc\u00e1cer, Pastoriza, a su vez, debi\u00f3 contactar a su \u00edntimo amigo, el ingeniero Tejeda, que hab\u00eda sido localizado por De la Maza y as\u00ed sucesivamente.<\/p>\n\n\n\n<p>Aproximadamente a las 8:00 de la noche, los conjurados estaban en la autopista con&nbsp;<strong>una pistola calibre 45<\/strong>,<strong>&nbsp;una escopeta Browing recortada calibre 12 y tres carabinas M-1&nbsp;<\/strong>y&nbsp;<strong>en tres veh\u00edculos<\/strong>.<\/p>\n\n\n\n<p>En un carro&nbsp;<em>Chevrolet negro<\/em>, propiedad de De la Maza, estacionado en las proximidades del Teatro Agua y Luz, estaban los complotados Imbert Barrera, a quien se le asigna la tarea de conducir el veh\u00edculo, Antonio de la Maza, quien ocupaba el asiento derecho delantero; Sadhal\u00e1 y Garc\u00eda Guerrero, en el asiento trasero.<\/p>\n\n\n\n<figure class=\"wp-block-image\" id=\"m32280-32279-32281\"><img decoding=\"async\" src=\"https:\/\/listindiario.com\/files\/vertical_main_image\/uploads\/2025\/05\/28\/6837816a76b9c.jpeg\" alt=\"Fotograf\u00eda muestra Teatro Agua y Luz Angelita Trujillo.\"\/><figcaption class=\"wp-element-caption\">Fotograf\u00eda muestra Teatro Agua y Luz Angelita Trujillo.Archivo General de la Naci\u00f3n (AGN)<\/figcaption><\/figure>\n\n\n\n<p>En el segundo auto, un&nbsp;<strong>Odsmobile negro<\/strong>, propiedad de De la Maza, estacionado a 4 kil\u00f3metros de la Feria Ganadera, lo ten\u00edan Tejeda y Cede\u00f1o. En tanto que, en un Mercury, propiedad de Sadhal\u00e1, aguardaba Pastoriza en el kil\u00f3metro 9 de la autopista en direcci\u00f3n hacia San Crist\u00f3bal.<\/p>\n\n\n\n<figure class=\"wp-block-image\" id=\"m32292-32291-32293\"><img decoding=\"async\" src=\"https:\/\/listindiario.com\/files\/vertical_main_image\/uploads\/2025\/05\/28\/683782ba7c5a6.png\" alt=\"Fotograf\u00eda muestra veh\u00edculo Odsmobile donde iban complotados Tejeda y Cede\u00f1o.\"\/><figcaption class=\"wp-element-caption\">Fotograf\u00eda muestra veh\u00edculo Odsmobile negro donde iban complotados Tejeda y Cede\u00f1o.Sustra\u00edda del libro \u00abLa transici\u00f3n hacia la democr\u00e1cia\u00bb, autor\u00eda de la Fundaci\u00f3n Hermanos de la Maza.<\/figcaption><\/figure>\n\n\n\n<p>Ante los movimientos del General\u00edsimo, que postergaban el momento crucial y aumentaban la tensi\u00f3n del grupo que llevaba ya m\u00e1s de una hora aguardando, debido a que Trujillo decidi\u00f3 hacer la visita a su hija Angelita, B\u00e1ez D\u00edaz fue hasta donde estaban ellos para tranquilizarlos. Les asegur\u00f3 que ya faltaba poco.<\/p>\n\n\n\n<figure class=\"wp-block-image\" id=\"m32304-32303-32305\"><img decoding=\"async\" src=\"https:\/\/listindiario.com\/files\/vertical_main_image\/uploads\/2025\/05\/28\/683783bf4aca3.jpeg\" alt=\"Fotograf\u00eda muestra a el dictador Rafael Leonidas Trujillo y su hijo Ramfis. La fotograf\u00eda no es del d\u00eda de su ajusticiamiento, pero es c\u00f3mo estaba el tirano en edad para ese entonces.\"\/><figcaption class=\"wp-element-caption\">Fotograf\u00eda muestra a el dictador Rafael Leonidas Trujillo y su hijo Ramfis. La fotograf\u00eda no es del d\u00eda de su ajusticiamiento, pero es c\u00f3mo estaba el tirano en edad para ese entonces.Archivo General de la Naci\u00f3n (AGN)<\/figcaption><\/figure>\n\n\n\n<p>Faltando apenas diez minutos para las 10:00 de la noche del 30 de mayo de 1961, Balc\u00e1cer relat\u00f3 que Trujillo fue visto en la avenida George Washington al pasar frente al Teatro Agua y Luz. De la Maza, Imbert Barrera, Garc\u00eda Guerrero y Sadhal\u00e1 pretend\u00edan que hablaban y en cuanto el carro del dictador cruz\u00f3 frente a ellos, iniciaron la persecuci\u00f3n.<\/p>\n\n\n\n<p>Balc\u00e1cer especific\u00f3 que Trujillo viajaba en el asiento trasero contiguo a la puerta posterior derecha.<\/p>\n\n\n\n<p>En el momento en que el veh\u00edculo conducido por Imbert Barrera se coloc\u00f3 paralelo al de Trujillo, De la Maza y Garc\u00eda Guerrero dispararon. Con el disparo de De la Maza, a las 10:00 de la noche, aproximadamente, el enfrentamiento empez\u00f3 y un proyectil impact\u00f3 el cuerpo del mal llamado Benefactor de la Patria.<\/p>\n\n\n\n<p>Balc\u00e1cer cont\u00f3 que tras el ataque, el chofer de Trujillo fren\u00f3 bruscamente provocando que el autom\u00f3vil manejado por Imbert lo rebasara velozmente. Imbert tuvo que girar en \u201cU\u201d, situ\u00e1ndose a 15 metros del carro del dictador.<\/p>\n\n\n\n<p>Se desmontaron e iniciaron un tiroteo que, de acuerdo a los archivos period\u00edsticos dur\u00f3 aproximadamente diez minutos.<\/p>\n\n\n\n<p>El historiador dej\u00f3 claro que Trujillo y su chofer salieron del veh\u00edculo, que estaba en diagonal debido a que De la Cruz quiso intentar un giro a la izquierda para regresar a la capital.<\/p>\n\n\n\n<figure class=\"wp-block-image\" id=\"m32316-32315-32317\"><img decoding=\"async\" src=\"https:\/\/listindiario.com\/files\/vertical_main_image\/uploads\/2019\/05\/30\/642ddb5baafa3.jpeg\" alt=\"Im\u00e1genes de las condiciones en que qued\u00f3 el veh\u00edculo en que se traladaba Trujillo.\"\/><figcaption class=\"wp-element-caption\">Im\u00e1genes de las condiciones en que qued\u00f3 el veh\u00edculo en que se traladaba Trujillo.<\/figcaption><\/figure>\n\n\n\n<p>Imbert y De la Maza pidieron a Sadhal\u00e1 y Garc\u00eda Guerrero que los cubrieran, ya que se iban a acercar al carro de Trujilllo para terminar r\u00e1pidamente el enfrentamiento.<\/p>\n\n\n\n<p><em>\u201cDe la Maza logr\u00f3 deslizarse por el pavimento hasta posicionarse detr\u00e1s del veh\u00edculo de Trujillo, mientras que Imbert lo hizo por la parte delantera\u201d<\/em>, cont\u00f3 Balc\u00e1cer.<\/p>\n\n\n\n<p>En medio de la lluvia de proyectiles, los conjurados se percataron de que el chofer se fue de la escena hacia los matorrales, mientras que Imbert not\u00f3 que una persona se tambaleaba frente al veh\u00edculo.<\/p>\n\n\n\n<p><em>\u201cEra Trujillo y se quejaba de las heridas recibidas\u201d<\/em>, dijo Balc\u00e1cer.<\/p>\n\n\n\n<p>Antonio Imbert Barrera relat\u00f3 a este diario en 2008 que:&nbsp;<strong><em>\u201cCuando vi al tirano tambaleante, dije: \u201cSe va a escapar\u201d. De la Maza grit\u00f3: \u201c\u00a1Tocayo, ah\u00ed va!\u201d. Yo dispar\u00e9\u201d<\/em><\/strong>.<\/p>\n\n\n\n<p>De acuerdo con la declaraci\u00f3n jurada notarialmente en 1964, en Madrid, De la Cruz dijo: \u201cInmediatamente me rebas\u00f3 un carro color negro por el lado derecho del jefe. Al rebasar sus ocupantes volvieron a dispararnos. En ese momento, el jefe me dijo Zacar\u00edas, yo me siento herido. Trat\u00e9 de apresurar la marcha, pero inmediatamente se me cruz\u00f3 el carro que me persegu\u00eda, lo que dio lugar a que me viera precisado a frenar, para no estrellarnos contra el veh\u00edculo asaltante, evitando que esta colisi\u00f3n dificultara el posterior funcionamiento de nuestro veh\u00edculo y nuestra posible salida mediante el mismo de la fatal encerrona. Al cruz\u00e1rseme el carro, el jefe me dijo, coge la ametralladora, vamos a pelear que estoy herido. Le conteste Jefe, son muchos, vamos a tratar de escaparnos a ver si lo salvo, pero cuando trat\u00e9 de continuar la marcha, inmediatamente el jefe abri\u00f3 la puerta trasera derecha y se tir\u00f3 fuera del veh\u00edculo, lo que dio motivo a que me viese precisado a detenerme. Tan pronto como desmont\u00f3 cog\u00ed el riflecito M-1 que llevaba yo en el asiento delantero y empec\u00e9 a dispararle a los asaltantes, mientras el jefe camin\u00f3 hacia delante, situ\u00e1ndose en el guardalodos derecho delantero de nuestro veh\u00edculo. All\u00ed les dio el frente a los enemigos. El jefe cay\u00f3 a lo largo del pavimento con la cabeza orientada hacia el veh\u00edculo que ocup\u00e1bamos, boca abajo. Consider\u00e9 que su ca\u00edda era mortal, porque no lo vi moverse m\u00e1s. Segu\u00ed dispar\u00e1ndoles a los enemigos y estos a su vez me disparaban tambi\u00e9n\u201d.<\/p>\n\n\n\n<p>Imbert dispar\u00f3 una bala que Trujillo recibi\u00f3 en el pecho. De la Maza se acerc\u00f3 al cuerpo del dictador, que estaba con la cabeza en direcci\u00f3n a Haina, y le un tiro al tiempo que exclam\u00f3:&nbsp;<em>\u201c\u00a1Este guaraguao no come m\u00e1s pollos!\u201d<\/em>.<\/p>\n\n\n\n<figure class=\"wp-block-image\" id=\"m32328-32327-32329\"><img decoding=\"async\" src=\"https:\/\/listindiario.com\/files\/vertical_main_image\/uploads\/2025\/05\/28\/68378502880ab.jpeg\" alt=\"La ejecuci\u00f3n del tirano se efectu\u00f3 en este tramo de la autopista hoy conocida como 30 de Mayo.\"\/><figcaption class=\"wp-element-caption\">La ejecuci\u00f3n del tirano se efectu\u00f3 en este tramo de la autopista hoy conocida como 30 de Mayo.Archivo General de la Naci\u00f3n (AGN)<\/figcaption><\/figure>\n\n\n\n<p><em>Otros conjurados llegaron en apoyo.&nbsp;<\/em>Cede\u00f1o fue herido en el abdomen. Seg\u00fan los archivos period\u00edsticos de LIST\u00cdN DIARIO, hubo confusi\u00f3n: Sadhal\u00e1 dispar\u00f3 a los reci\u00e9n llegados pensando que eran los Trujillo o refuerzos del r\u00e9gimen.<\/p>\n\n\n\n<p>\u201cCuando los otros vinieron a dar cuenta y llegaron y lleg\u00f3 Cede\u00f1o y Hu\u00e1scar, ya Trujillo estaba muerto. Y Pastoriza, el veh\u00edculo que llevaba no encendi\u00f3. Entonces, ellos se acercaron a la escena, pero ya hab\u00eda pasado\u201d, narr\u00f3 Balc\u00e1cer.<\/p>\n\n\n\n<p><strong>A las 10:10 de la noche, del martes 30 de mayo de 1961, ya El Jefe estaba muerto.<\/strong><\/p>\n","protected":false},"excerpt":{"rendered":"<p>Ma\u00f1ana viernes 30 se cumplen 64 a\u00f1os de su ajusticiamiento en la hoy Autopista del<\/p>\n","protected":false},"author":1,"featured_media":0,"comment_status":"open","ping_status":"open","sticky":false,"template":"","format":"standard","meta":{"footnotes":""},"categories":[12],"tags":[],"class_list":["post-16200","post","type-post","status-publish","format-standard","hentry","category-nacionales"],"_links":{"self":[{"href":"https:\/\/samantharadionline.com\/index.php\/wp-json\/wp\/v2\/posts\/16200","targetHints":{"allow":["GET"]}}],"collection":[{"href":"https:\/\/samantharadionline.com\/index.php\/wp-json\/wp\/v2\/posts"}],"about":[{"href":"https:\/\/samantharadionline.com\/index.php\/wp-json\/wp\/v2\/types\/post"}],"author":[{"embeddable":true,"href":"https:\/\/samantharadionline.com\/index.php\/wp-json\/wp\/v2\/users\/1"}],"replies":[{"embeddable":true,"href":"https:\/\/samantharadionline.com\/index.php\/wp-json\/wp\/v2\/comments?post=16200"}],"version-history":[{"count":1,"href":"https:\/\/samantharadionline.com\/index.php\/wp-json\/wp\/v2\/posts\/16200\/revisions"}],"predecessor-version":[{"id":16201,"href":"https:\/\/samantharadionline.com\/index.php\/wp-json\/wp\/v2\/posts\/16200\/revisions\/16201"}],"wp:attachment":[{"href":"https:\/\/samantharadionline.com\/index.php\/wp-json\/wp\/v2\/media?parent=16200"}],"wp:term":[{"taxonomy":"category","embeddable":true,"href":"https:\/\/samantharadionline.com\/index.php\/wp-json\/wp\/v2\/categories?post=16200"},{"taxonomy":"post_tag","embeddable":true,"href":"https:\/\/samantharadionline.com\/index.php\/wp-json\/wp\/v2\/tags?post=16200"}],"curies":[{"name":"wp","href":"https:\/\/api.w.org\/{rel}","templated":true}]}}