{"id":16174,"date":"2025-05-28T15:48:42","date_gmt":"2025-05-28T19:48:42","guid":{"rendered":"https:\/\/samantharadionline.com\/?p=16174"},"modified":"2025-05-28T15:48:42","modified_gmt":"2025-05-28T19:48:42","slug":"medidas-necesarias-para-el-manejo-de-residuos-solidos-en-el-distrito-nacional","status":"publish","type":"post","link":"https:\/\/samantharadionline.com\/index.php\/2025\/05\/28\/medidas-necesarias-para-el-manejo-de-residuos-solidos-en-el-distrito-nacional\/","title":{"rendered":"Medidas necesarias para el manejo de residuos s\u00f3lidos en el Distrito Nacional"},"content":{"rendered":"\n<p class=\"has-medium-font-size\"><em>La acumulaci\u00f3n de basura en distintas zonas del DN ha resaltado como una problem\u00e1tica ambiental con tendencia a convertir en peligrosos focos de contaminaci\u00f3n las bolsas de basura<\/em><\/p>\n\n\n\n<p>Nalphy Mart\u00ednez, <strong>Santo Domingo, RD<\/strong><\/p>\n\n\n\n<p>El pasado abril de este a\u00f1o, 2025, el presidente Luis Abinader firm\u00f3 el&nbsp;<strong>decreto 213-25<\/strong>&nbsp;para declarar como&nbsp;<strong>emergencia nacional<\/strong>&nbsp;el proceso de compras y contrataciones que permita al&nbsp;<strong>Ayuntamiento del Distrito Nacional<\/strong>&nbsp;<strong>(ADN)<\/strong>&nbsp;el manejo de los residuos s\u00f3lidos en el Distrito Nacional.<\/p>\n\n\n\n<p>El objetivo de este decreto es prevenir \u201c<strong>una inminente crisis sanitaria<\/strong>\u201d que se generar\u00eda por la acumulaci\u00f3n de basura en estas zonas que, de acuerdo con el ambientalista&nbsp;<strong>Luis Carvajal<\/strong>, de manera paulatina pueden implicar un alto riesgo para la salud de los ciudadanos.<\/p>\n\n\n\n<p>De acuerdo con sus declaraciones otorgadas al List\u00edn Diario, Carvajal aclar\u00f3 que desde una perspectiva ambiental las emergencias sanitarias siempre estar\u00e1n vinculadas \u201ca procesos de&nbsp;<strong>contaminaci\u00f3n&nbsp;<\/strong>extraordinaria por la magnitud, la cantidad de gente que pueda afectar o por los efectos inmediatos o de mediano y largo plazo que puedan producir\u201d.<\/p>\n\n\n\n<p>Bajo esa premisa, la acumulaci\u00f3n de basura en distintas zonas del Distrito Nacional ha resaltado como una problem\u00e1tica ambiental con tendencia a convertir en peligrosos focos de contaminaci\u00f3n las&nbsp;<strong>bolsas de basura<\/strong>, escombros y dem\u00e1s residuos que suelen depositarse en las esquinas y aceras del municipio.<\/p>\n\n\n\n<p>Es as\u00ed como la creaci\u00f3n de este decreto busca responder a la crisis sanitaria que puede generarse \u00aben casos de que no se ejecute una contrataci\u00f3n de manera oportuna\u00bb, seg\u00fan explica el primer art\u00edculo de la ordenanza.<\/p>\n\n\n\n<p>Para Carvajal, un manejo inadecuado de estos residuos aumenta los vol\u00famenes de basura en los barrios, resultando en la proliferaci\u00f3n de plagas como ratas y mosquitos que traen como consecuencia enfermedades e infecciones mortales.<\/p>\n\n\n\n<p>\u201cEl manejo equivocado, err\u00f3neo e insuficiente de los desechos s\u00f3lidos provoca que muchos lugares se constituyan en una amenaza por el desarrollo de plagas que son transmisores de enfermedades\u201d, afirm\u00f3.<\/p>\n\n\n\n<p>Alert\u00f3 que, si bien el concepto de emergencia sanitaria obliga a tomar medidas inmediatas para controlar sus causas y problemas urgentes, se\u00f1al\u00f3, adem\u00e1s, que esos problemas contin\u00faan necesitando soluciones a mediano y largo plazo porque no solo se resuelven con acciones r\u00e1pidas o de emergencia.<\/p>\n\n\n\n<p>Inst\u00f3 a que no solo se realicen \u201cmedidas extraordinarias de momento\u201d, sino pol\u00edticas continuas y estructurales para seguir atacando el verdadero problema. Fen\u00f3menos climatol\u00f3gicos como el&nbsp;<strong>polvo del Sahara<\/strong>&nbsp;y las lluvias torrenciales tambi\u00e9n requieren atenci\u00f3n especial por ser factores que pueden afectar de manera directa o indirecta el bienestar poblacional.<\/p>\n\n\n\n<p>\u201c<strong>Esa es la diferencia entre abordar la emergencia y abordar los problemas estructurales en el ambiente que tienen que ver con la salud<\/strong>\u201d, concluy\u00f3.<\/p>\n\n\n\n<p>Por su parte, el regidor de la&nbsp;<strong>Fuerza del Pueblo&nbsp;<\/strong>(FP) en el Distrito Nacional, Manuel Garc\u00eda, rechaz\u00f3 el&nbsp; decreto por no tener \u201cconsulta previa, informaci\u00f3n detallada ni participaci\u00f3n del Concejo de Regidores\u201d.<\/p>\n\n\n\n<p>Al considerar que la orden que declara de emergencia nacional las compras y contrataciones de bienes, servicios y obras para la gesti\u00f3n, recolecci\u00f3n, transporte y disposici\u00f3n final de residuos s\u00f3lidos del Distrito Nacional constituye una grave violaci\u00f3n al art\u00edculo 54 del reglamento de la<strong>&nbsp;ley 1706-07&nbsp;<\/strong>del Distrito Nacional y los Municipios y a la ley 340-06 sobre<strong>&nbsp;Compras y Contrataciones P\u00fablicas.<\/strong><\/p>\n\n\n\n<p>\u201cPr\u00f3ximamente el bloque de regidores Fuerza del Pueblo estar\u00e1 solicitando un informe al contralor de los contratos que se est\u00e1n renovando de bienes y servicios que tienen que ver con este tema, para saber el porqu\u00e9 no se renovaron a tiempo\u201d, expres\u00f3 en un comunicado.<\/p>\n\n\n\n<p>El edil del partido se\u00f1al\u00f3 que se realizan los pasos de lugar para impugnar esta decisi\u00f3n como una forma de exigir respeto al orden institucional, la participaci\u00f3n de los gobiernos locales en las decisiones que los afectan y transparencia en los procesos de compras y contrataciones.<\/p>\n\n\n\n<p>\u201cEn los pr\u00f3ximos d\u00edas la oposici\u00f3n, tanto Fuerza del Pueblo (FP), el Partido de la Liberaci\u00f3n Dominicana (PLD) y el bloque de independientes, nos estaremos reuniendo para proceder a impugnar dicho decreto\u201d, inform\u00f3.<\/p>\n","protected":false},"excerpt":{"rendered":"<p>La acumulaci\u00f3n de basura en distintas zonas del DN ha resaltado como una problem\u00e1tica ambiental<\/p>\n","protected":false},"author":1,"featured_media":16175,"comment_status":"open","ping_status":"open","sticky":false,"template":"","format":"standard","meta":{"footnotes":""},"categories":[12],"tags":[],"class_list":["post-16174","post","type-post","status-publish","format-standard","has-post-thumbnail","hentry","category-nacionales"],"_links":{"self":[{"href":"https:\/\/samantharadionline.com\/index.php\/wp-json\/wp\/v2\/posts\/16174","targetHints":{"allow":["GET"]}}],"collection":[{"href":"https:\/\/samantharadionline.com\/index.php\/wp-json\/wp\/v2\/posts"}],"about":[{"href":"https:\/\/samantharadionline.com\/index.php\/wp-json\/wp\/v2\/types\/post"}],"author":[{"embeddable":true,"href":"https:\/\/samantharadionline.com\/index.php\/wp-json\/wp\/v2\/users\/1"}],"replies":[{"embeddable":true,"href":"https:\/\/samantharadionline.com\/index.php\/wp-json\/wp\/v2\/comments?post=16174"}],"version-history":[{"count":1,"href":"https:\/\/samantharadionline.com\/index.php\/wp-json\/wp\/v2\/posts\/16174\/revisions"}],"predecessor-version":[{"id":16176,"href":"https:\/\/samantharadionline.com\/index.php\/wp-json\/wp\/v2\/posts\/16174\/revisions\/16176"}],"wp:featuredmedia":[{"embeddable":true,"href":"https:\/\/samantharadionline.com\/index.php\/wp-json\/wp\/v2\/media\/16175"}],"wp:attachment":[{"href":"https:\/\/samantharadionline.com\/index.php\/wp-json\/wp\/v2\/media?parent=16174"}],"wp:term":[{"taxonomy":"category","embeddable":true,"href":"https:\/\/samantharadionline.com\/index.php\/wp-json\/wp\/v2\/categories?post=16174"},{"taxonomy":"post_tag","embeddable":true,"href":"https:\/\/samantharadionline.com\/index.php\/wp-json\/wp\/v2\/tags?post=16174"}],"curies":[{"name":"wp","href":"https:\/\/api.w.org\/{rel}","templated":true}]}}