{"id":16171,"date":"2025-05-28T15:44:15","date_gmt":"2025-05-28T19:44:15","guid":{"rendered":"https:\/\/samantharadionline.com\/?p=16171"},"modified":"2025-05-28T15:44:16","modified_gmt":"2025-05-28T19:44:16","slug":"otra-querella-contra-angel-martinez-por-presunta-difamacion-e-injuria","status":"publish","type":"post","link":"https:\/\/samantharadionline.com\/index.php\/2025\/05\/28\/otra-querella-contra-angel-martinez-por-presunta-difamacion-e-injuria\/","title":{"rendered":"Otra querella contra \u00c1ngel Mart\u00ednez por presunta difamaci\u00f3n e injuria"},"content":{"rendered":"\n<p class=\"has-medium-font-size\"><em>La denuncia, interpuesta por el tambi\u00e9n productor de televisi\u00f3n y analista pol\u00edtico internacional, est\u00e1 acompa\u00f1ada de una memoria USB<\/em><\/p>\n\n\n\n<figure class=\"wp-block-image\"><img decoding=\"async\" src=\"https:\/\/listindiario.com\/files\/image_60_60\/uploads\/2023\/05\/11\/645d0fa7541ad.png\" alt=\"Avatar del Ram\u00f3n Cruz Benz\u00e1n\"\/><\/figure>\n\n\n\n<p><em>\u00a0<\/em>Ram\u00f3n Cruz Benz\u00e1n, <strong>Santo Domingo, RD.<\/strong><\/p>\n\n\n\n<p>La\u00a0<strong>Fiscal\u00eda del Distrito Naciona<\/strong>l ha recibido una nueva querella por difamaci\u00f3n e injuria contra el comunicador\u00a0<strong>\u00c1ngel Mart\u00ednez<\/strong>.<\/p>\n\n\n\n<p>La denuncia fue presentada este mi\u00e9rcoles ante el departamento de&nbsp;<strong>Atenci\u00f3n al Ciudadano&nbsp;<\/strong>por&nbsp;<strong>Vargavila&nbsp;River\u00f3n<\/strong>, a trav\u00e9s de sus abogados Rafael Helena Regalado y Ram\u00f3n Peralta. En ella, se acusa a Mart\u00ednez de violar los art\u00edculos 21 y 22 de la<strong>&nbsp;Ley No. 53-07 sobre Cr\u00edmenes y Delitos de Alta Tecnolog\u00eda<\/strong>.<\/p>\n\n\n\n<p>Seg\u00fan la instancia, el comunicador habr\u00eda se\u00f1alado en uno de sus programas que el periodista estar\u00eda vinculado infundadamente a&nbsp;<strong>\u00absectores oscuros y del bajo mundo\u00bb<\/strong>, asociaciones de las que River\u00f3n \u00abnunca ha estado ni cerca\u00bb, seg\u00fan explic\u00f3.<\/p>\n\n\n\n<p>La denuncia, interpuesta por el tambi\u00e9n productor de televisi\u00f3n y analista pol\u00edtico internacional, est\u00e1 acompa\u00f1ada de una memoria USB que contiene la informaci\u00f3n colgada en el canal de YouTube&nbsp;<strong>\u00abDETECTIVE \u00c1NGEL MART\u00cdNEZ\u00bb<\/strong>, con fecha del viernes 23 de mayo de 2025, donde aparece la supuesta difamaci\u00f3n injuriosa.<\/p>\n\n\n\n<p><strong>Vargavila River\u00f3n<\/strong>&nbsp;precis\u00f3 que, en la fecha indicada, \u00c1ngel Mart\u00ednez emiti\u00f3 declaraciones difamatorias acus\u00e1ndolo de defender a supuestos capos, de ser&nbsp;<strong>\u00abempleado de narcotraficantes\u00bb<\/strong>&nbsp;y de&nbsp;<strong>\u00abposeer fortunas\u00bb<\/strong>. Por ello, el periodista exige una indemnizaci\u00f3n de RD$10 millones por los da\u00f1os y perjuicios causados.<\/p>\n\n\n\n<p>River\u00f3n revel\u00f3 que, a ra\u00edz de una denuncia previa que interpuso la semana pasada (en la que se\u00f1alaba que, a pesar de tener varias demandas y \u00f3rdenes de arresto,<strong>&nbsp;\u00c1ngel Mart\u00ednez<\/strong>&nbsp;segu\u00eda difamando a figuras pol\u00edticas y empresarios dominicanos), fue suspendido del programa&nbsp;<strong>\u00abUna Nueva Ma\u00f1ana\u00bb<\/strong>&nbsp;de la plataforma&nbsp;<strong>Al Tanto TV<\/strong>, dirigido por la periodista Colombia Alc\u00e1ntara, y de&nbsp;<strong>Teleantillas<\/strong>.<\/p>\n\n\n\n<h3 class=\"wp-block-heading\">Argumentos de la Defensa del Periodista<\/h3>\n\n\n\n<p>La defensa del periodista Vargavila River\u00f3n indic\u00f3 que la citaci\u00f3n busca que Mart\u00ednez comparezca para fines de&nbsp;<strong>interrogatorio&nbsp;<\/strong>junto al denunciante, el denunciado y los testigos.&nbsp;<\/p>\n\n\n\n<p>Los abogados establecieron que los hechos \u00abinciertos y carentes de veracidad alguna se han constituido en un arma para que los enemigos del denunciante lo consideren como real y lo utilicen en su contra\u00bb.&nbsp;<\/p>\n\n\n\n<p>Aseguraron que el \u00ablibelo se hace con la p\u00e9rfida intenci\u00f3n y animus injuriandi de desacreditar y echar lodo a la persona, reputaci\u00f3n, dignidad, consideraci\u00f3n, moral y honor de nuestro defendido\u00bb.<\/p>\n\n\n\n<p>Los&nbsp;<strong>abogados&nbsp;<\/strong>precisaron que, \u00abfruto del invento y demostrada mentira de Mart\u00ednez, &#8216;sacada de su mente enferma'\u00bb, se demuestra su \u00abtotal desconocimiento e incapacidad para ejercer su oficio de calumniador consuetudinario, poniendo al desnudo su vocaci\u00f3n de injuriar al ser probada su falta\u00bb.&nbsp;<\/p>\n\n\n\n<p>Afirmaron que no existe justificaci\u00f3n alguna para publicar tales acusaciones en su medio de comunicaci\u00f3n, lo cual constituye una \u00ab<strong>perversa difamaci\u00f3n<\/strong>, acci\u00f3n intolerable que contraviene la verdad\u00bb.<\/p>\n\n\n\n<p>Se recuerda que este martes, el juez de la Segunda Sala Penal del Distrito Nacional, Juli\u00e1n Vargas, impuso medida de coerci\u00f3n contra \u00c1ngel Mart\u00ednez, consistente en presentaci\u00f3n peri\u00f3dica e impedimento de salida del pa\u00eds.<\/p>\n","protected":false},"excerpt":{"rendered":"<p>La denuncia, interpuesta por el tambi\u00e9n productor de televisi\u00f3n y analista pol\u00edtico internacional, est\u00e1 acompa\u00f1ada<\/p>\n","protected":false},"author":1,"featured_media":16172,"comment_status":"open","ping_status":"open","sticky":false,"template":"","format":"standard","meta":{"footnotes":""},"categories":[12],"tags":[],"class_list":["post-16171","post","type-post","status-publish","format-standard","has-post-thumbnail","hentry","category-nacionales"],"_links":{"self":[{"href":"https:\/\/samantharadionline.com\/index.php\/wp-json\/wp\/v2\/posts\/16171","targetHints":{"allow":["GET"]}}],"collection":[{"href":"https:\/\/samantharadionline.com\/index.php\/wp-json\/wp\/v2\/posts"}],"about":[{"href":"https:\/\/samantharadionline.com\/index.php\/wp-json\/wp\/v2\/types\/post"}],"author":[{"embeddable":true,"href":"https:\/\/samantharadionline.com\/index.php\/wp-json\/wp\/v2\/users\/1"}],"replies":[{"embeddable":true,"href":"https:\/\/samantharadionline.com\/index.php\/wp-json\/wp\/v2\/comments?post=16171"}],"version-history":[{"count":1,"href":"https:\/\/samantharadionline.com\/index.php\/wp-json\/wp\/v2\/posts\/16171\/revisions"}],"predecessor-version":[{"id":16173,"href":"https:\/\/samantharadionline.com\/index.php\/wp-json\/wp\/v2\/posts\/16171\/revisions\/16173"}],"wp:featuredmedia":[{"embeddable":true,"href":"https:\/\/samantharadionline.com\/index.php\/wp-json\/wp\/v2\/media\/16172"}],"wp:attachment":[{"href":"https:\/\/samantharadionline.com\/index.php\/wp-json\/wp\/v2\/media?parent=16171"}],"wp:term":[{"taxonomy":"category","embeddable":true,"href":"https:\/\/samantharadionline.com\/index.php\/wp-json\/wp\/v2\/categories?post=16171"},{"taxonomy":"post_tag","embeddable":true,"href":"https:\/\/samantharadionline.com\/index.php\/wp-json\/wp\/v2\/tags?post=16171"}],"curies":[{"name":"wp","href":"https:\/\/api.w.org\/{rel}","templated":true}]}}