{"id":16165,"date":"2025-05-28T15:38:11","date_gmt":"2025-05-28T19:38:11","guid":{"rendered":"https:\/\/samantharadionline.com\/?p=16165"},"modified":"2025-05-28T15:38:12","modified_gmt":"2025-05-28T19:38:12","slug":"el-academico-que-mejoro-la-educacion-superior-del-pais","status":"publish","type":"post","link":"https:\/\/samantharadionline.com\/index.php\/2025\/05\/28\/el-academico-que-mejoro-la-educacion-superior-del-pais\/","title":{"rendered":"El acad\u00e9mico que mejor\u00f3  la educaci\u00f3n superior del pa\u00eds"},"content":{"rendered":"\n<p class=\"has-medium-font-size\"><em>Fue director de los programas de Administraci\u00f3n de Empresas y Mercadeo de la\u00a0<strong>Pontificia Universidad Cat\u00f3lica Madre y Maestra (PUCMM)<\/strong><\/em><\/p>\n\n\n\n<figure class=\"wp-block-image\"><img decoding=\"async\" src=\"https:\/\/listindiario.com\/files\/image_60_60\/uploads\/2023\/06\/15\/648bafe045be3.jpeg\" alt=\"Avatar del Melanie Cuevas\"\/><\/figure>\n\n\n\n<p><em>\u00a0<\/em>Melanie Cuevas, <strong>Santo Domingo, RD<\/strong><\/p>\n\n\n\n<p><strong>Julio S\u00e1nchez Mar\u00ed\u00f1ez\u00a0<\/strong>fue un\u00a0<strong>psic\u00f3logo\u00a0<\/strong>de profesi\u00f3n que a lo largo de su vida se dedic\u00f3 a la administraci\u00f3n y\u00a0<strong>gesti\u00f3n educativa del nivel superior,\u00a0<\/strong>dejando huellas en decenas de universitarios de altas casas de estudio del pa\u00eds.<\/p>\n\n\n\n<p>Su \u00faltima impronta fue en el&nbsp;<strong>Instituto Tecnol\u00f3gico de Santo Domingo (Intec)<\/strong>, instituci\u00f3n de la que era rector desde 2021 y que se extender\u00eda hasta el 2027, tras ser ratificado para un segundo per\u00edodo al ser valorado de forma positiva por los miembros del comit\u00e9.<\/p>\n\n\n\n<p>Recientemente fue designado por el presidente Luis Abinader en el\u00a0<strong>Observatorio de Pol\u00edticas Migratorias<\/strong>, que preside el director de este medio, Miguel Franjul, una labor honorifica y que depende del Consejo Nacional de Migraci\u00f3n.<\/p>\n\n\n\n<p>En Intec tambi\u00e9n se desempe\u00f1\u00f3 como vicerrector de&nbsp;<strong>Investigaci\u00f3n y Vinculaci\u00f3n<\/strong>&nbsp;(2008-2013); decano del \u00c1rea de Negocios (1994-1995); director ejecutivo de Educaci\u00f3n Permanente y Divulgaci\u00f3n Cient\u00edfica (1985-1986) y docente en programas de grado y postgrado en \u00e1reas de ciencias sociales, humanidades y econom\u00eda y negocios.<\/p>\n\n\n\n<p>Asimismo, se desempe\u00f1\u00f3 como rector del Instituto Superior de Formaci\u00f3n Docente Salom\u00e9 Ure\u00f1a (Isfodosu) desde 2013 hasta el 2020 y ten\u00eda amplia experiencia en gesti\u00f3n educativa como director de secundaria del Colegio Dominicano de la Salle; secretario ejecutivo del&nbsp;<strong>Consejo Nacional de Educaci\u00f3n Superior (CONES)&nbsp;<\/strong>y asesor de Ense\u00f1anza e investigaci\u00f3n del Departamento de Psicolog\u00eda de la Universidad Estatal de Nueva York, en Albany.<\/p>\n\n\n\n<p>Fue director de los programas de Administraci\u00f3n de Empresas y Mercadeo de la&nbsp;<strong>Pontificia Universidad Cat\u00f3lica Madre y Maestra (PUCMM)&nbsp;<\/strong>y profesor de Teor\u00eda Organizacional en el postgrado en Gobierno y Pol\u00edticas P\u00fablicas de la Facultad Latinoamericana de Ciencias Sociales (FLACSO), en 2002.<\/p>\n\n\n\n<p>Fue gerente de Programa del Componente de Desarrollo Gerencial y de Recursos Humanos de Cariforum (1996-1997); director t\u00e9cnico del Programa de Apoyo a la Reforma y Modernizaci\u00f3n del Poder Ejecutivo (Pro-Reforma) del Banco Interamericano de Desarrollo (2006) .<\/p>\n\n\n\n<figure class=\"wp-block-image\" id=\"m162134-162133-162135\"><img decoding=\"async\" src=\"https:\/\/listindiario.com\/files\/vertical_main_image\/uploads\/2025\/05\/28\/68372a9c08e1d.jpeg\" alt=\"El rector Julio S\u00e1nchez Mar\u00ed\u00f1ez durante una de las ceremonias de graduaci\u00f3n del Intec\"\/><figcaption class=\"wp-element-caption\">El rector Julio S\u00e1nchez Mar\u00ed\u00f1ez durante una de las ceremonias de graduaci\u00f3n del IntecIntec<\/figcaption><\/figure>\n\n\n\n<p>Trabaj\u00f3 en 1992 como vicepresidente de recursos humanos y vicepresidente de apoyos e infraestructura en el Banco BHD en 1995.<\/p>\n\n\n\n<p>De igual forma, fue presidente de la empresa Consultrain entre 1997 y 2008.<\/p>\n\n\n\n<p>Era miembro de diversas organizaciones internacionales como la American Management Association, secretario ejecutivo de la Red Educativa Universitaria de Conocimiento y Acci\u00f3n Regional (Reducar); Coalici\u00f3n Latinoamericana para la Excelencia Docente y miembro del Comit\u00e9 Coordinador del Programa Regional para el Desarrollo de la Profesi\u00f3n Docente en Am\u00e9rica Latina y el Caribe. <\/p>\n\n\n\n<h3 class=\"wp-block-heading\">Investigaci\u00f3n<\/h3>\n\n\n\n<p>Mostr\u00f3 inter\u00e9s por la&nbsp;<strong>investigaci\u00f3n<\/strong>, esencialmente con temas relacionados a la&nbsp;<strong>educaci\u00f3n superior,<\/strong>&nbsp;<strong>ciencia, tecnolog\u00eda&nbsp;<\/strong>e<strong>&nbsp;innovaci\u00f3n<\/strong>, temas gerenciales e institucionales, reforma del Estado y casos de estudio de \u00e9xito de empresas y organizaciones.<\/p>\n\n\n\n<p>En ese sentido, realiz\u00f3 investigaciones en temas de educaci\u00f3n superior, sistemas nacionales de ciencia y tecnolog\u00eda, desarrollo socio-econ\u00f3mico e instituciones y desarrollo, participando en proyectos con el Instituto Internacional de la Unesco para la Educaci\u00f3n Superior en Am\u00e9rica Latina y el Caribe, el Centro para el Estudio de las Migraciones de Princeton University, el Consorcio UNIVERSIA-CINDA, el Grupo de Consultor\u00eda Pareto, y el Centro de Investigaci\u00f3n y Documentaci\u00f3n Social (CIDOS).<\/p>\n","protected":false},"excerpt":{"rendered":"<p>Fue director de los programas de Administraci\u00f3n de Empresas y Mercadeo de la\u00a0Pontificia Universidad Cat\u00f3lica<\/p>\n","protected":false},"author":1,"featured_media":16166,"comment_status":"open","ping_status":"open","sticky":false,"template":"","format":"standard","meta":{"footnotes":""},"categories":[12],"tags":[],"class_list":["post-16165","post","type-post","status-publish","format-standard","has-post-thumbnail","hentry","category-nacionales"],"_links":{"self":[{"href":"https:\/\/samantharadionline.com\/index.php\/wp-json\/wp\/v2\/posts\/16165","targetHints":{"allow":["GET"]}}],"collection":[{"href":"https:\/\/samantharadionline.com\/index.php\/wp-json\/wp\/v2\/posts"}],"about":[{"href":"https:\/\/samantharadionline.com\/index.php\/wp-json\/wp\/v2\/types\/post"}],"author":[{"embeddable":true,"href":"https:\/\/samantharadionline.com\/index.php\/wp-json\/wp\/v2\/users\/1"}],"replies":[{"embeddable":true,"href":"https:\/\/samantharadionline.com\/index.php\/wp-json\/wp\/v2\/comments?post=16165"}],"version-history":[{"count":1,"href":"https:\/\/samantharadionline.com\/index.php\/wp-json\/wp\/v2\/posts\/16165\/revisions"}],"predecessor-version":[{"id":16167,"href":"https:\/\/samantharadionline.com\/index.php\/wp-json\/wp\/v2\/posts\/16165\/revisions\/16167"}],"wp:featuredmedia":[{"embeddable":true,"href":"https:\/\/samantharadionline.com\/index.php\/wp-json\/wp\/v2\/media\/16166"}],"wp:attachment":[{"href":"https:\/\/samantharadionline.com\/index.php\/wp-json\/wp\/v2\/media?parent=16165"}],"wp:term":[{"taxonomy":"category","embeddable":true,"href":"https:\/\/samantharadionline.com\/index.php\/wp-json\/wp\/v2\/categories?post=16165"},{"taxonomy":"post_tag","embeddable":true,"href":"https:\/\/samantharadionline.com\/index.php\/wp-json\/wp\/v2\/tags?post=16165"}],"curies":[{"name":"wp","href":"https:\/\/api.w.org\/{rel}","templated":true}]}}