{"id":16162,"date":"2025-05-28T15:32:47","date_gmt":"2025-05-28T19:32:47","guid":{"rendered":"https:\/\/samantharadionline.com\/?p=16162"},"modified":"2025-05-28T15:32:48","modified_gmt":"2025-05-28T19:32:48","slug":"califican-el-programa-del-campo-al-colmado-como-un-fracaso-total","status":"publish","type":"post","link":"https:\/\/samantharadionline.com\/index.php\/2025\/05\/28\/califican-el-programa-del-campo-al-colmado-como-un-fracaso-total\/","title":{"rendered":"Califican el programa \u2018Del Campo al Colmado\u2019 como un \u201cfracaso total\u201d"},"content":{"rendered":"\n<p class=\"has-medium-font-size\"><em>Alberto Leroux, advirti\u00f3 que gran parte de la mercanc\u00eda del programa se ha perdido por descomposici\u00f3n debido a fallos log\u00edsticos<\/em><\/p>\n\n\n\n<figure class=\"wp-block-image\"><img decoding=\"async\" src=\"https:\/\/listindiario.com\/files\/image_60_60\/uploads\/2023\/05\/16\/64638724a2bf3.jpeg\" alt=\"Avatar del Sauro Scalella\"\/><\/figure>\n\n\n\n<p><em>\u00a0<\/em>Sauro Scalella, <strong>Santo Domingo, RD<\/strong><\/p>\n\n\n\n<p>El programa gubernamental \u2018<strong>Del Campo al Colmado<\/strong>\u2019, lanzado con el prop\u00f3sito de abaratar los costos de los&nbsp;<strong>productos agr\u00edcolas<\/strong>&nbsp;y facilitar su acceso a las amas de casa, ha sido un \u201c<strong>fracaso total<\/strong>\u201d, seg\u00fan denunciaron comerciantes.<\/p>\n\n\n\n<p>El presidente de la Asociaci\u00f3n de Mayoristas en Provisiones de Santo Domingo, Andr\u00e9s Cosma, afirm\u00f3 que el proyecto nunca fue estructurado de manera eficiente y que no tom\u00f3 en cuenta a los actores clave de la&nbsp;<strong>cadena de distribuci\u00f3n<\/strong>, como los&nbsp;<strong>mayoristas&nbsp;<\/strong>y&nbsp;<strong>detallistas<\/strong>, lo que ha provocado un colapso log\u00edstico imposible de sostener.<\/p>\n\n\n\n<figure class=\"wp-block-image\" id=\"m39256-39255-39257\"><img decoding=\"async\" src=\"https:\/\/listindiario.com\/files\/vertical_main_image\/uploads\/2025\/05\/28\/68375dec8ef4e.jpeg\" alt=\"El presidente de la Asociaci\u00f3n de Mayoristas en Provisiones de Santo Domingo, Andr\u00e9s Cosma, habl\u00f3 del programa en el 'Desayuno del List\u00edn'.\"\/><figcaption class=\"wp-element-caption\">El presidente de la Asociaci\u00f3n de Mayoristas en Provisiones de Santo Domingo, Andr\u00e9s Cosma, habl\u00f3 del programa en el &#8216;Desayuno del List\u00edn&#8217;.Jos\u00e9 A. Maldonado <\/figcaption><\/figure>\n\n\n\n<p>\u201cNosotros en el comercio mayorista siempre dijimos que&nbsp;<strong>ese programa no iba a funcionar&nbsp;<\/strong>hasta que no estuviera trabajado y enfocado con todos los eslabones de la cadena: desde el campo hasta los comercios mayoristas, los comercios detallistas para que a su vez puedan llegar a las&nbsp;<strong>amas de casa<\/strong>\u201d, sostuvo Cosma.<\/p>\n\n\n\n<p>El dirigente explic\u00f3 que, pese a llevar a\u00f1os implement\u00e1ndose, el programa no ha logrado salir de zonas como Los Alcarrizos, en Santo Domingo Oeste, debido al&nbsp;<strong>alto costo&nbsp;<\/strong>de su&nbsp;<strong>operatividad&nbsp;<\/strong>y a la ausencia de una red log\u00edstica eficiente.<\/p>\n\n\n\n<p>\u201cEl tema&nbsp;<strong>log\u00edstico&nbsp;<\/strong>es casi imposible de soportar, porque del campo va al Merca Santo Domingo y de Merca no existe una estructura que permita desplazar los&nbsp;<strong>camiones&nbsp;<\/strong>cargas a los diferentes sectores del Gran Santo Domingo\u201d, critic\u00f3.<\/p>\n\n\n\n<p>Cosma tambi\u00e9n se\u00f1al\u00f3 que la exclusi\u00f3n del comercio mayorista limit\u00f3 el alcance del programa, ya que estos actores poseen una ubicaci\u00f3n estrat\u00e9gica cercana a&nbsp;<strong>colmados&nbsp;<\/strong>y&nbsp;<strong>peque\u00f1os y medianos negocios<\/strong>, lo que habr\u00eda facilitado la distribuci\u00f3n y el acceso a los productos subsidiados.<\/p>\n\n\n\n<p>\u201cEso iba a permitir que las amas de casas se beneficiaran de manera r\u00e1pida con ese servicio\u201d, dijo. \u201cSin embargo, eso no fue posible. Se qued\u00f3 solo con el programa enfocado en un planteamiento que se vendi\u00f3\u201d.<\/p>\n\n\n\n<p>El presidente del Consejo Nacional del Comercio en Provisiones (CNCP), Alberto Leroux, advirti\u00f3 que gran parte de la&nbsp;<strong>mercanc\u00eda&nbsp;<\/strong>se ha perdido por&nbsp;<strong>descomposici\u00f3n&nbsp;<\/strong>debido a los&nbsp;<strong>fallos log\u00edsticos<\/strong>.<\/p>\n\n\n\n<figure class=\"wp-block-image\" id=\"m39268-39267-39269\"><img decoding=\"async\" src=\"https:\/\/listindiario.com\/files\/vertical_main_image\/uploads\/2025\/05\/28\/68375e1f4c4d1.jpeg\" alt=\"El presidente del Consejo Nacional del Comercio en Provisiones (CNCP), Alberto Leroux.\"\/><figcaption class=\"wp-element-caption\">El presidente del Consejo Nacional del Comercio en Provisiones (CNCP), Alberto Leroux.Jos\u00e9 A. Maldonado <\/figcaption><\/figure>\n\n\n\n<p>\u201cMucha de esa mercanc\u00eda est\u00e1 ah\u00ed todav\u00eda, pero da\u00f1ada, porque no hab\u00eda log\u00edstica para eso\u201d, denunci\u00f3.<\/p>\n\n\n\n<p>Del Campo al Colmado fue anunciado por el&nbsp;<strong>gobierno&nbsp;<\/strong>en abril de 2023 como una v\u00eda para conectar directamente a los productores agr\u00edcolas con los&nbsp;<strong>consumidores<\/strong>, reduciendo los intermediarios y promoviendo precios justos de los alimentos de la&nbsp;<strong>canasta b\u00e1sica familiar<\/strong>.<\/p>\n\n\n\n<p>Ambos comerciantes hablaron el martes del programa durante el \u2018Desayuno del List\u00edn Diario\u2019.<\/p>\n\n\n\n<figure class=\"wp-block-image\" id=\"m39280-39279-39281\"><img decoding=\"async\" src=\"https:\/\/listindiario.com\/files\/vertical_main_image\/uploads\/2025\/05\/27\/683670710606c.jpeg\" alt=\"Participantes en el Desayuno del LIST\u00cdN DIARIO.\"\/><figcaption class=\"wp-element-caption\">Participantes en el Desayuno<\/figcaption><\/figure>\n","protected":false},"excerpt":{"rendered":"<p>Alberto Leroux, advirti\u00f3 que gran parte de la mercanc\u00eda del programa se ha perdido por<\/p>\n","protected":false},"author":1,"featured_media":16163,"comment_status":"open","ping_status":"open","sticky":false,"template":"","format":"standard","meta":{"footnotes":""},"categories":[12],"tags":[],"class_list":["post-16162","post","type-post","status-publish","format-standard","has-post-thumbnail","hentry","category-nacionales"],"_links":{"self":[{"href":"https:\/\/samantharadionline.com\/index.php\/wp-json\/wp\/v2\/posts\/16162","targetHints":{"allow":["GET"]}}],"collection":[{"href":"https:\/\/samantharadionline.com\/index.php\/wp-json\/wp\/v2\/posts"}],"about":[{"href":"https:\/\/samantharadionline.com\/index.php\/wp-json\/wp\/v2\/types\/post"}],"author":[{"embeddable":true,"href":"https:\/\/samantharadionline.com\/index.php\/wp-json\/wp\/v2\/users\/1"}],"replies":[{"embeddable":true,"href":"https:\/\/samantharadionline.com\/index.php\/wp-json\/wp\/v2\/comments?post=16162"}],"version-history":[{"count":1,"href":"https:\/\/samantharadionline.com\/index.php\/wp-json\/wp\/v2\/posts\/16162\/revisions"}],"predecessor-version":[{"id":16164,"href":"https:\/\/samantharadionline.com\/index.php\/wp-json\/wp\/v2\/posts\/16162\/revisions\/16164"}],"wp:featuredmedia":[{"embeddable":true,"href":"https:\/\/samantharadionline.com\/index.php\/wp-json\/wp\/v2\/media\/16163"}],"wp:attachment":[{"href":"https:\/\/samantharadionline.com\/index.php\/wp-json\/wp\/v2\/media?parent=16162"}],"wp:term":[{"taxonomy":"category","embeddable":true,"href":"https:\/\/samantharadionline.com\/index.php\/wp-json\/wp\/v2\/categories?post=16162"},{"taxonomy":"post_tag","embeddable":true,"href":"https:\/\/samantharadionline.com\/index.php\/wp-json\/wp\/v2\/tags?post=16162"}],"curies":[{"name":"wp","href":"https:\/\/api.w.org\/{rel}","templated":true}]}}