{"id":16158,"date":"2025-05-27T20:42:33","date_gmt":"2025-05-28T00:42:33","guid":{"rendered":"https:\/\/samantharadionline.com\/?p=16158"},"modified":"2025-05-27T20:42:34","modified_gmt":"2025-05-28T00:42:34","slug":"pld-insiste-en-que-no-estan-violando-calendario-electoral","status":"publish","type":"post","link":"https:\/\/samantharadionline.com\/index.php\/2025\/05\/27\/pld-insiste-en-que-no-estan-violando-calendario-electoral\/","title":{"rendered":"PLD insiste en que no est\u00e1n violando calendario electoral"},"content":{"rendered":"\n<p class=\"has-medium-font-size\"><em>El PLD pretende repetir el mecanismo que utilizaron en el 2022, al cual denominaron como una \u201cconsulta ciudadana\u201d<\/em><\/p>\n\n\n\n<figure class=\"wp-block-image\"><img decoding=\"async\" src=\"https:\/\/listindiario.com\/files\/image_60_60\/uploads\/2023\/05\/16\/64638cfd2419c.jpeg\" alt=\"Avatar del Javier Flores\"\/><\/figure>\n\n\n\n<p><em>\u00a0<\/em>Javier Flores, <strong>Santo Domingo, RD<\/strong><\/p>\n\n\n\n<p>A pesar de que el Tribunal Superior Electoral (TSE) orden\u00f3 la suspensi\u00f3n de la asamblea general de su comit\u00e9 central, pautada para el 8 de junio, el Partido de la Liberaci\u00f3n Dominicana (PLD) contin\u00faa insistiendo en que no se encuentran violando los plazos dispuestos por las leyes electorales.<\/p>\n\n\n\n<p>En esta ocasi\u00f3n, su secretario de asuntos electorales, Danilo D\u00edaz, manifest\u00f3 que ellos que ellos no est\u00e1n en un proceso de selecci\u00f3n de un candidato presidencial antes de la fecha establecida por la ley, octubre del 2027, y que solamente est\u00e1n realizando una \u201cconsulta\u201d para determinar cu\u00e1l ser\u00eda el aspirante presidencial a quien apoyar\u00edan y nominar\u00edan como candidato.<\/p>\n\n\n\n<p>\u201cLo que si se ha decidido es realizar una consulta en el primer trimestre del a\u00f1o 2026 para que entre las y los aspirantes presidenciales escoger uno para presentarlo en la fecha prevista\u201d, explic\u00f3 D\u00edaz en declaraciones recogidas por un comunicado de prensa enviado por la direcci\u00f3n de comunicaciones del partido de la estrella amarilla.<\/p>\n\n\n\n<p>El diputado y miembro del comit\u00e9 pol\u00edtico subray\u00f3 que dicha consulta no sustituye el proceso formal de selecci\u00f3n del candidato presidencial, sino \u201cque servir\u00e1 como una herramienta para fortalecer la unidad partidaria con miras a las elecciones de 2028\u201d.<\/p>\n\n\n\n<p>El PLD pretende repetir el mecanismo que utilizaron en el 2022, al cual denominaron como una \u201cconsulta ciudadana\u201d, el mismo fue el m\u00e9todo fue identificado por la c\u00fapula pelede\u00edsta como la forma de encontrar un \u201cbajadero\u201d a lo establecido en las leyes electorales de que los candidatos presidenciales deber\u00edan ser escogidos y proclamados durante el mes de octubre del a\u00f1o preelectoral, en ese caso, de 2023, manifestando que solo estaban \u201cmidiendo la fuerza de sus aspirantes\u201d para promocionar esa figura y que en caso de que alguien decidiese presentar su precandidatura, pues se realizar\u00edan las primarias cerradas; cosa que no ocurri\u00f3.<\/p>\n\n\n\n<p>El excalde de Santiago de los Caballeros, Abel Mart\u00ednez, fue el electo en el proceso superando a Margarita Cede\u00f1o, otra del grupo del \u201cpresidenciables\u201d; sin embargo, la idea no funcion\u00f3 ya que el exalcalde de Santiago alcanz\u00f3 apenas poco m\u00e1s del 10% durante las elecciones del 2024, siendo uno de los porcentajes m\u00e1s bajos obtenidos por el PLD en su historia partidaria.<\/p>\n\n\n\n<p>Durante una audiencia realizada este lunes, el TSE dejo en estado de fallo la solicitud de nulidad de \u201cAcuerdos Discusi\u00f3n sobre el Mecanismos y la fecha para seleccionar un aspirante a Precandidato o Precandidata Presidencial\u201d en contra del PLD y hasta tanto la decisi\u00f3n del tribunal no sea comunicada, el expartido oficialista no podr\u00e1 realizar la asamblea de su comit\u00e9 central en donde se pretend\u00eda aprobar a quienes ser\u00edan los aspirantes presidenciales que estar\u00edan participando en esa consulta.<\/p>\n\n\n\n<p>El tambi\u00e9n diputado Gustavo S\u00e1nchez, en otro comunicado difundido por el propio partido, manifest\u00f3 que existe un \u201ctratamiento desigual\u201d por parte de las autoridades, se\u00f1alando que mientras al PLD se le vigila con rigurosidad, funcionarios del actual gobierno se encuentran en abierta campa\u00f1a permanente sin consecuencias.<\/p>\n\n\n\n<p>\u201cAqu\u00ed todo el mundo sabe que los funcionarios del gobierno de turno est\u00e1n en campa\u00f1a permanente. Si quieren, yo les mando los videos de muchos regalando cosas y haciendo labores proselitistas propias de una candidatura. No solo eso, lo hacen abiertamente\u201d, denunci\u00f3 S\u00e1nchez.<\/p>\n\n\n\n<p>El vocero de la bancada peledeista en la C\u00e1mara Baja sostuvo que desde la llegada al poder del Partido Revolucionario Moderno (PRM), se ha identificado al PLD como \u201cblanco de ataques pol\u00edticos, utilizando \u00f3rganos como el Ministerio P\u00fablico y otras instancias del Estado para debilitarlo\u201d.<\/p>\n\n\n\n<h3 class=\"wp-block-heading\">Revocaran convocatoria<\/h3>\n\n\n\n<p>El miembro del comit\u00e9 pol\u00edtico indic\u00f3 que ese partido revocar\u00e1 la convocatoria realizada a su comit\u00e9 central.<\/p>\n\n\n\n<p>\u201cSimplemente es acatar las decisiones que tomaron sobre la base de los argumentos que tuvieron para evitar que la reuni\u00f3n del Comit\u00e9 Central se realice el d\u00eda 8. El PLD nunca se pondr\u00e1 en actitud desafiante frente a un \u00f3rgano del Estado\u201d, expres\u00f3 S\u00e1nchez al ser abordado por periodistas en el Congreso Nacional.<\/p>\n","protected":false},"excerpt":{"rendered":"<p>El PLD pretende repetir el mecanismo que utilizaron en el 2022, al cual denominaron como<\/p>\n","protected":false},"author":1,"featured_media":16159,"comment_status":"open","ping_status":"open","sticky":false,"template":"","format":"standard","meta":{"footnotes":""},"categories":[12],"tags":[],"class_list":["post-16158","post","type-post","status-publish","format-standard","has-post-thumbnail","hentry","category-nacionales"],"_links":{"self":[{"href":"https:\/\/samantharadionline.com\/index.php\/wp-json\/wp\/v2\/posts\/16158","targetHints":{"allow":["GET"]}}],"collection":[{"href":"https:\/\/samantharadionline.com\/index.php\/wp-json\/wp\/v2\/posts"}],"about":[{"href":"https:\/\/samantharadionline.com\/index.php\/wp-json\/wp\/v2\/types\/post"}],"author":[{"embeddable":true,"href":"https:\/\/samantharadionline.com\/index.php\/wp-json\/wp\/v2\/users\/1"}],"replies":[{"embeddable":true,"href":"https:\/\/samantharadionline.com\/index.php\/wp-json\/wp\/v2\/comments?post=16158"}],"version-history":[{"count":1,"href":"https:\/\/samantharadionline.com\/index.php\/wp-json\/wp\/v2\/posts\/16158\/revisions"}],"predecessor-version":[{"id":16160,"href":"https:\/\/samantharadionline.com\/index.php\/wp-json\/wp\/v2\/posts\/16158\/revisions\/16160"}],"wp:featuredmedia":[{"embeddable":true,"href":"https:\/\/samantharadionline.com\/index.php\/wp-json\/wp\/v2\/media\/16159"}],"wp:attachment":[{"href":"https:\/\/samantharadionline.com\/index.php\/wp-json\/wp\/v2\/media?parent=16158"}],"wp:term":[{"taxonomy":"category","embeddable":true,"href":"https:\/\/samantharadionline.com\/index.php\/wp-json\/wp\/v2\/categories?post=16158"},{"taxonomy":"post_tag","embeddable":true,"href":"https:\/\/samantharadionline.com\/index.php\/wp-json\/wp\/v2\/tags?post=16158"}],"curies":[{"name":"wp","href":"https:\/\/api.w.org\/{rel}","templated":true}]}}