{"id":16155,"date":"2025-05-27T20:40:57","date_gmt":"2025-05-28T00:40:57","guid":{"rendered":"https:\/\/samantharadionline.com\/?p=16155"},"modified":"2025-05-27T20:40:58","modified_gmt":"2025-05-28T00:40:58","slug":"martinez-dice-que-es-injusta-la-medida-que-le-impide-salir-del-pais","status":"publish","type":"post","link":"https:\/\/samantharadionline.com\/index.php\/2025\/05\/27\/martinez-dice-que-es-injusta-la-medida-que-le-impide-salir-del-pais\/","title":{"rendered":"Mart\u00ednez dice que es injusta la medida que le impide salir del pa\u00eds"},"content":{"rendered":"\n<p class=\"has-medium-font-size\"><em>Tambi\u00e9n se le impuso presentaci\u00f3n peri\u00f3dica ante las autoridades, mientras se desarrolla el proceso<\/em><\/p>\n\n\n\n<figure class=\"wp-block-image\"><img decoding=\"async\" src=\"https:\/\/listindiario.com\/files\/image_60_60\/uploads\/2025\/01\/21\/678fb9bbee568.png\" alt=\"Avatar del Yeil\u00edn Pe\u00f1a\"\/><\/figure>\n\n\n\n<p><em>\u00a0<\/em>Yeil\u00edn Pe\u00f1a, <strong>Santo Domingo, RD<\/strong><\/p>\n\n\n\n<p>\u00ab<strong>No puedo salir del pa\u00eds porque quieren atacarme, eso es injusto<\/strong>\u00ab, as\u00ed exclam\u00f3 a los medios el autodenominado detective&nbsp;<strong>\u00c1ngel Mart\u00ednez<\/strong>, al salir del tribunal tras conocerse el levantamiento de rebeld\u00eda.<\/p>\n\n\n\n<p>Mart\u00ednez se defendi\u00f3 argumentando que ha sido un ciudadano estable y localizable durante d\u00e9cadas, por lo que considera injusta la medida que le impide salir del pa\u00eds.<\/p>\n\n\n\n<p>\u00abSoy un hombre que tengo<strong>&nbsp;m\u00e1s de 55 a\u00f1os con la misma direcci\u00f3n<\/strong>&#8230; una oficina con 35 a\u00f1os en la misma direcci\u00f3n, con el mismo tel\u00e9fono y&nbsp;<strong>hoy el Gobierno dominicano dice que yo no me puedo mover de la capital<\/strong>. \u00bfD\u00f3nde voy a vivir? \u00bfen la calle?\u00bb, cuestion\u00f3 con reclamo.<\/p>\n\n\n\n<p><strong>Lea tambi\u00e9n<\/strong><\/p>\n\n\n\n<p>Adem\u00e1s de la prohibici\u00f3n de salida del pa\u00eds, a Mart\u00ednez se le impuso&nbsp;<strong>presentaci\u00f3n peri\u00f3dica<\/strong>&nbsp;ante las autoridades, mientras se desarrolla el proceso.<\/p>\n\n\n\n<p>La audiencia fue realizada&nbsp;<strong>este martes por una demanda interpuesta en 2021<\/strong>&nbsp;por el diputado del Partido Revolucionario Moderno (PRM),&nbsp;<strong>Sergio Moya<\/strong>&nbsp;(Goris), por presunta<strong>&nbsp;difamaci\u00f3n e injuria<\/strong>.<\/p>\n\n\n\n<p><strong>Lea tambi\u00e9n<\/strong><\/p>\n\n\n\n<p>El juez hab\u00eda declarado en&nbsp;<strong>rebeld\u00eda&nbsp;<\/strong>a Mart\u00ednez y sobresey\u00f3 el proceso en su contra hasta que comparezca ante el tribunal, ya que el investigador&nbsp;<strong>no se present\u00f3 a pesar de haber sido citado legalmente.<\/strong><\/p>\n\n\n\n<p>La querella de acci\u00f3n penal privada contra Mart\u00ednez fue presentada por el legislador el 10 de febrero del 2021 a trav\u00e9s de los abogados apoderados especiales Frank Reynaldo Ferm\u00edn y Emmanuel.<\/p>\n","protected":false},"excerpt":{"rendered":"<p>Tambi\u00e9n se le impuso presentaci\u00f3n peri\u00f3dica ante las autoridades, mientras se desarrolla el proceso \u00a0Yeil\u00edn<\/p>\n","protected":false},"author":1,"featured_media":16156,"comment_status":"open","ping_status":"open","sticky":false,"template":"","format":"standard","meta":{"footnotes":""},"categories":[1],"tags":[],"class_list":["post-16155","post","type-post","status-publish","format-standard","has-post-thumbnail","hentry","category-blog"],"_links":{"self":[{"href":"https:\/\/samantharadionline.com\/index.php\/wp-json\/wp\/v2\/posts\/16155","targetHints":{"allow":["GET"]}}],"collection":[{"href":"https:\/\/samantharadionline.com\/index.php\/wp-json\/wp\/v2\/posts"}],"about":[{"href":"https:\/\/samantharadionline.com\/index.php\/wp-json\/wp\/v2\/types\/post"}],"author":[{"embeddable":true,"href":"https:\/\/samantharadionline.com\/index.php\/wp-json\/wp\/v2\/users\/1"}],"replies":[{"embeddable":true,"href":"https:\/\/samantharadionline.com\/index.php\/wp-json\/wp\/v2\/comments?post=16155"}],"version-history":[{"count":1,"href":"https:\/\/samantharadionline.com\/index.php\/wp-json\/wp\/v2\/posts\/16155\/revisions"}],"predecessor-version":[{"id":16157,"href":"https:\/\/samantharadionline.com\/index.php\/wp-json\/wp\/v2\/posts\/16155\/revisions\/16157"}],"wp:featuredmedia":[{"embeddable":true,"href":"https:\/\/samantharadionline.com\/index.php\/wp-json\/wp\/v2\/media\/16156"}],"wp:attachment":[{"href":"https:\/\/samantharadionline.com\/index.php\/wp-json\/wp\/v2\/media?parent=16155"}],"wp:term":[{"taxonomy":"category","embeddable":true,"href":"https:\/\/samantharadionline.com\/index.php\/wp-json\/wp\/v2\/categories?post=16155"},{"taxonomy":"post_tag","embeddable":true,"href":"https:\/\/samantharadionline.com\/index.php\/wp-json\/wp\/v2\/tags?post=16155"}],"curies":[{"name":"wp","href":"https:\/\/api.w.org\/{rel}","templated":true}]}}