{"id":16152,"date":"2025-05-27T17:31:44","date_gmt":"2025-05-27T21:31:44","guid":{"rendered":"https:\/\/samantharadionline.com\/?p=16152"},"modified":"2025-05-27T17:31:44","modified_gmt":"2025-05-27T21:31:44","slug":"aprueban-30-mas-a-pago-de-nominas-incluyendo-remuneraciones-de-funcionarios-electivos","status":"publish","type":"post","link":"https:\/\/samantharadionline.com\/index.php\/2025\/05\/27\/aprueban-30-mas-a-pago-de-nominas-incluyendo-remuneraciones-de-funcionarios-electivos\/","title":{"rendered":"Aprueban 30 % mas a pago de n\u00f3minas, incluyendo remuneraciones de funcionarios electivos"},"content":{"rendered":"\n<p class=\"has-medium-font-size\"><em>La C\u00e1mara de Diputados aprob\u00f3 en primera discusi\u00f3n elevar desde un 25 % hasta el 30 % la partida presupuestaria de las alcald\u00edas destinada al pago de n\u00f3mina y gastos del personal que ejerce funciones administrativas<\/em><\/p>\n\n\n\n<figure class=\"wp-block-image\"><img decoding=\"async\" src=\"https:\/\/listindiario.com\/files\/image_60_60\/uploads\/2023\/05\/16\/64637a1e3ff38.jpeg\" alt=\"Avatar del \u00c1ngel Valdez\"\/><\/figure>\n\n\n\n<p><em>\u00a0<\/em>\u00c1ngel Valdez, <strong>Santo Domingo, RD<\/strong><\/p>\n\n\n\n<p>La&nbsp;<strong>C\u00e1mara de Diputados<\/strong>&nbsp;aprob\u00f3 en primera discusi\u00f3n elevar desde un 25 % hasta el 30 % la partida presupuestaria de las<strong>&nbsp;alcald\u00edas&nbsp;<\/strong>destinada al pago de&nbsp;<strong>n\u00f3mina&nbsp;<\/strong>y gastos del personal que ejerce funciones administrativas. Dentro de los que incluye tambi\u00e9n a \u201clas remuneraciones de sus funcionarios electivos\u201d.<\/p>\n\n\n\n<p>Esta modificaci\u00f3n, situada en el art\u00edculo 21 de la&nbsp;<strong>Ley 176-07<\/strong>&nbsp;de&nbsp;<strong>Ayuntamientos<\/strong>&nbsp;y del Distrito Nacional, es parte de la readecuaci\u00f3n que realizan los legisladores para solucionar el \u201cvac\u00edo legal\u201d registrado en los casos de sustituci\u00f3n de alcaldes, cuando la vicealcaldesa tambi\u00e9n renuncie.<\/p>\n\n\n\n<p>El proyecto de ley, enviado por el&nbsp;<strong>Senado de la Rep\u00fablica<\/strong>&nbsp;y favorecido este martes por unanimidad por los representantes de la<strong>&nbsp;c\u00e1mara baja<\/strong>, es el resultado de la fusi\u00f3n de tres piezas legislativas que buscan eliminar las atribuciones del<strong>&nbsp;Poder Ejecutivo<\/strong>&nbsp;para resolver, mediante decreto, la designaci\u00f3n en los cabildos.<\/p>\n\n\n\n<p>En este contexto, la vicepresidenta del \u00f3rgano legislativo, Dhaurely D&#8217; aza, present\u00f3 su documento legislativo en el que, adem\u00e1s, recomienda \u201creajustar\u201d el tope de los presupuestos municipales. La Comisi\u00f3n de Asuntos Municipales, presidida por el diputado&nbsp;<strong>Eliazer Matos<\/strong>, estudi\u00f3 la recomendaci\u00f3n de la&nbsp;<strong>legisladora<\/strong>, acogi\u00e9ndola en el informe favorable presentado en la sesi\u00f3n.<\/p>\n\n\n\n<p>Adem\u00e1s de aumentar \u201clas&nbsp;<strong>remuneraciones<\/strong>&nbsp;de sus funcionarios electivos\u201d, el nuevo marco legislativo, si fuese aprobado en una segunda lectura, unificar\u00eda en un 66% la atenci\u00f3n a los gastos derivados de la \u201cprestaci\u00f3n de los diferentes servicios, la construcci\u00f3n, ampliaci\u00f3n, remodelaci\u00f3n o cualquier intervenci\u00f3n en las infraestructuras, as\u00ed como equipamientos comunitarios e inversiones de capital\u201d.<\/p>\n\n\n\n<p>Mientras que mantiene en&nbsp;<strong>4 % los fondos destinados a programas de educaci\u00f3n<\/strong>,<strong>&nbsp;salud y g\u00e9nero<\/strong>.<\/p>\n\n\n\n<p>\u201cEl \u00f3rgano normativo dispondr\u00e1 en el presupuesto municipal el proceso de aplicaci\u00f3n de estos programas, los criterios para su distribuci\u00f3n y los requisitos que habr\u00e1n de reunir las organizaciones e instituciones con las cuales la administraci\u00f3n municipal coordine su implementaci\u00f3n\u201d, establece el literal C del art\u00edculo antes mencionado.<\/p>\n\n\n\n<p>D\u00b4aza asegur\u00f3 que este proyecto proviene de la profunda reflexi\u00f3n sobre la realidad municipal dominicana, pues durante a\u00f1os hemos escuchado clamar por inversiones y servicios de calidad.<\/p>\n\n\n\n<p>\u201cEste proyecto responde precisamente a esas necesidades y adem\u00e1s se adapta a la marcada heterogeneidad que tienen los territorios de nuestro pa\u00eds. No es lo mismo el municipio de B\u00e1nica, el m\u00e1s peque\u00f1o de nuestro pa\u00eds, que el municipio de Santiago de los Caballeros. Al ajustar los topes del presupuesto\u2026\u201d, manifest\u00f3 al motivar su visi\u00f3n legislativa durante su ponencia en el hemiciclo.<\/p>\n\n\n\n<h3 class=\"wp-block-heading\">sanci\u00f3n<\/h3>\n\n\n\n<p>El primer p\u00e1rrafo del art\u00edculo declara que, si fuese violado, ser\u00edan sancionados con&nbsp;<strong>penas de dos a cinco a\u00f1os de prisi\u00f3n<\/strong>, junto al pago de una indemnizaci\u00f3n de cinco a 20<strong>&nbsp;salarios m\u00ednimos<\/strong>, as\u00ed como tambi\u00e9n la inhabilitaci\u00f3n para el&nbsp;<strong>servicio p\u00fablico&nbsp;<\/strong>prevista por la legislaci\u00f3n penal dominicana para estos casos. No obstante, esta no precisa si se refiere a los funcionarios de elecci\u00f3n popular (alcaldes y vicealcaldes) u otro empleado del gobierno local.<\/p>\n\n\n\n<p>\u201cEn el caso de que el tesorero y el contralor municipal no denuncien ante las autoridades de control y&nbsp;<strong>persecuci\u00f3n<\/strong>&nbsp;competentes, se castigar\u00e1n como infractores y de acuerdo con la sanci\u00f3n antes mencionada\u201d, especifica la norma legislativa.<\/p>\n\n\n\n<h3 class=\"wp-block-heading\">Vac\u00edo legal<\/h3>\n\n\n\n<p>La soluci\u00f3n, contemplada en el proyecto, al vac\u00edo legal registrado en la Ley 176-07 de Ayuntamientos y el Distrito Nacional, situado en los p\u00e1rrafos del art\u00edculo 64, le ordena al&nbsp;<strong>Concejo de Regidores<\/strong>&nbsp;recibir una propuesta de la organizaci\u00f3n pol\u00edtica para llenar la vacante ocasionada por la renuncia del alcalde.<\/p>\n\n\n\n<p>Con esto, los representantes de la sala capitular no tendr\u00edan que acudir al presidente de la Rep\u00fablica para que determine qui\u00e9n ser\u00e1 el pr\u00f3ximo alcalde juramentado. &nbsp;<\/p>\n\n\n\n<p>\u201cSi no hubiese vicealcalde o vicealcaldesa, o este renunciase o no pudiese ejercer las funciones de alcalde, asumir\u00e1 la alcald\u00eda de manera provisional el secretario general del&nbsp;<strong>ayuntamiento<\/strong>&nbsp;en aquellos municipios que dispongan de este funcionario y, si el ayuntamiento no cuenta con secretario general, ocupar\u00e1 la posici\u00f3n el<strong>&nbsp;funcionario<\/strong>&nbsp;ejecutivo de mayor jerarqu\u00eda\u201d, contendr\u00eda el primer p\u00e1rrafo.<\/p>\n\n\n\n<p>Indica que, dentro de los cinco d\u00edas h\u00e1biles de haber conocido la vacante definitiva del vicealcalde o vicealcaldesa, el presidente del&nbsp;<strong>Concejo de Regidores<\/strong>&nbsp;solicitar\u00e1 a la organizaci\u00f3n pol\u00edtica que postul\u00f3 al alcalde o alcaldesa en las pasadas elecciones municipales, para que someta ante el Concejo la propuesta de quien cubrir\u00e1 el cargo de vicealcalde o vicealcaldesa.<\/p>\n\n\n\n<p>\u201cUna vez recibida la propuesta, remitida por la organizaci\u00f3n pol\u00edtica, el presidente del Concejo de Regidores, dentro de un plazo no mayor de diez d\u00edas h\u00e1biles, convocar\u00e1 a sesi\u00f3n extraordinaria para conocer la propuesta y juramentar a quien desempe\u00f1ar\u00e1 el cargo de vicealcalde o vicealcaldesa del ayuntamiento\u201d, ordenar\u00eda el tercer p\u00e1rrafo.<\/p>\n\n\n\n<p>Si este proyecto fuese convertido en ley, posteriormente promulgada por el&nbsp;<strong>Poder Ejecutivo<\/strong>, instruir\u00eda el mismo procedimiento cuando surja un inconveniente en la l\u00ednea sucesional de los vocales y suplentes de&nbsp;<strong>regidores<\/strong>, oblig\u00e1ndole al Concejo Municipal acudir a las organizaciones pol\u00edticas.<\/p>\n","protected":false},"excerpt":{"rendered":"<p>La C\u00e1mara de Diputados aprob\u00f3 en primera discusi\u00f3n elevar desde un 25 % hasta el<\/p>\n","protected":false},"author":1,"featured_media":16153,"comment_status":"open","ping_status":"open","sticky":false,"template":"","format":"standard","meta":{"footnotes":""},"categories":[10],"tags":[],"class_list":["post-16152","post","type-post","status-publish","format-standard","has-post-thumbnail","hentry","category-economica"],"_links":{"self":[{"href":"https:\/\/samantharadionline.com\/index.php\/wp-json\/wp\/v2\/posts\/16152","targetHints":{"allow":["GET"]}}],"collection":[{"href":"https:\/\/samantharadionline.com\/index.php\/wp-json\/wp\/v2\/posts"}],"about":[{"href":"https:\/\/samantharadionline.com\/index.php\/wp-json\/wp\/v2\/types\/post"}],"author":[{"embeddable":true,"href":"https:\/\/samantharadionline.com\/index.php\/wp-json\/wp\/v2\/users\/1"}],"replies":[{"embeddable":true,"href":"https:\/\/samantharadionline.com\/index.php\/wp-json\/wp\/v2\/comments?post=16152"}],"version-history":[{"count":1,"href":"https:\/\/samantharadionline.com\/index.php\/wp-json\/wp\/v2\/posts\/16152\/revisions"}],"predecessor-version":[{"id":16154,"href":"https:\/\/samantharadionline.com\/index.php\/wp-json\/wp\/v2\/posts\/16152\/revisions\/16154"}],"wp:featuredmedia":[{"embeddable":true,"href":"https:\/\/samantharadionline.com\/index.php\/wp-json\/wp\/v2\/media\/16153"}],"wp:attachment":[{"href":"https:\/\/samantharadionline.com\/index.php\/wp-json\/wp\/v2\/media?parent=16152"}],"wp:term":[{"taxonomy":"category","embeddable":true,"href":"https:\/\/samantharadionline.com\/index.php\/wp-json\/wp\/v2\/categories?post=16152"},{"taxonomy":"post_tag","embeddable":true,"href":"https:\/\/samantharadionline.com\/index.php\/wp-json\/wp\/v2\/tags?post=16152"}],"curies":[{"name":"wp","href":"https:\/\/api.w.org\/{rel}","templated":true}]}}