{"id":16145,"date":"2025-05-27T16:16:21","date_gmt":"2025-05-27T20:16:21","guid":{"rendered":"https:\/\/samantharadionline.com\/?p=16145"},"modified":"2025-05-27T16:18:56","modified_gmt":"2025-05-27T20:18:56","slug":"trump-no-se-detiene-amenaza-con-aranceles-del-25-a-samsung-y-otros-fabricantes","status":"publish","type":"post","link":"https:\/\/samantharadionline.com\/index.php\/2025\/05\/27\/trump-no-se-detiene-amenaza-con-aranceles-del-25-a-samsung-y-otros-fabricantes\/","title":{"rendered":"Trump no se detiene: Amenaza con aranceles del 25% a Samsung y otros fabricantes"},"content":{"rendered":"\n<p>Por La Redacci\u00f3n de Samantha Radio Online,\u00a0<strong>Santo Domingo, R.D.<\/strong><\/p>\n\n\n\n<p>El expresidente de EE.UU., <strong>Donald Trump<\/strong>, ha anunciado su intenci\u00f3n de imponer <strong>aranceles del 25%<\/strong> a fabricantes de tel\u00e9fonos m\u00f3viles como <strong>Samsung<\/strong>, en un esfuerzo por incentivar la producci\u00f3n dentro de Estados Unidos.<\/p>\n\n\n\n<p>Inicialmente, Trump hab\u00eda amenazado con aplicar estos aranceles a <strong>Apple<\/strong>, pero luego aclar\u00f3 que la medida se extender\u00eda a <strong>todas las compa\u00f1\u00edas tecnol\u00f3gicas<\/strong> que fabriquen dispositivos fuera del pa\u00eds2. Seg\u00fan sus declaraciones en la <strong>Casa Blanca<\/strong>, los nuevos impuestos entrar\u00edan en vigor a finales de junio y afectar\u00edan a cualquier empresa que no traslade su producci\u00f3n a territorio estadounidense.<\/p>\n\n\n\n<p>El objetivo de esta pol\u00edtica es reducir la dependencia de la manufactura extranjera y fortalecer la industria nacional. Sin embargo, expertos advierten que estos aranceles podr\u00edan <strong>encarecer los productos tecnol\u00f3gicos<\/strong> y generar tensiones comerciales con pa\u00edses asi\u00e1ticos clave en la cadena de suministro.<\/p>\n\n\n\n<p>Samsung, que fabrica gran parte de sus dispositivos en <strong>Corea del Sur, Vietnam e India<\/strong>, ser\u00eda una de las empresas m\u00e1s afectadas por esta medida. Adem\u00e1s, otras marcas de tel\u00e9fonos Android, como <strong>OnePlus y Motorola<\/strong>, tambi\u00e9n podr\u00edan enfrentar estos impuestos si no trasladan su producci\u00f3n a EE.UU..<\/p>\n\n\n\n<p>La propuesta de Trump forma parte de su estrategia de <strong>reindustrializaci\u00f3n nacional<\/strong>, con la que busca presionar a las multinacionales tecnol\u00f3gicas para que establezcan f\u00e1bricas en suelo estadounidense<\/p>\n\n\n\n<p>En un movimiento que podr\u00eda intensificar la&nbsp;<strong>guerra comercial<\/strong>, el presidente Donald Trump ha declarado que planea imponer un arancel del 25% a la surcoreana Samsung y a otros fabricantes de m\u00f3viles si no trasladan su producci\u00f3n a Estados Unidos.&nbsp;<\/p>\n\n\n\n<p>Esta decisi\u00f3n se alinea con la pol\u00edtica de Trump de fomentar la producci\u00f3n nacional y reducir la dependencia de las importaciones extranjeras.<strong>&nbsp;La medida, que ya hab\u00eda sido advertida a Apple, busca asegurar que las empresas tecnol\u00f3gicas que venden en el mercado estadounidense tambi\u00e9n fabriquen sus productos en el pa\u00eds.<\/strong><a target=\"_blank\" rel=\"noreferrer noopener\"><\/a><\/p>\n\n\n\n<p>Durante una conferencia en el Despacho Oval, Trump enfatiz\u00f3 que las medidas arancelarias entrar\u00edan en vigor a finales de junio, afectando a cualquier compa\u00f1\u00eda que no cumpla con sus requisitos de producci\u00f3n local. \u00abSi van a vender en Estados Unidos, quiero que fabriquen aqu\u00ed\u00bb, insisti\u00f3 el mandatario.\u00a0<strong>Esta postura ha generado preocupaci\u00f3n en el sector tecnol\u00f3gico, ya que podr\u00eda alterar significativamente las cadenas de suministro globales y aumentar los costos de producci\u00f3n.<\/strong><\/p>\n\n\n\n<figure class=\"wp-block-image size-full is-resized\"><img loading=\"lazy\" decoding=\"async\" width=\"616\" height=\"299\" src=\"https:\/\/samantharadionline.com\/wp-content\/uploads\/2025\/05\/image-3.png\" alt=\"\" class=\"wp-image-16146\" style=\"width:840px;height:auto\" srcset=\"https:\/\/samantharadionline.com\/wp-content\/uploads\/2025\/05\/image-3.png 616w, https:\/\/samantharadionline.com\/wp-content\/uploads\/2025\/05\/image-3-300x146.png 300w\" sizes=\"auto, (max-width: 616px) 100vw, 616px\" \/><\/figure>\n\n\n\n<p>Donald Trump. Fuente: ABC News.<\/p>\n\n\n\n<p>La advertencia de Trump a Apple, realizada a trav\u00e9s de su cuenta en Truth Social, ya ha tenido un impacto en el mercado. Las acciones de Apple cayeron un 3% en Wall Street tras el anuncio, arrastrando consigo al sector tecnol\u00f3gico. Trump record\u00f3 al director ejecutivo de Apple, Tim Cook, que trasladar la producci\u00f3n de iPhones a la India implicar\u00eda un aumento en los grav\u00e1menes.<strong>&nbsp;\u00abEst\u00e1 bien ir a la India, pero no vender\u00e1n aqu\u00ed sin aranceles, y as\u00ed son las cosas\u00bb, afirm\u00f3 el presidente.<\/strong><a target=\"_blank\" rel=\"noreferrer noopener\"><\/a><\/p>\n\n\n\n<p>Desde su regreso al poder, Trump ha adoptado varias medidas arancelarias contra sus socios comerciales, algunas de las cuales han sido suspendidas temporalmente. Sin embargo, su enfoque en la producci\u00f3n nacional sigue siendo una prioridad, y esta nueva amenaza de aranceles podr\u00eda ser un paso m\u00e1s en su estrategia para revitalizar la manufactura estadounidense.<\/p>\n","protected":false},"excerpt":{"rendered":"<p>Por La Redacci\u00f3n de Samantha Radio Online,\u00a0Santo Domingo, R.D. El expresidente de EE.UU., Donald Trump,<\/p>\n","protected":false},"author":1,"featured_media":16148,"comment_status":"open","ping_status":"open","sticky":false,"template":"","format":"standard","meta":{"footnotes":""},"categories":[4],"tags":[],"class_list":["post-16145","post","type-post","status-publish","format-standard","has-post-thumbnail","hentry","category-mundiales"],"_links":{"self":[{"href":"https:\/\/samantharadionline.com\/index.php\/wp-json\/wp\/v2\/posts\/16145","targetHints":{"allow":["GET"]}}],"collection":[{"href":"https:\/\/samantharadionline.com\/index.php\/wp-json\/wp\/v2\/posts"}],"about":[{"href":"https:\/\/samantharadionline.com\/index.php\/wp-json\/wp\/v2\/types\/post"}],"author":[{"embeddable":true,"href":"https:\/\/samantharadionline.com\/index.php\/wp-json\/wp\/v2\/users\/1"}],"replies":[{"embeddable":true,"href":"https:\/\/samantharadionline.com\/index.php\/wp-json\/wp\/v2\/comments?post=16145"}],"version-history":[{"count":2,"href":"https:\/\/samantharadionline.com\/index.php\/wp-json\/wp\/v2\/posts\/16145\/revisions"}],"predecessor-version":[{"id":16150,"href":"https:\/\/samantharadionline.com\/index.php\/wp-json\/wp\/v2\/posts\/16145\/revisions\/16150"}],"wp:featuredmedia":[{"embeddable":true,"href":"https:\/\/samantharadionline.com\/index.php\/wp-json\/wp\/v2\/media\/16148"}],"wp:attachment":[{"href":"https:\/\/samantharadionline.com\/index.php\/wp-json\/wp\/v2\/media?parent=16145"}],"wp:term":[{"taxonomy":"category","embeddable":true,"href":"https:\/\/samantharadionline.com\/index.php\/wp-json\/wp\/v2\/categories?post=16145"},{"taxonomy":"post_tag","embeddable":true,"href":"https:\/\/samantharadionline.com\/index.php\/wp-json\/wp\/v2\/tags?post=16145"}],"curies":[{"name":"wp","href":"https:\/\/api.w.org\/{rel}","templated":true}]}}