{"id":16129,"date":"2025-05-27T15:50:38","date_gmt":"2025-05-27T19:50:38","guid":{"rendered":"https:\/\/samantharadionline.com\/?p=16129"},"modified":"2025-05-27T15:51:00","modified_gmt":"2025-05-27T19:51:00","slug":"angel-martinez-lo-llevaran-a-dos-tribunales-que-lo-han-declarado-en-rebeldia-por-los-casos-de-guido-y-gory-moya","status":"publish","type":"post","link":"https:\/\/samantharadionline.com\/index.php\/2025\/05\/27\/angel-martinez-lo-llevaran-a-dos-tribunales-que-lo-han-declarado-en-rebeldia-por-los-casos-de-guido-y-gory-moya\/","title":{"rendered":"\u00c1ngel Mart\u00ednez lo llevaran a dos tribunales que lo han declarado en rebeld\u00eda por los casos de Guido y Gory Moya"},"content":{"rendered":"\n<p class=\"has-medium-font-size\"><em>G\u00f3mez Mazara acusa a Mart\u00ednez de haber afirmado que \u00e9l recog\u00eda dinero del narcotr\u00e1fico para entreg\u00e1rselo al presidente Luis Abinader cuando este era candidato<\/em><\/p>\n\n\n\n<figure class=\"wp-block-image\"><img decoding=\"async\" src=\"https:\/\/listindiario.com\/files\/image_60_60\/uploads\/2023\/05\/11\/645d0fa7541ad.png\" alt=\"Avatar del Ram\u00f3n Cruz Benz\u00e1n\"\/><\/figure>\n\n\n\n<p><em>&nbsp;<\/em>Ram\u00f3n Cruz Benz\u00e1n, <strong>Santo Domingo, RD.<\/strong><\/p>\n\n\n\n<p>El se\u00f1or<strong>&nbsp;\u00c1ngel Mart\u00ednez<\/strong>, radicado en&nbsp;<strong>Miami<\/strong>, fue detenido el lunes 26 de mayo en Puerto Plata y hoy ser\u00e1 trasladado a dos tribunales que lo declararon en&nbsp;<strong>rebeld\u00eda<\/strong>.<\/p>\n\n\n\n<p>Mart\u00ednez ser\u00e1 presentado primero ante la jueza de la Novena Sala Penal del Distrito Nacional&nbsp;para una audiencia cuyo objetivo es levantar la rebeld\u00eda dictada en su contra en 2021.<\/p>\n\n\n\n<p>Una vez que el tribunal, presidido por la magistrada Milagros Ram\u00edrez, ordene el levantamiento,&nbsp;<strong>Mart\u00ednez quedar\u00eda en libertad<\/strong>, con el compromiso de asistir a las audiencias del proceso que se le sigue, a menos que el&nbsp;<strong>Ministerio P\u00fablico<\/strong>&nbsp;lo aprese por otro hecho.<\/p>\n\n\n\n<p>El entonces juez de la Novena Sala Penal del Distrito Nacional, Vladimir Rosario Garc\u00eda, emiti\u00f3 la orden de arresto y captura internacional contra Mart\u00ednez. Esto se dio a ra\u00edz de una demanda interpuesta por el&nbsp;<strong>dirigente pol\u00edtico<\/strong>&nbsp;y presidente del&nbsp;<strong>Instituto Dominicano de las Telecomunicaciones<\/strong>&nbsp;(Indotel),&nbsp;<strong>Guido G\u00f3mez Mazara<\/strong>, por presunta difamaci\u00f3n e injuria y violaci\u00f3n de la Ley de Cr\u00edmenes y Delitos de Alta Tecnolog\u00eda.<\/p>\n\n\n\n<p>G\u00f3mez Mazara acusa a Mart\u00ednez de haber afirmado que \u00e9l recog\u00eda dinero del&nbsp;<strong>narcotr\u00e1fico&nbsp;<\/strong>para entreg\u00e1rselo al<strong>&nbsp;presidente Luis Abinader&nbsp;<\/strong>cuando este era candidato. Mart\u00ednez no se ha presentado a ninguna de las cinco audiencias celebradas, incluyendo la vista conciliatoria.<\/p>\n\n\n\n<p>Posteriormente, Mart\u00ednez tambi\u00e9n deber\u00e1 ser llevado a la Segunda Sala Penal del Distrito Nacional.<\/p>\n\n\n\n<p>En este tribunal se conocer\u00e1 otra audiencia para el levantamiento de la&nbsp;<strong>rebeld\u00eda&nbsp;<\/strong>que tambi\u00e9n se dict\u00f3 en su contra en 2021.<\/p>\n\n\n\n<p>La orden de arresto y captura internacional fue emitida por el entonces juez suplente de la Segunda Sala, Raymundo Mej\u00eda, quien conoci\u00f3 una demanda interpuesta por el diputado\u00a0Sergio Moya (Goris), del\u00a0<strong>Partido Revolucionario Moderno\u00a0<\/strong>(PRM), tambi\u00e9n por presunta difamaci\u00f3n e injuria.<\/p>\n\n\n\n<p>El juez declar\u00f3 en rebeld\u00eda a Mart\u00ednez y sobresey\u00f3 el proceso en su contra hasta que comparezca ante el tribunal, ya que el investigador no se present\u00f3 a pesar de haber sido citado legalmente.<\/p>\n\n\n\n<p>La querella de<strong>&nbsp;acci\u00f3n penal privada contra Mart\u00ednez<\/strong>&nbsp;fue presentada por el legislador el 10 de febrero del 2021 a trav\u00e9s de los abogados apoderados especiales Frank Reynaldo Ferm\u00edn y Emmanuel.<\/p>\n","protected":false},"excerpt":{"rendered":"<p>G\u00f3mez Mazara acusa a Mart\u00ednez de haber afirmado que \u00e9l recog\u00eda dinero del narcotr\u00e1fico para<\/p>\n","protected":false},"author":1,"featured_media":16130,"comment_status":"open","ping_status":"open","sticky":false,"template":"","format":"standard","meta":{"footnotes":""},"categories":[11,12],"tags":[],"class_list":["post-16129","post","type-post","status-publish","format-standard","has-post-thumbnail","hentry","category-entretenimiento","category-nacionales"],"_links":{"self":[{"href":"https:\/\/samantharadionline.com\/index.php\/wp-json\/wp\/v2\/posts\/16129","targetHints":{"allow":["GET"]}}],"collection":[{"href":"https:\/\/samantharadionline.com\/index.php\/wp-json\/wp\/v2\/posts"}],"about":[{"href":"https:\/\/samantharadionline.com\/index.php\/wp-json\/wp\/v2\/types\/post"}],"author":[{"embeddable":true,"href":"https:\/\/samantharadionline.com\/index.php\/wp-json\/wp\/v2\/users\/1"}],"replies":[{"embeddable":true,"href":"https:\/\/samantharadionline.com\/index.php\/wp-json\/wp\/v2\/comments?post=16129"}],"version-history":[{"count":2,"href":"https:\/\/samantharadionline.com\/index.php\/wp-json\/wp\/v2\/posts\/16129\/revisions"}],"predecessor-version":[{"id":16132,"href":"https:\/\/samantharadionline.com\/index.php\/wp-json\/wp\/v2\/posts\/16129\/revisions\/16132"}],"wp:featuredmedia":[{"embeddable":true,"href":"https:\/\/samantharadionline.com\/index.php\/wp-json\/wp\/v2\/media\/16130"}],"wp:attachment":[{"href":"https:\/\/samantharadionline.com\/index.php\/wp-json\/wp\/v2\/media?parent=16129"}],"wp:term":[{"taxonomy":"category","embeddable":true,"href":"https:\/\/samantharadionline.com\/index.php\/wp-json\/wp\/v2\/categories?post=16129"},{"taxonomy":"post_tag","embeddable":true,"href":"https:\/\/samantharadionline.com\/index.php\/wp-json\/wp\/v2\/tags?post=16129"}],"curies":[{"name":"wp","href":"https:\/\/api.w.org\/{rel}","templated":true}]}}