{"id":16117,"date":"2025-05-27T07:26:06","date_gmt":"2025-05-27T11:26:06","guid":{"rendered":"https:\/\/samantharadionline.com\/?p=16117"},"modified":"2025-05-27T07:26:07","modified_gmt":"2025-05-27T11:26:07","slug":"nunca-debieron-secuestrar-mi-dignidad","status":"publish","type":"post","link":"https:\/\/samantharadionline.com\/index.php\/2025\/05\/27\/nunca-debieron-secuestrar-mi-dignidad\/","title":{"rendered":"\u201cNunca debieron secuestrar mi dignidad\u201d"},"content":{"rendered":"\n<p class=\"has-medium-font-size\"><em>No se confabul\u00f3 con ning\u00fan funcionario para afectar las arcas p\u00fablicas y que la prueba con la cual pretenden comprometerle \u00abfue distorsionada frente a la opini\u00f3n p\u00fablica\u00bb<\/em><\/p>\n\n\n\n<figure class=\"wp-block-image\"><img decoding=\"async\" src=\"https:\/\/listindiario.com\/files\/image_60_60\/uploads\/2023\/05\/11\/645d0fa7541ad.png\" alt=\"Avatar del Ram\u00f3n Cruz Benz\u00e1n\"\/><\/figure>\n\n\n\n<p><em>\u00a0<\/em>Ram\u00f3n Cruz Benz\u00e1n, <strong>Santo Domingo, RD\u00a0<\/strong><\/p>\n\n\n\n<p>El exministro de Salud P\u00fablica,&nbsp;<strong>Freddy Hidalgo N\u00fa\u00f1ez<\/strong>, reclam\u00f3 que nunca debieron \u00absecuestrar\u00bb su dignidad al involucrarlo en un caso de&nbsp;<strong>corrupci\u00f3n<\/strong>, pues desde el Estado se dedic\u00f3 exclusivamente a trabajar por la salud de los dominicanos.<\/p>\n\n\n\n<p>Durante la presentaci\u00f3n de sus conclusiones en el&nbsp;<strong>juicio de fondo<\/strong>&nbsp;que se le sigue junto a&nbsp;<strong>Alexis Medina<\/strong>&nbsp;y coimputados, Hidalgo N\u00fa\u00f1ez afirm\u00f3 que demostr\u00f3 que su \u00abreducido&nbsp;<strong>patrimonio<\/strong>&nbsp;familiar es producto del&nbsp;<strong>trabajo<\/strong>,<strong>&nbsp;organizaci\u00f3n&nbsp;<\/strong>y&nbsp;<strong>sacrificio<\/strong>&nbsp;de m\u00e1s de 30 a\u00f1os de ejercicio profesional\u00bb.<\/p>\n\n\n\n<p>Destac\u00f3, como prueba de su desvinculaci\u00f3n con cualquier pr\u00e1ctica de corrupci\u00f3n, que en los m\u00e1s de cuatro a\u00f1os que lleva su caso nunca ha sido interrogado, ni siquiera cuando fue apresado.&nbsp;<\/p>\n\n\n\n<p>Plante\u00f3 que el Ministerio P\u00fablico no pudo presentar pruebas contra \u00e9l de&nbsp;<strong>enriquecimiento il\u00edcito<\/strong>,&nbsp;<strong>lavado de activos<\/strong>,<strong>&nbsp;testaferro<\/strong>&nbsp;o&nbsp;<strong>soborno<\/strong>, porque \u00abcomprobaron que sus pocos bienes tienen un origen l\u00edcito, transparente y demostrable\u00bb.<\/p>\n\n\n\n<p>Asimismo, precis\u00f3 que el juez que conoci\u00f3 el juicio preliminar estableci\u00f3 que, en su caso, no procede la calificaci\u00f3n jur\u00eddica de conclusi\u00f3n y que tampoco resulta subsumible lo previsto para el<strong>&nbsp;desfalco<\/strong>.<\/p>\n\n\n\n<p>Sobre la acusaci\u00f3n de<strong>&nbsp;asociaci\u00f3n de malhechores<\/strong>&nbsp;y coalici\u00f3n de funcionarios, el exministro de Salud dijo que el<strong>&nbsp;Ministerio P\u00fablico<\/strong>&nbsp;no pudo presentar pruebas fehacientes que demostraran esas imputaciones, porque durante su gesti\u00f3n no tuvo v\u00ednculos con suplidores del&nbsp;<strong>Ministerio de Salud<\/strong>, incluyendo a Alexis Medina, con quien \u00abnunca le uni\u00f3 alg\u00fan tipo de relaci\u00f3n, tampoco con sus empresas\u00bb.<\/p>\n\n\n\n<p>Manifest\u00f3 que no se confabul\u00f3 con ning\u00fan funcionario para afectar las arcas p\u00fablicas y que la prueba con la cual pretenden comprometerle \u00abfue distorsionada frente a&nbsp;la opini\u00f3n p\u00fablica\u00bb.<\/p>\n\n\n\n<p>Sostuvo que la dispensa que solicit\u00f3 al Contralor de la Rep\u00fablica fue para honrar deudas con 25 empresas. Indic\u00f3 que es \u00abfalso que la solicitud estuviera dirigida a beneficiar a una o dos empresas en particular\u00bb, y que as\u00ed lo demuestra la misma prueba presentada por el Ministerio P\u00fablico.<\/p>\n\n\n\n<p>Resalt\u00f3 que su accionar \u00absiempre benefici\u00f3 al Estado\u00bb, como lo revela el ahorro de m\u00e1s de 1,900 millones de pesos en las compras durante el a\u00f1o 2013, informaci\u00f3n a la que tuvo acceso el Ministerio P\u00fablico.<\/p>\n\n\n\n<p>En cuanto al proceso de remodelaci\u00f3n de 56 hospitales, se\u00f1al\u00f3 que la intenci\u00f3n de relacionar su gesti\u00f3n con presuntas irregularidades se trat\u00f3 de \u00abuna estrategia de&nbsp;<strong>marketing<\/strong>&nbsp;para posicionar el caso ante los medios de comunicaci\u00f3n\u00bb.<\/p>\n\n\n\n<p>Puntualiz\u00f3 que el proceso de adjudicaci\u00f3n de la remodelaci\u00f3n de esos 56 hospitales se hizo mediante un sorteo p\u00fablico en el que participaron m\u00e1s de 1,800 oferentes y que la intervenci\u00f3n en los centros de salud se limitaba exclusivamente a la parte de la infraestructura. Subray\u00f3 que su gesti\u00f3n lleg\u00f3 hasta el momento de la entrega del 20 % de los recursos para el inicio de los trabajos, porque fue desvinculado el 10 de octubre de 2014.<\/p>\n\n\n\n<p>\u201cTodo lo bueno o malo que pudiera haber pasado de ah\u00ed en adelante no compromete mi responsabilidad\u201d, acot\u00f3 Hidalgo.<\/p>\n\n\n\n<p>En lo referente a la resoluci\u00f3n de declaratoria de urgencia, se\u00f1alada como una estrategia para comprar exclusivamente kits de Semana Santa, el exfuncionario dijo que con el tiempo aprendi\u00f3 de comunicaci\u00f3n judicial, y que \u00absolo la necesidad que ten\u00eda el Ministerio P\u00fablico de posicionar su discurso justific\u00f3 semejante se\u00f1alamiento\u00bb.<\/p>\n\n\n\n<p>Reiter\u00f3 que fue al Ministerio de Salud P\u00fablica a trabajar por la gente, como lo evidencia el desmonte de la cuota de recuperaci\u00f3n, la reducci\u00f3n de las muertes maternas e infantiles, la introducci\u00f3n de la vacuna del neumococo, el inicio del Sistema Nacional de Atenci\u00f3n y Seguridad&nbsp;<strong>911<\/strong>, la puesta en funcionamiento de nuevos hospitales, la declaratoria del pa\u00eds como campe\u00f3n en la erradicaci\u00f3n de la malaria en Las Am\u00e9ricas y el inicio de la construcci\u00f3n de 50 centros de diagn\u00f3stico para el Primer Nivel de Atenci\u00f3n.<\/p>\n\n\n\n<p>Hidalgo N\u00fa\u00f1ez expres\u00f3 su confianza en que las juezas que integran el Segundo<strong>&nbsp;Tribunal<\/strong>&nbsp;Colegiado del Distrito Nacional le \u00abquitar\u00e1n de encima el peso injusto que ha tenido que cargar durante m\u00e1s de cuatro a\u00f1os y permitir\u00e1n a su familia recobrar la dignidad que en su caso mancillaron\u00bb.<\/p>\n","protected":false},"excerpt":{"rendered":"<p>No se confabul\u00f3 con ning\u00fan funcionario para afectar las arcas p\u00fablicas y que la prueba<\/p>\n","protected":false},"author":1,"featured_media":16118,"comment_status":"open","ping_status":"open","sticky":false,"template":"","format":"standard","meta":{"footnotes":""},"categories":[12],"tags":[],"class_list":["post-16117","post","type-post","status-publish","format-standard","has-post-thumbnail","hentry","category-nacionales"],"_links":{"self":[{"href":"https:\/\/samantharadionline.com\/index.php\/wp-json\/wp\/v2\/posts\/16117","targetHints":{"allow":["GET"]}}],"collection":[{"href":"https:\/\/samantharadionline.com\/index.php\/wp-json\/wp\/v2\/posts"}],"about":[{"href":"https:\/\/samantharadionline.com\/index.php\/wp-json\/wp\/v2\/types\/post"}],"author":[{"embeddable":true,"href":"https:\/\/samantharadionline.com\/index.php\/wp-json\/wp\/v2\/users\/1"}],"replies":[{"embeddable":true,"href":"https:\/\/samantharadionline.com\/index.php\/wp-json\/wp\/v2\/comments?post=16117"}],"version-history":[{"count":1,"href":"https:\/\/samantharadionline.com\/index.php\/wp-json\/wp\/v2\/posts\/16117\/revisions"}],"predecessor-version":[{"id":16119,"href":"https:\/\/samantharadionline.com\/index.php\/wp-json\/wp\/v2\/posts\/16117\/revisions\/16119"}],"wp:featuredmedia":[{"embeddable":true,"href":"https:\/\/samantharadionline.com\/index.php\/wp-json\/wp\/v2\/media\/16118"}],"wp:attachment":[{"href":"https:\/\/samantharadionline.com\/index.php\/wp-json\/wp\/v2\/media?parent=16117"}],"wp:term":[{"taxonomy":"category","embeddable":true,"href":"https:\/\/samantharadionline.com\/index.php\/wp-json\/wp\/v2\/categories?post=16117"},{"taxonomy":"post_tag","embeddable":true,"href":"https:\/\/samantharadionline.com\/index.php\/wp-json\/wp\/v2\/tags?post=16117"}],"curies":[{"name":"wp","href":"https:\/\/api.w.org\/{rel}","templated":true}]}}