{"id":16114,"date":"2025-05-27T07:23:21","date_gmt":"2025-05-27T11:23:21","guid":{"rendered":"https:\/\/samantharadionline.com\/?p=16114"},"modified":"2025-05-27T07:23:21","modified_gmt":"2025-05-27T11:23:21","slug":"a-mi-no-me-gusta-atacar-a-nadie-pero-yo-tengo-que-defenderme","status":"publish","type":"post","link":"https:\/\/samantharadionline.com\/index.php\/2025\/05\/27\/a-mi-no-me-gusta-atacar-a-nadie-pero-yo-tengo-que-defenderme\/","title":{"rendered":"\u00abA m\u00ed no me gusta atacar a nadie, pero yo tengo que defenderme\u00bb"},"content":{"rendered":"\n<p class=\"has-medium-font-size\"><em>La comunicadora mantiene demanda contra Juan An\u00edbal Arrendel N\u00fa\u00f1ez, Alfredo de la Cruz Carvajal, Pedro Manuel Casal Garc\u00eda y Aquiles Jim\u00e9nez Fern\u00e1ndez<\/em><\/p>\n\n\n\n<figure class=\"wp-block-image\"><img decoding=\"async\" src=\"https:\/\/listindiario.com\/files\/image_60_60\/uploads\/2023\/05\/16\/64638b5306b73.jpeg\" alt=\"Avatar del Yerlendy Abad\"\/><\/figure>\n\n\n\n<p><em>\u00a0<\/em>Yerlendy Abad, <strong>Santo Domingo<\/strong><\/p>\n\n\n\n<p>Mariasela \u00c1lvarez la sostienen m\u00e1s de 30 a\u00f1os de carrera en la televisi\u00f3n, marcados por su franqueza y valent\u00eda a la hora de pronunciarse sobre temas sociales y pol\u00edticos, adem\u00e1s del trabajo ben\u00e9fico que realiza a favor de los m\u00e1s necesitados, siendo fundadora y madrina de La Casa Rosada.<\/p>\n\n\n\n<p>Para la veterana presentadora de televisi\u00f3n es importante asumir compromisos y dejar la tibieza en los medios de comunicaci\u00f3n frente a t\u00f3picos que perjudican a la poblaci\u00f3n, aun crey\u00e9ndose a s\u00ed mismo intocable.<\/p>\n\n\n\n<p><strong>En el podcast de LIST\u00cdN DIARIO, \u201cEl Cuartico\u201d,<\/strong>&nbsp;\u00c1lvarez habl\u00f3, entre otros temas, de la querella penal por difamaci\u00f3n e injuria en medios digitales que interpuso junto a los periodistas Marino Zapete, Edith Febles y Altagracia Salazar contra los comunicadores<strong>&nbsp;contra Juan An\u00edbal Arrendel N\u00fa\u00f1ez, Alfredo de Dios de la Cruz Carvajal, Pedro Manuel Casal Garc\u00eda y Aquiles Jim\u00e9nez Fern\u00e1ndez,<\/strong>&nbsp;a quienes acusan de hacer se\u00f1alamientos p\u00fablicos reiterados sin sustento, afectando su honor y dignidad por vincularlos a la Agencia de Estados Unidos para el Desarrollo Internacional (USAID).<\/p>\n\n\n\n<p>PUBLICIDAD<\/p>\n\n\n\n<p>\u00c1lvarez explic\u00f3 durante la entrevista que pide que el proceso se desarrolle como contempla la ley hasta lograr unas disculpas sinceras y p\u00fablicas de los acusados.<\/p>\n\n\n\n<p>\u201cEsto es por difamaci\u00f3n e injuria, una cosa es la difamaci\u00f3n y otra cosa es la injuria, y las dos cosas han sido parte del lenguaje, de la narrativa, y del discurso de un grupo de personas, es un grupito de personas que hacen mucho ruido, pero es un grupito que tiene sus agendas, entonces nosotros estamos procediendo, en mi caso son dos personas de las cuatro personas que van a ser demandadas, en mi caso estoy demandando a dos, no a todos y ya la gente lo ver\u00e1,&nbsp;<strong>este es un proceso que se entreg\u00f3 y tiene unos pasos que darse y hay que tener calma\u201d,<\/strong>&nbsp;expres\u00f3 \u00c1lvarez durante su conversaci\u00f3n con las periodistas Yerlendy Abad y Audry Trinidad.<\/p>\n\n\n\n<p><strong>\u201cS\u00ed, es una demanda colectiva&nbsp;<\/strong>porque hay uno de ellos que est\u00e1 siendo demandado por los cuatro, que fue quien inici\u00f3 todo esto, y luego esto se divide porque alguien habl\u00f3 m\u00e1s de fulano o de mengano o de zutano\u201d, a\u00f1adi\u00f3.<\/p>\n\n\n\n<p>En ese sentido, \u00c1lvarez consider\u00f3 que los procesos legales absorben mucho tiempo, son desgastantes y tediosos, por lo que destac\u00f3 que entre los demandantes \u201cnos estamos dando apoyo\u201d.<\/p>\n\n\n\n<p>\u201cYo no quisiera iniciar ning\u00fan proceso contra nadie,&nbsp;<strong>a m\u00ed no me gusta la guerra, a m\u00ed me gusta la paz,&nbsp;<\/strong>a m\u00ed no me gusta atacar a nadie,<strong>&nbsp;pero yo tengo que defenderme,<\/strong>&nbsp;igual que cualquiera de ustedes\u201d, coment\u00f3.<\/p>\n\n\n\n<p>De igual manera, puntualiz\u00f3 que ha dejado de beneficiarse y ha asumido causas por mantener un respeto, mientras otros disfrutan con \u201cimpunidad\u201d, recordando que fue v\u00edctima de veto por 10 a\u00f1os.<\/p>\n\n\n\n<figure class=\"wp-block-image\"><img decoding=\"async\" src=\"https:\/\/listindiario.com\/files\/composite_image\/uploads\/2025\/05\/23\/683107dd213ad.jpeg\" alt=\"Mariasela \u00c1lvarez habla de su vida y su proceso legal en #ElCuartico\"\/><figcaption class=\"wp-element-caption\">Mariasela \u00c1lvarez habla de su vida y su proceso legal en #ElCuartico<\/figcaption><\/figure>\n\n\n\n<h3 class=\"wp-block-heading\">Rivalidad Milagros Germ\u00e1n<\/h3>\n\n\n\n<p>Aunque admiti\u00f3 que s\u00ed existi\u00f3 un distanciamiento entre ella y Milagros Germ\u00e1n tras cada una independizarse despu\u00e9s iniciar juntas en la televisi\u00f3n con el programa \u201cCon los ojos abiertos\u201d en el a\u00f1o 1991, Mariasela \u00c1lvarez explic\u00f3 que fue la prensa la que empez\u00f3 a especular sobre una supuesta rivalidad entre ambas.<\/p>\n\n\n\n<p>\u201cNos distanciamos, pero siempre mantuvimos un respeto la una por la otra y por eso el cari\u00f1o se ha podido mantener\u201d, dijo \u00c1lvarez.<\/p>\n\n\n\n<p>Asimismo, \u00c1lvarez confes\u00f3 que durante los siete a\u00f1os que estuvo viviendo en Madrid, Espa\u00f1a, habitualmente visitaba el pa\u00eds y se reun\u00eda con Germ\u00e1n y otras colegas de su generaci\u00f3n.<\/p>\n\n\n\n<p>Sin embargo, los rumores tomaron fuerza cuando \u201cEsta Noche Mariasela\u201d regres\u00f3 en el 2012 a la programaci\u00f3n de Color Visi\u00f3n (canal 9) en su segunda etapa a la misma hora que \u201cChevere Nights\u201d, que en ese entonces se transmit\u00eda a trav\u00e9s de Telesistema (canal 11).<\/p>\n\n\n\n<p>\u201cY luego cuando yo vengo para ac\u00e1 y voy a montar mi programa y Color Visi\u00f3n me da esa hora, porque era la hora m\u00e1s horrenda de la bolita del mundo para un programa de televisi\u00f3n, 10:30 de la noche, o sea, p\u00f3ngame las 10, p\u00f3ngame las 11, que es mala tambi\u00e9n, pero no me ponga en media hora\u2026 Entonces coincidimos a la misma hora y ah\u00ed volvi\u00f3 otra vez la fiesta\u201d, record\u00f3 en la entrevista.<\/p>\n\n\n\n<p>Mariasela \u00c1lvarez y Milagros Germ\u00e1n volvieron a trabajar juntas como imagen de una marca de veh\u00edculos de lujo en el a\u00f1o 2016, cuando finalmente acallaron dichas teor\u00edas.<\/p>\n\n\n\n<h3 class=\"wp-block-heading\">TEMAS VARIADOS<\/h3>\n\n\n\n<p><strong>Antes de dormir&nbsp;<\/strong>lee un cap\u00edtulo de un libro o mira una serie.<\/p>\n\n\n\n<p><strong>Hobbie:&nbsp;<\/strong>dedica tiempo a hacer ejercicio.<\/p>\n\n\n\n<p><strong>Una pel\u00edcula:&nbsp;<\/strong>\u201cDonde los cangrejos cantan\u201d, adaptaci\u00f3n cinematogr\u00e1fica de la novela hom\u00f3nima de Delia Owens, dirigida por Olivia Newman. En la historia, Kya Clark, una ni\u00f1a abandonada, crece sola en los pantanos de Carolina del Norte y se ve involucrada en un caso de asesinato.<\/p>\n\n\n\n<p><strong>Amigos:<\/strong>&nbsp;Tiene pocos, pero muy buenos.<\/p>\n\n\n\n<p><strong>Sus hijos:<\/strong>&nbsp;\u201cLo mejor de mi vida\u201d.<\/p>\n\n\n\n<p><strong>Sabores:<\/strong>&nbsp;Le gustan los platos m\u00e1s salados que dulces. Y \u201cni demasiado fr\u00edo ni demasiado caliente\u201d.<\/p>\n\n\n\n<p><strong>Lugares:&nbsp;<\/strong>Prefiere la playa o la monta\u00f1a frente a la ciudad. \u201cLejos de esta ciudad cualquier lugar\u201d.<\/p>\n\n\n\n<p><strong>Cita perfecta:&nbsp;<\/strong>\u201cLa pr\u00f3xima que quiero tener&#8230; con una buena conversacion y una copa de vino\u201d.<\/p>\n\n\n\n<p><strong>En la cocina<\/strong>&nbsp;sol\u00eda hacer un plato de carne china, que era buen\u00edsimo. \u201cPara los nietos me he puesto a hacer bizcochitos y cosas as\u00ed\u201d. Le gustan los platos dominicanos: \u201cMe gusta el moro, el locrio, la bandera, me gustan los fritos\u201d.<\/p>\n\n\n\n<p><strong>Color Favorito:&nbsp;<\/strong>el azul en todas versiones.<\/p>\n\n\n\n<p><strong>Talento oculto:&nbsp;<\/strong>le gusta cantar.<\/p>\n","protected":false},"excerpt":{"rendered":"<p>La comunicadora mantiene demanda contra Juan An\u00edbal Arrendel N\u00fa\u00f1ez, Alfredo de la Cruz Carvajal, Pedro<\/p>\n","protected":false},"author":1,"featured_media":16115,"comment_status":"open","ping_status":"open","sticky":false,"template":"","format":"standard","meta":{"footnotes":""},"categories":[11],"tags":[],"class_list":["post-16114","post","type-post","status-publish","format-standard","has-post-thumbnail","hentry","category-entretenimiento"],"_links":{"self":[{"href":"https:\/\/samantharadionline.com\/index.php\/wp-json\/wp\/v2\/posts\/16114","targetHints":{"allow":["GET"]}}],"collection":[{"href":"https:\/\/samantharadionline.com\/index.php\/wp-json\/wp\/v2\/posts"}],"about":[{"href":"https:\/\/samantharadionline.com\/index.php\/wp-json\/wp\/v2\/types\/post"}],"author":[{"embeddable":true,"href":"https:\/\/samantharadionline.com\/index.php\/wp-json\/wp\/v2\/users\/1"}],"replies":[{"embeddable":true,"href":"https:\/\/samantharadionline.com\/index.php\/wp-json\/wp\/v2\/comments?post=16114"}],"version-history":[{"count":1,"href":"https:\/\/samantharadionline.com\/index.php\/wp-json\/wp\/v2\/posts\/16114\/revisions"}],"predecessor-version":[{"id":16116,"href":"https:\/\/samantharadionline.com\/index.php\/wp-json\/wp\/v2\/posts\/16114\/revisions\/16116"}],"wp:featuredmedia":[{"embeddable":true,"href":"https:\/\/samantharadionline.com\/index.php\/wp-json\/wp\/v2\/media\/16115"}],"wp:attachment":[{"href":"https:\/\/samantharadionline.com\/index.php\/wp-json\/wp\/v2\/media?parent=16114"}],"wp:term":[{"taxonomy":"category","embeddable":true,"href":"https:\/\/samantharadionline.com\/index.php\/wp-json\/wp\/v2\/categories?post=16114"},{"taxonomy":"post_tag","embeddable":true,"href":"https:\/\/samantharadionline.com\/index.php\/wp-json\/wp\/v2\/tags?post=16114"}],"curies":[{"name":"wp","href":"https:\/\/api.w.org\/{rel}","templated":true}]}}