{"id":16111,"date":"2025-05-27T07:20:36","date_gmt":"2025-05-27T11:20:36","guid":{"rendered":"https:\/\/samantharadionline.com\/?p=16111"},"modified":"2025-05-27T07:20:36","modified_gmt":"2025-05-27T11:20:36","slug":"los-trabajos-finales-se-centran-actualmente-en-la-parte-electrica-del-metro-de-los-alcarrizos","status":"publish","type":"post","link":"https:\/\/samantharadionline.com\/index.php\/2025\/05\/27\/los-trabajos-finales-se-centran-actualmente-en-la-parte-electrica-del-metro-de-los-alcarrizos\/","title":{"rendered":"Los trabajos finales se centran actualmente en la parte el\u00e9ctrica del metro de Los Alcarrizos"},"content":{"rendered":"\n<p class=\"has-medium-font-size\"><em>Cuatro a\u00f1os han transcurrido desde el inicio de los trabajos de construcci\u00f3n de este proyecto que pretende transformar la movilidad de los moradores de Los Alcarrizos y zonas aleda\u00f1as<\/em><\/p>\n\n\n\n<p>Elkys Cruz, <strong>SANTO DOMINGO, RD<\/strong><\/p>\n\n\n\n<p>La extensi\u00f3n del metro hasta Los Alcarrizos permanece sin fecha de entrega. En febrero de 2024, el Gobierno prometi\u00f3 concluir la L\u00ednea 2C del Metro de Santo Domingo, sin embargo, mientras su culminaci\u00f3n y entrega se retrasa, la Oficina para el Reordenamiento del Transporte (OPRET) afirma que hay avances en la obra.<\/p>\n\n\n\n<p>Cuatro a\u00f1os han transcurrido desde el inicio de los trabajos de construcci\u00f3n de este proyecto que pretende transformar la movilidad de los moradores de Los Alcarrizos y zonas aleda\u00f1as.<\/p>\n\n\n\n<p>PUBLICIDAD<\/p>\n\n\n\n<p>Esta extensi\u00f3n del sistema de transporte masivo, que en esta ocasi\u00f3n se desplazar\u00e1 por viaducto a\u00e9reo, se unir\u00e1 con la estaci\u00f3n Mar\u00eda Montez, en el kil\u00f3metro 9 de la Autopista Duarte, hasta la entrada del referido municipio ubicado en Santo Domingo Oeste.<\/p>\n\n\n\n<p>Pese a esa disyuntiva, este diario constat\u00f3 a directivos de la OPRET, quienes a trav\u00e9s de la v\u00eda telef\u00f3nica notificaron que la referida extensi\u00f3n est\u00e1 en su etapa final, asegurando que en las pr\u00f3ximas semanas se iniciar\u00e1 el proceso de embellecimiento.<\/p>\n\n\n\n<p>\u201cLa construcci\u00f3n de la L\u00ednea 2C del Metro de Santo Domingo avanza de manera significativa y se encuentra en su fase final\u201d, afirmaron en la instituci\u00f3n estatal, al tiempo de indicar que \u201cla obra, que conectar\u00e1 a Los Alcarrizos con la estaci\u00f3n Mar\u00eda Montez, ya cuenta con la estructura elevada y el t\u00fanel de interconexi\u00f3n concluidos, as\u00ed como con m\u00e1s del 96% de las v\u00edas f\u00e9rreas instaladas\u201d.<\/p>\n\n\n\n<p>Indic\u00f3 que en la actualidad se est\u00e1n llevando a cabo los trabajos el\u00e9ctricos. Esto incluye la colocaci\u00f3n de torres, catenarias, alimentaciones el\u00e9ctricas, subestaciones de tracci\u00f3n y distribuci\u00f3n de energ\u00eda, lo cual permitir\u00e1 dar paso a la instalaci\u00f3n de los sistemas de se\u00f1alizaci\u00f3n, telecomunicaciones y ticketing.<\/p>\n\n\n\n<p>Adem\u00e1s, revelaron que el sistema el\u00e9ctrico del metro tiene un avance de 75%.<\/p>\n\n\n\n<p>Con relaci\u00f3n a lo explicado, durante un recorrido por Los Alcarrizos, este diario consult\u00f3 al coordinador del departamento el\u00e9ctrico, Oscar \u00c1lvarez, cuya empresa, J. Fortuna Constructora, est\u00e1 a cargo de esos trabajos.<\/p>\n\n\n\n<figure class=\"wp-block-image\" id=\"m22105-22104-22106\"><img decoding=\"async\" src=\"https:\/\/listindiario.com\/files\/vertical_main_image\/uploads\/2025\/05\/26\/68351cc4ca897.jpeg\" alt=\"Obreros y maquinarias trabajan en la obra.\"\/><figcaption class=\"wp-element-caption\">Obreros y maquinarias trabajan en la obra.LEONEL MATOS\/LD<\/figcaption><\/figure>\n\n\n\n<p>\u201cDe agosto-septiembre es la fecha estimada para finalizar los trabajos de mi \u00e1rea; quiz\u00e1s terminemos antes, pero hay trabajos a los que no podemos ponerles fecha\u201d, expres\u00f3 el ingeniero.<\/p>\n\n\n\n<p>Al referirse a la culminaci\u00f3n del proyecto L\u00ednea 2C del Metro, indic\u00f3 que existe la posibilidad de que se pueda usar a mediados del a\u00f1o pr\u00f3ximo.<\/p>\n\n\n\n<p>Mediante una nota de prensa suministrada ayer, la OPRET inform\u00f3 adem\u00e1s que se encuentra en la fase final de terminaci\u00f3n de las cinco estaciones que comprende la obra.<\/p>\n\n\n\n<p>En paralelo, la construcci\u00f3n de la v\u00eda marginal adyacente, que convertir\u00e1 el tramo de la Autopista Duarte desde la entrada de Los Alcarrizos hasta el kil\u00f3metro 9 en un corredor expreso, contin\u00faa avanzando, indica la nota.<\/p>\n\n\n\n<p>Asimismo, durante el recorrido de este diario se evidenci\u00f3 que en la obra hay ingenieros y maquinarias trabajando en el asfaltado de esas v\u00edas.<\/p>\n\n\n\n<p><strong>Luego de su finalizaci\u00f3n<\/strong><\/p>\n\n\n\n<p>El director ejecutivo de la OPRET, Rafael Santos P\u00e9rez, destac\u00f3 la importancia de la obra, tras decir lo que significar\u00e1 para los lugare\u00f1os.<\/p>\n\n\n\n<p>\u201cEsta es una obra de gran importancia, construida bajo estrictos est\u00e1ndares internacionales de calidad, para garantizar el acceso a un sistema de transporte seguro, eficiente y de bajo costo, como ha sido la visi\u00f3n del presidente Luis Abinader de llevar este servicio a Los Alcarrizos\u201d, dijo.<\/p>\n\n\n\n<p>La instituci\u00f3n inform\u00f3, adem\u00e1s, que como ocurre en toda obra de infraestructura, tras culminar la fase estructural se dar\u00e1 inicio al proceso de terminaci\u00f3n y embellecimiento. En las pr\u00f3ximas semanas comenzar\u00e1n los trabajos de pintura, instalaci\u00f3n de acabados, se\u00f1alizaci\u00f3n visual, paisajismo, limpieza general y remozamiento arquitect\u00f3nico.<\/p>\n\n\n\n<p>Sin embargo, en los pr\u00f3ximos meses iniciar\u00e1n las pruebas din\u00e1micas de la v\u00eda, durante las cuales los trenes comenzar\u00e1n a circular en modo de prueba, como parte del proceso de validaci\u00f3n t\u00e9cnica y certificaciones internacionales.<\/p>\n\n\n\n<figure class=\"wp-block-image\" id=\"m22117-22116-22118\"><img decoding=\"async\" src=\"https:\/\/listindiario.com\/files\/vertical_main_image\/uploads\/2025\/05\/26\/68351d2440e08.jpeg\" alt=\"La L\u00ednea 2C ir\u00e1 desde el Kil\u00f3metro 9 de la autopista Duarte hasta Los Alcarrizos.\"\/><figcaption class=\"wp-element-caption\">La L\u00ednea 2C ir\u00e1 desde el Kil\u00f3metro 9 de la autopista Duarte hasta Los Alcarrizos.LEONEL MATOS\/LD<\/figcaption><\/figure>\n\n\n\n<p>Estas pruebas representar\u00e1n un hito fundamental en el avance del proyecto, cuya puesta en servicio est\u00e1 prevista para los primeros meses del pr\u00f3ximo a\u00f1o, se\u00f1al\u00f3 la entidad.<\/p>\n\n\n\n<h3 class=\"wp-block-heading\">sobre la obra<\/h3>\n\n\n\n<p><strong>Costo<\/strong><\/p>\n\n\n\n<p>Este proyecto, a cargo de la Oficina para el Reordenamiento del Transporte (OPRET), abarca un tramo de 7.3 kil\u00f3metros, as\u00ed como la construcci\u00f3n de cinco estaciones que formar\u00e1n parte del sistema de transporte integrado Metro-Telef\u00e9rico de Santo Domingo.<\/p>\n\n\n\n<p>La OPRET inform\u00f3 que los trabajos de construcci\u00f3n de la L\u00ednea 2C del Metro de Santo Domingo mantienen un costo de $506 millones de d\u00f3lares, incluyendo material rodante y la marginal alimentadora.<\/p>\n\n\n\n<p><strong>L\u00edneas<\/strong><\/p>\n\n\n\n<p>Este proyecto, denominado \u201cL\u00ednea 2C\u201d, estar\u00e1 conectado con la parada Mar\u00eda Montez, ubicada en el kil\u00f3metro 9 de la Autopista Duarte, hasta la entrada de Los Alcarrizos.<\/p>\n\n\n\n<p>La primera parada estar\u00e1 ubicada en Manoguayabo, la segunda en la avenida Monumental, la tercera en la prolongaci\u00f3n 27 de Febrero, la cuarta en Pantoja kil\u00f3metro 14 y concluir\u00e1 en la terminal de la entrada de ese municipio, uni\u00e9ndose al telef\u00e9rico que fue inaugurado en abril del a\u00f1o 2023.<\/p>\n","protected":false},"excerpt":{"rendered":"<p>Cuatro a\u00f1os han transcurrido desde el inicio de los trabajos de construcci\u00f3n de este proyecto<\/p>\n","protected":false},"author":1,"featured_media":16112,"comment_status":"open","ping_status":"open","sticky":false,"template":"","format":"standard","meta":{"footnotes":""},"categories":[12],"tags":[],"class_list":["post-16111","post","type-post","status-publish","format-standard","has-post-thumbnail","hentry","category-nacionales"],"_links":{"self":[{"href":"https:\/\/samantharadionline.com\/index.php\/wp-json\/wp\/v2\/posts\/16111","targetHints":{"allow":["GET"]}}],"collection":[{"href":"https:\/\/samantharadionline.com\/index.php\/wp-json\/wp\/v2\/posts"}],"about":[{"href":"https:\/\/samantharadionline.com\/index.php\/wp-json\/wp\/v2\/types\/post"}],"author":[{"embeddable":true,"href":"https:\/\/samantharadionline.com\/index.php\/wp-json\/wp\/v2\/users\/1"}],"replies":[{"embeddable":true,"href":"https:\/\/samantharadionline.com\/index.php\/wp-json\/wp\/v2\/comments?post=16111"}],"version-history":[{"count":1,"href":"https:\/\/samantharadionline.com\/index.php\/wp-json\/wp\/v2\/posts\/16111\/revisions"}],"predecessor-version":[{"id":16113,"href":"https:\/\/samantharadionline.com\/index.php\/wp-json\/wp\/v2\/posts\/16111\/revisions\/16113"}],"wp:featuredmedia":[{"embeddable":true,"href":"https:\/\/samantharadionline.com\/index.php\/wp-json\/wp\/v2\/media\/16112"}],"wp:attachment":[{"href":"https:\/\/samantharadionline.com\/index.php\/wp-json\/wp\/v2\/media?parent=16111"}],"wp:term":[{"taxonomy":"category","embeddable":true,"href":"https:\/\/samantharadionline.com\/index.php\/wp-json\/wp\/v2\/categories?post=16111"},{"taxonomy":"post_tag","embeddable":true,"href":"https:\/\/samantharadionline.com\/index.php\/wp-json\/wp\/v2\/tags?post=16111"}],"curies":[{"name":"wp","href":"https:\/\/api.w.org\/{rel}","templated":true}]}}