{"id":16100,"date":"2025-05-26T19:42:31","date_gmt":"2025-05-26T23:42:31","guid":{"rendered":"https:\/\/samantharadionline.com\/?p=16100"},"modified":"2025-05-26T19:42:32","modified_gmt":"2025-05-26T23:42:32","slug":"no-hay-consenso-con-los-partidos-politicos-sobre-candidaturas-independientes","status":"publish","type":"post","link":"https:\/\/samantharadionline.com\/index.php\/2025\/05\/26\/no-hay-consenso-con-los-partidos-politicos-sobre-candidaturas-independientes\/","title":{"rendered":"No hay consenso con los partidos pol\u00edticos sobre candidaturas independientes"},"content":{"rendered":"\n<p class=\"has-medium-font-size\"><em>Un tema que est\u00e1 siendo debatido es el requerimiento de firmas para avalar el respaldo a la propuesta electoral<\/em><\/p>\n\n\n\n<figure class=\"wp-block-image\"><img decoding=\"async\" src=\"https:\/\/listindiario.com\/files\/image_60_60\/uploads\/2023\/05\/16\/64637a1e3ff38.jpeg\" alt=\"Avatar del \u00c1ngel Valdez\"\/><\/figure>\n\n\n\n<p><em>\u00a0<\/em>\u00c1ngel Valdez, <strong>Santo Domingo, RD<\/strong><\/p>\n\n\n\n<p>Luego de 50 d\u00edas de estudio, la comisi\u00f3n especial de la<strong>&nbsp;C\u00e1mara de Diputados&nbsp;<\/strong>encargada de estudiar el proyecto que busca crear una ley para regular las&nbsp;<strong>candidaturas independientes&nbsp;<\/strong>se mantiene sin lograr el consenso con los representantes de las&nbsp;<strong>organizaciones pol\u00edticas.<\/strong><\/p>\n\n\n\n<p>\u201cAqu\u00ed no hay hasta ahora un consenso de todas las&nbsp;<strong>fuerzas pol\u00edticas,<\/strong>&nbsp;hay algunas que piensan que s\u00ed y otras que no\u201d, inform\u00f3 este lunes el presidente de la mesa legislativa, el diputado&nbsp;<strong>El\u00edas Wessin Ch\u00e1vez.<\/strong><\/p>\n\n\n\n<p>No obstante, Wessin Ch\u00e1vez asegur\u00f3 que su deber, junto al de los dem\u00e1s diputados que le acompa\u00f1an en la comisi\u00f3n, es conciliar las posiciones contrarias del&nbsp;<strong>liderazgo pol\u00edtico&nbsp;<\/strong>para cumplir con el mandato establecido por el&nbsp;<strong>Tribunal Constitucional<\/strong>.<\/p>\n\n\n\n<p>El TC, en la sentencia interpretativa 0788\/24 emitida el pasado 13 de diciembre, indic\u00f3 que en los art\u00edculos 156, 157 y 158 de la<strong>\u00a0Ley 2023 del R\u00e9gimen Electoral<\/strong>\u00a0debe ser eliminada del apartado de requisitos la necesidad de postularse a trav\u00e9s de los partidos para alcanzar una\u00a0<strong>candidatura independiente.<\/strong><\/p>\n\n\n\n<p>Es por esta raz\u00f3n que la comisi\u00f3n, conformada por 23&nbsp;<strong>congresistas<\/strong>, est\u00e1 en el proceso de evaluaci\u00f3n para definir si realizar\u00e1&nbsp;<strong>vistas p\u00fablicas<\/strong>, con el objetivo de que otros sectores no pol\u00edticos tambi\u00e9n puedan participar, manifestando sus opiniones.<\/p>\n\n\n\n<p>Dentro de las 11 entidades pol\u00edticas que fueron recibidas por la delegaci\u00f3n de la c\u00e1mara baja se encuentra la<strong>&nbsp;Fuerza Nacional Progresista<\/strong>, encabezada por el dirigente&nbsp;<strong>Pelegr\u00edn Castillo<\/strong>, que utiliz\u00f3 su ponencia para manifestar su preocupaci\u00f3n ante las posibles consecuencias derivadas del nuevo formato de&nbsp;<strong>postulaci\u00f3n<\/strong>.<\/p>\n\n\n\n<p>\u201cPodr\u00edamos tener a organizaciones sindicales llevando&nbsp;<strong>candidaturas<\/strong>, y lo que vamos a tener es una representaci\u00f3n corporativa que es propia de los sistemas fascistas, no de una democracia republicana\u2026\u201d, alert\u00f3 Pelegr\u00edn.<\/p>\n\n\n\n<p>Mientras que el presidente del partido&nbsp;<strong>Uni\u00f3n Dem\u00f3crata Cristiana<\/strong>&nbsp;(UDC),&nbsp;<strong>Luis Acosta Moreta \u201cEl Gallo\u201d<\/strong>, consider\u00f3 que la decisi\u00f3n del TC \u201clo que quiere es la destrucci\u00f3n de los partidos pol\u00edticos\u201d.<\/p>\n\n\n\n<p>En tanto, el presidente del&nbsp;<strong>Partido Dem\u00f3crata Institucional&nbsp;<\/strong>(PDI),&nbsp;<strong>Ismael Reyes<\/strong>, le propuso al \u00f3rgano legislativo someter, en un nuevo marco legislativo, las candidaturas independientes a los mismos requerimientos de los aspirantes registrados en las&nbsp;<strong>agrupaciones pol\u00edticas.<\/strong><\/p>\n\n\n\n<p>La tarde de este lunes ser\u00e1 recibido el causante del dictamen compartido por el TC,<strong>&nbsp;Alberto Fiallo Billini,<\/strong>&nbsp;quien someti\u00f3 una acci\u00f3n de inconstitucionalidad, luego de recibir la negaci\u00f3n a su participaci\u00f3n en un&nbsp;<strong>proceso electoral<\/strong>.<\/p>\n\n\n\n<p>En la actualidad, la c\u00e1mara baja del Poder Legislativo conoce dos proyectos de ley: uno depositado el pasado 28 de febrero por la&nbsp;<strong>Junta Central Electoral (JCE)<\/strong>, que no contempla la disposici\u00f3n de fondos p\u00fablicos para este tipo de candidatos; el segundo, elaborado por el&nbsp;<strong>diputado El\u00edas Wessin.<\/strong>&nbsp;Ambos contemplan a las asociaciones civiles para avalar la presentaci\u00f3n de un candidato independiente en los torneos electorales.<\/p>\n\n\n\n<p><strong>Wessin<\/strong>, en su condici\u00f3n de&nbsp;<strong>presidente de la comisi\u00f3n<\/strong>, comunic\u00f3 que la dirigencia pol\u00edtica est\u00e1 de acuerdo en que ambas piezas sean fusionadas.<\/p>\n\n\n\n<p>Un tema que est\u00e1 siendo debatido es el requerimiento de firmas para avalar el respaldo a la propuesta electoral. Esto, debido a que en la propuesta de la JCE es colocado dentro de las exigencias el 2% del padr\u00f3n electoral, mientras que el proyecto del legislador se refiere al padr\u00f3n de electores correspondiente a las demarcaciones.<\/p>\n\n\n\n<p>Lea tambi\u00e9n<\/p>\n\n\n\n<h3 class=\"wp-block-heading\">Votaciones automatizadas<\/h3>\n\n\n\n<p>\u201cEs insostenible. (La JCE) No puede aguantar un c\u00famulo de&nbsp;<strong>candidaturas independientes<\/strong>&nbsp;con un&nbsp;<strong>voto manual<\/strong>\u201d, resalt\u00f3&nbsp;<strong>Samir Chami Isa<\/strong>, miembro del pleno de la JCE.<\/p>\n\n\n\n<p>Chami Isa entiende que Rep\u00fablica Dominicana requiere implementar el&nbsp;<strong>voto automatizado<\/strong>, para garantizar la sostenibilidad de los procesos electorales.<\/p>\n\n\n\n<p>\u201cEs necesario el voto electr\u00f3nico, ser\u00eda (dif\u00edcil) para el \u00f3rgano en un escrutinio de un proceso o para el votante con una&nbsp;<strong>boleta tan grande&nbsp;<\/strong>poder identificar el&nbsp;<strong>candidato&nbsp;<\/strong>de su preferencia\u201d, afirm\u00f3 el pasado el 21 de abril en una entrevista a LIST\u00cdN DIARIO.<\/p>\n\n\n\n<p>Aunque comparti\u00f3 su visi\u00f3n a los diputados junto a los dem\u00e1s integrantes de la JCE, esta es una sugerencia individual del magistrado.<\/p>\n","protected":false},"excerpt":{"rendered":"<p>Un tema que est\u00e1 siendo debatido es el requerimiento de firmas para avalar el respaldo<\/p>\n","protected":false},"author":1,"featured_media":16101,"comment_status":"open","ping_status":"open","sticky":false,"template":"","format":"standard","meta":{"footnotes":""},"categories":[12],"tags":[],"class_list":["post-16100","post","type-post","status-publish","format-standard","has-post-thumbnail","hentry","category-nacionales"],"_links":{"self":[{"href":"https:\/\/samantharadionline.com\/index.php\/wp-json\/wp\/v2\/posts\/16100","targetHints":{"allow":["GET"]}}],"collection":[{"href":"https:\/\/samantharadionline.com\/index.php\/wp-json\/wp\/v2\/posts"}],"about":[{"href":"https:\/\/samantharadionline.com\/index.php\/wp-json\/wp\/v2\/types\/post"}],"author":[{"embeddable":true,"href":"https:\/\/samantharadionline.com\/index.php\/wp-json\/wp\/v2\/users\/1"}],"replies":[{"embeddable":true,"href":"https:\/\/samantharadionline.com\/index.php\/wp-json\/wp\/v2\/comments?post=16100"}],"version-history":[{"count":1,"href":"https:\/\/samantharadionline.com\/index.php\/wp-json\/wp\/v2\/posts\/16100\/revisions"}],"predecessor-version":[{"id":16102,"href":"https:\/\/samantharadionline.com\/index.php\/wp-json\/wp\/v2\/posts\/16100\/revisions\/16102"}],"wp:featuredmedia":[{"embeddable":true,"href":"https:\/\/samantharadionline.com\/index.php\/wp-json\/wp\/v2\/media\/16101"}],"wp:attachment":[{"href":"https:\/\/samantharadionline.com\/index.php\/wp-json\/wp\/v2\/media?parent=16100"}],"wp:term":[{"taxonomy":"category","embeddable":true,"href":"https:\/\/samantharadionline.com\/index.php\/wp-json\/wp\/v2\/categories?post=16100"},{"taxonomy":"post_tag","embeddable":true,"href":"https:\/\/samantharadionline.com\/index.php\/wp-json\/wp\/v2\/tags?post=16100"}],"curies":[{"name":"wp","href":"https:\/\/api.w.org\/{rel}","templated":true}]}}