{"id":15728,"date":"2025-05-14T21:02:29","date_gmt":"2025-05-15T01:02:29","guid":{"rendered":"https:\/\/samantharadionline.com\/?p=15728"},"modified":"2025-05-14T21:02:30","modified_gmt":"2025-05-15T01:02:30","slug":"feria-internacional-del-libro-santo-domingo-2025-un-encuentro-con-la-literatura","status":"publish","type":"post","link":"https:\/\/samantharadionline.com\/index.php\/2025\/05\/14\/feria-internacional-del-libro-santo-domingo-2025-un-encuentro-con-la-literatura\/","title":{"rendered":"Feria Internacional del Libro Santo Domingo 2025: Un encuentro con la literatura"},"content":{"rendered":"\n<p class=\"has-medium-font-size\"><em>Del 25 de septiembre al 5 de octubre, la Plaza de la Cultura ser\u00e1 el epicentro de la lectura y el conocimiento<\/em><\/p>\n\n\n\n<p><em><strong>Por La Redacci\u00f3n de Samantha Radio Online, Santo Domingo <\/strong><\/em><\/p>\n\n\n\n<p>La <strong>27\u00aa Feria Internacional del Libro Santo Domingo (FILSD 2025)<\/strong> se celebrar\u00e1 del <strong>25 de septiembre al 5 de octubre<\/strong> en la <strong>Plaza de la Cultura Juan Pablo Duarte<\/strong>, consolid\u00e1ndose como el evento literario m\u00e1s importante de la Rep\u00fablica Dominicana.<\/p>\n\n\n\n<p>Este a\u00f1o, la feria estar\u00e1 <strong>dedicada al historiador Frank Moya Pons<\/strong>, en reconocimiento a sus valiosos aportes al estudio de la historia nacional y la consolidaci\u00f3n de la identidad cultural del pa\u00eds. Autor de obras fundamentales como <em>Manual de Historia Dominicana<\/em>, Moya Pons es considerado uno de los principales historiadores contempor\u00e1neos del pa\u00eds.<\/p>\n\n\n\n<p>El <strong>tema central<\/strong> de la FILSD 2025 ser\u00e1 la <strong>literatura infantil<\/strong>, convirtiendo el evento en una plataforma para explorar nuevas tendencias y enfoques sobre este g\u00e9nero. Se espera que esta tem\u00e1tica impulse el inter\u00e9s por la lectura en ni\u00f1os y j\u00f3venes, promoviendo el desarrollo de la educaci\u00f3n y la creatividad.<\/p>\n\n\n\n<p>La feria contar\u00e1 con la participaci\u00f3n de la <strong>Red de Ferias y Festivales Literarios de Am\u00e9rica Latina<\/strong>, que ser\u00e1 la <strong>invitada de honor<\/strong> en esta edici\u00f3n. Durante el evento, se formalizar\u00e1 la estructura organizativa de dicha red, que ha experimentado un notable crecimiento en la \u00faltima d\u00e9cada1.<\/p>\n\n\n\n<p>Uno de los momentos m\u00e1s esperados ser\u00e1 la presencia del escritor franc\u00e9s <strong>Jean-Marie Gustave Le Cl\u00e9zio<\/strong>, ganador del <strong>Premio Nobel de Literatura en 2008<\/strong>. Autor de m\u00e1s de cincuenta obras, Le Cl\u00e9zio es una de las voces m\u00e1s reconocidas de la literatura contempor\u00e1nea1.<\/p>\n\n\n\n<p>Durante los <strong>diez d\u00edas<\/strong> de la feria, se llevar\u00e1n a cabo <strong>conferencias, conversatorios, talleres, presentaciones de libros y actividades culturales<\/strong> con la participaci\u00f3n de autores nacionales e internacionales. La programaci\u00f3n incluir\u00e1 espacios para el debate sobre el futuro de la literatura y la promoci\u00f3n de la lectura en la regi\u00f3n1.<\/p>\n\n\n\n<p>El <strong>Ministerio de Cultura<\/strong>, encabezado por <strong>Roberto \u00c1ngel Salcedo<\/strong>, ha destacado que la FILSD 2025 ser\u00e1 una oportunidad \u00fanica para reafirmar el compromiso del pa\u00eds con la promoci\u00f3n del libro y el acceso al conocimiento.<\/p>\n\n\n\n<p>En conclusi\u00f3n, la <strong>Feria Internacional del Libro Santo Domingo 2025<\/strong> promete ser un evento enriquecedor para la comunidad literaria y el p\u00fablico en general. Con una programaci\u00f3n diversa y la participaci\u00f3n de figuras destacadas, se espera que esta edici\u00f3n fortalezca el papel de Santo Domingo como <strong>epicentro de la cultura y la literatura en Am\u00e9rica Latina<\/strong><\/p>\n","protected":false},"excerpt":{"rendered":"<p>Del 25 de septiembre al 5 de octubre, la Plaza de la Cultura ser\u00e1 el<\/p>\n","protected":false},"author":1,"featured_media":15729,"comment_status":"open","ping_status":"open","sticky":false,"template":"","format":"standard","meta":{"footnotes":""},"categories":[12],"tags":[],"class_list":["post-15728","post","type-post","status-publish","format-standard","has-post-thumbnail","hentry","category-nacionales"],"_links":{"self":[{"href":"https:\/\/samantharadionline.com\/index.php\/wp-json\/wp\/v2\/posts\/15728","targetHints":{"allow":["GET"]}}],"collection":[{"href":"https:\/\/samantharadionline.com\/index.php\/wp-json\/wp\/v2\/posts"}],"about":[{"href":"https:\/\/samantharadionline.com\/index.php\/wp-json\/wp\/v2\/types\/post"}],"author":[{"embeddable":true,"href":"https:\/\/samantharadionline.com\/index.php\/wp-json\/wp\/v2\/users\/1"}],"replies":[{"embeddable":true,"href":"https:\/\/samantharadionline.com\/index.php\/wp-json\/wp\/v2\/comments?post=15728"}],"version-history":[{"count":1,"href":"https:\/\/samantharadionline.com\/index.php\/wp-json\/wp\/v2\/posts\/15728\/revisions"}],"predecessor-version":[{"id":15730,"href":"https:\/\/samantharadionline.com\/index.php\/wp-json\/wp\/v2\/posts\/15728\/revisions\/15730"}],"wp:featuredmedia":[{"embeddable":true,"href":"https:\/\/samantharadionline.com\/index.php\/wp-json\/wp\/v2\/media\/15729"}],"wp:attachment":[{"href":"https:\/\/samantharadionline.com\/index.php\/wp-json\/wp\/v2\/media?parent=15728"}],"wp:term":[{"taxonomy":"category","embeddable":true,"href":"https:\/\/samantharadionline.com\/index.php\/wp-json\/wp\/v2\/categories?post=15728"},{"taxonomy":"post_tag","embeddable":true,"href":"https:\/\/samantharadionline.com\/index.php\/wp-json\/wp\/v2\/tags?post=15728"}],"curies":[{"name":"wp","href":"https:\/\/api.w.org\/{rel}","templated":true}]}}