{"id":15722,"date":"2025-05-14T20:47:02","date_gmt":"2025-05-15T00:47:02","guid":{"rendered":"https:\/\/samantharadionline.com\/?p=15722"},"modified":"2025-05-14T20:47:02","modified_gmt":"2025-05-15T00:47:02","slug":"unidad-nacional-ante-la-crisis-haitiana-abinader-y-expresidentes-acuerdan-estrategia-conjunta","status":"publish","type":"post","link":"https:\/\/samantharadionline.com\/index.php\/2025\/05\/14\/unidad-nacional-ante-la-crisis-haitiana-abinader-y-expresidentes-acuerdan-estrategia-conjunta\/","title":{"rendered":"Unidad nacional ante la crisis haitiana: Abinader y expresidentes acuerdan estrategia conjunta"},"content":{"rendered":"\n<p class=\"has-medium-font-size\"><em>El presidente y sus antecesores establecen una pol\u00edtica nacional sobre Hait\u00ed y refuerzan medidas de seguridad<\/em><\/p>\n\n\n\n<p><strong><em>Por La Redacci\u00f3n de Samantha Radio Online, Santo Domingo, RD<\/em><\/strong><\/p>\n\n\n\n<p>El presidente <strong>Luis Abinader<\/strong> se reuni\u00f3 hoy con los expresidentes <strong>Hip\u00f3lito Mej\u00eda, Leonel Fern\u00e1ndez y Danilo Medina<\/strong> en el <strong>Ministerio de Defensa<\/strong>, en un encuentro de alto nivel para abordar la crisis haitiana y sus implicaciones en la seguridad y migraci\u00f3n dominicanas.<\/p>\n\n\n\n<p>La reuni\u00f3n comenz\u00f3 con una conversaci\u00f3n privada entre los cuatro l\u00edderes, seguida de una presentaci\u00f3n por parte de los ministros de <strong>Relaciones Exteriores y Defensa<\/strong>, el <strong>comandante del Ej\u00e9rcito<\/strong>, el <strong>director del Departamento Nacional de Investigaciones (DNI)<\/strong> y el <strong>director de Migraci\u00f3n<\/strong>. Estos funcionarios ofrecieron un panorama detallado sobre la situaci\u00f3n en la frontera y las medidas implementadas para reforzar el control migratorio.<\/p>\n\n\n\n<p>Uno de los acuerdos m\u00e1s importantes fue la <strong>creaci\u00f3n de un espacio de trabajo conjunto<\/strong> para desarrollar una <strong>pol\u00edtica nacional sobre Hait\u00ed<\/strong>. Este grupo estar\u00e1 conformado por representantes del gobierno y los expresidentes, quienes trabajar\u00e1n en estrategias para enfrentar la crisis haitiana de manera coordinada.<\/p>\n\n\n\n<p>Tambi\u00e9n se decidi\u00f3 <strong>convocar formalmente al Consejo Econ\u00f3mico y Social (CES)<\/strong> para discutir acciones concretas frente a la crisis. En esta primera reuni\u00f3n, Abinader, Fern\u00e1ndez, Mej\u00eda y Medina participar\u00e1n activamente en la formulaci\u00f3n de propuestas.<\/p>\n\n\n\n<p>El gobierno se comprometi\u00f3 a <strong>entregar informes peri\u00f3dicos<\/strong> a los expresidentes sobre el estado de la seguridad nacional y la evoluci\u00f3n de la crisis haitiana. Esto permitir\u00e1 que los exmandatarios est\u00e9n informados y puedan aportar soluciones desde sus respectivas experiencias.<\/p>\n\n\n\n<p>Otro punto clave fue la <strong>discusi\u00f3n y promoci\u00f3n de una pol\u00edtica exterior unificada<\/strong> sobre Hait\u00ed. Se acord\u00f3 que Abinader sostendr\u00e1 reuniones bilaterales con cada expresidente para definir estrategias conjuntas y fortalecer la postura dominicana ante la comunidad internacional.<\/p>\n\n\n\n<p>Los participantes reconocieron que Hait\u00ed atraviesa una de las <strong>peores crisis humanitarias e institucionales<\/strong> de su historia reciente, lo que representa una amenaza para la estabilidad de Rep\u00fablica Dominicana. En este sentido, valoraron positivamente las gestiones del gobierno ante la <strong>ONU, Estados Unidos y otros organismos internacionales<\/strong>.<\/p>\n\n\n\n<p>Sobre las medidas en la frontera, los expresidentes conocieron las acciones implementadas para <strong>reforzar el control migratorio<\/strong>. Coincidieron en que estas medidas son esenciales para garantizar la seguridad nacional y evitar un desbordamiento de la crisis haitiana en territorio dominicano.<\/p>\n\n\n\n<p>En cuanto a la migraci\u00f3n, se reafirm\u00f3 la necesidad de aplicar con <strong>firmeza y respeto a los derechos humanos<\/strong> la <strong>Ley de Migraci\u00f3n<\/strong>. Adem\u00e1s, respaldaron los operativos de <strong>repatriaci\u00f3n de personas en condici\u00f3n migratoria irregular<\/strong>, como parte de la estrategia de control fronterizo.<\/p>\n\n\n\n<p>Uno de los puntos m\u00e1s discutidos fue la postura de Rep\u00fablica Dominicana ante la comunidad internacional. Los expresidentes insistieron en que el pa\u00eds <strong>no puede cargar solo con la crisis haitiana<\/strong> y que la soluci\u00f3n debe lograrse con el apoyo de organismos internacionales en territorio haitiano.<\/p>\n\n\n\n<p>El di\u00e1logo entre los l\u00edderes fue <strong>franco y estrat\u00e9gico<\/strong>, con un enfoque en la unidad nacional. A pesar de sus diferencias pol\u00edticas, los expresidentes coincidieron en la necesidad de una postura com\u00fan para enfrentar la crisis haitiana y proteger la estabilidad del pa\u00eds.<\/p>\n\n\n\n<p>El encuentro dur\u00f3 aproximadamente <strong>dos horas<\/strong>, y al finalizar, el vocero del gobierno, <strong>Homero Figueroa<\/strong>, anunci\u00f3 los acuerdos alcanzados. La imagen de los cuatro l\u00edderes reunidos env\u00eda un mensaje de <strong>cohesi\u00f3n interna<\/strong> en un momento de gran incertidumbre regional.<\/p>\n\n\n\n<p>En conclusi\u00f3n, la cumbre entre Abinader y los expresidentes marca un <strong>precedente hist\u00f3rico<\/strong> en la pol\u00edtica dominicana. La unidad entre los l\u00edderes pol\u00edticos podr\u00eda ser determinante para enfrentar los desaf\u00edos migratorios y de seguridad que afectan al pa\u00eds<\/p>\n","protected":false},"excerpt":{"rendered":"<p>El presidente y sus antecesores establecen una pol\u00edtica nacional sobre Hait\u00ed y refuerzan medidas de<\/p>\n","protected":false},"author":1,"featured_media":15723,"comment_status":"open","ping_status":"open","sticky":false,"template":"","format":"standard","meta":{"footnotes":""},"categories":[12],"tags":[],"class_list":["post-15722","post","type-post","status-publish","format-standard","has-post-thumbnail","hentry","category-nacionales"],"_links":{"self":[{"href":"https:\/\/samantharadionline.com\/index.php\/wp-json\/wp\/v2\/posts\/15722","targetHints":{"allow":["GET"]}}],"collection":[{"href":"https:\/\/samantharadionline.com\/index.php\/wp-json\/wp\/v2\/posts"}],"about":[{"href":"https:\/\/samantharadionline.com\/index.php\/wp-json\/wp\/v2\/types\/post"}],"author":[{"embeddable":true,"href":"https:\/\/samantharadionline.com\/index.php\/wp-json\/wp\/v2\/users\/1"}],"replies":[{"embeddable":true,"href":"https:\/\/samantharadionline.com\/index.php\/wp-json\/wp\/v2\/comments?post=15722"}],"version-history":[{"count":1,"href":"https:\/\/samantharadionline.com\/index.php\/wp-json\/wp\/v2\/posts\/15722\/revisions"}],"predecessor-version":[{"id":15724,"href":"https:\/\/samantharadionline.com\/index.php\/wp-json\/wp\/v2\/posts\/15722\/revisions\/15724"}],"wp:featuredmedia":[{"embeddable":true,"href":"https:\/\/samantharadionline.com\/index.php\/wp-json\/wp\/v2\/media\/15723"}],"wp:attachment":[{"href":"https:\/\/samantharadionline.com\/index.php\/wp-json\/wp\/v2\/media?parent=15722"}],"wp:term":[{"taxonomy":"category","embeddable":true,"href":"https:\/\/samantharadionline.com\/index.php\/wp-json\/wp\/v2\/categories?post=15722"},{"taxonomy":"post_tag","embeddable":true,"href":"https:\/\/samantharadionline.com\/index.php\/wp-json\/wp\/v2\/tags?post=15722"}],"curies":[{"name":"wp","href":"https:\/\/api.w.org\/{rel}","templated":true}]}}