{"id":15718,"date":"2025-05-14T10:26:28","date_gmt":"2025-05-14T14:26:28","guid":{"rendered":"https:\/\/samantharadionline.com\/?p=15718"},"modified":"2025-05-14T10:26:28","modified_gmt":"2025-05-14T14:26:28","slug":"ley-mordaza-en-republica-dominicana-un-debate-sobre-la-libertad-de-expresion","status":"publish","type":"post","link":"https:\/\/samantharadionline.com\/index.php\/2025\/05\/14\/ley-mordaza-en-republica-dominicana-un-debate-sobre-la-libertad-de-expresion\/","title":{"rendered":"\u00bfLey Mordaza en Rep\u00fablica Dominicana? Un debate sobre la libertad de expresi\u00f3n"},"content":{"rendered":"\n<p class=\"has-medium-font-size\"><em>La regulaci\u00f3n de los medios y el impacto en la prensa independiente<\/em><\/p>\n\n\n\n<p><em>Por Alan Vargas, <a href=\"mailto:alanvargas01@gmail.com\">alanvargas01@gmail.com<\/a><\/em><\/p>\n\n\n\n<p>En Rep\u00fablica Dominicana, el t\u00e9rmino <strong>\u00abLey Mordaza\u00bb<\/strong> ha sido utilizado por diversos sectores para referirse al <strong>Proyecto de Ley Org\u00e1nica de Libertad de Expresi\u00f3n y Medios Audiovisuales<\/strong>, presentado por el gobierno en el Senado el <strong>2 de mayo de 2025<\/strong>. Aunque el proyecto busca actualizar la legislaci\u00f3n vigente desde <strong>1962<\/strong>, cr\u00edticos han se\u00f1alado que podr\u00eda restringir la libertad de prensa y facilitar mecanismos de censura.<\/p>\n\n\n\n<p>Uno de los puntos m\u00e1s pol\u00e9micos de la propuesta es la creaci\u00f3n del <strong>Instituto Nacional de Comunicaci\u00f3n (INACOM)<\/strong>, un organismo que supervisar\u00eda el cumplimiento de la ley y tendr\u00eda la potestad de <strong>regular contenidos en medios tradicionales y digitales<\/strong>. Esto ha generado preocupaci\u00f3n entre periodistas y comunicadores, quienes temen que el INACOM pueda convertirse en un <strong>instrumento de control estatal<\/strong> sobre la prensa independiente.<\/p>\n\n\n\n<p>El proyecto tambi\u00e9n plantea la <strong>regulaci\u00f3n de plataformas digitales<\/strong>, lo que ha sido interpretado como una posible limitaci\u00f3n a la libertad de expresi\u00f3n en redes sociales. Ante las cr\u00edticas, el jurista <strong>Namphi Rodr\u00edguez<\/strong> ha propuesto eliminar el cap\u00edtulo sobre plataformas digitales para evitar controversias y garantizar un debate m\u00e1s amplio sobre la regulaci\u00f3n de medios.<\/p>\n\n\n\n<p>Otro aspecto que ha generado rechazo es el <strong>r\u00e9gimen sancionatorio<\/strong>. La ley contempla multas de hasta <strong>200 salarios m\u00ednimos<\/strong> y la suspensi\u00f3n de transmisiones por <strong>90 d\u00edas<\/strong> en casos de infracciones graves. Estas medidas han sido calificadas como <strong>excesivas y desproporcionadas<\/strong>, lo que podr\u00eda afectar la sostenibilidad de medios independientes.<\/p>\n\n\n\n<p>El diputado <strong>Charles Mariotti<\/strong> ha solicitado el <strong>retiro inmediato<\/strong> del proyecto, argumentando que su aprobaci\u00f3n podr\u00eda promover la <strong>censura previa<\/strong> y silenciar voces cr\u00edticas. Seg\u00fan Mariotti, la propuesta no responde a las necesidades de una sociedad democr\u00e1tica y amenaza el derecho fundamental a la libre expresi\u00f3n.<\/p>\n\n\n\n<p>A pesar de las cr\u00edticas, el gobierno ha defendido la iniciativa, asegurando que busca <strong>proteger los derechos de todas las partes envueltas en el proceso de comunicaci\u00f3n<\/strong>. Sin embargo, la falta de representaci\u00f3n de la sociedad civil en la conformaci\u00f3n del INACOM ha sido un punto de preocupaci\u00f3n.<\/p>\n\n\n\n<p>El debate sobre la <strong>Ley Mordaza<\/strong> ha generado movilizaciones y protestas en el pa\u00eds. Diversos gremios period\u00edsticos han instado al Congreso a organizar <strong>vistas p\u00fablicas<\/strong> para discutir el proyecto y garantizar que la regulaci\u00f3n no afecte la independencia de los medios.<\/p>\n\n\n\n<p>Si la ley es aprobada sin modificaciones, podr\u00eda tener <strong>consecuencias graves<\/strong> para el ejercicio del periodismo en Rep\u00fablica Dominicana. La posibilidad de sanciones y restricciones podr\u00eda fomentar la <strong>autocensura<\/strong>, limitando la capacidad de los medios para informar sobre temas sensibles.<\/p>\n\n\n\n<p>Adem\u00e1s, la regulaci\u00f3n de plataformas digitales podr\u00eda afectar la <strong>libertad de expresi\u00f3n en redes sociales<\/strong>, restringiendo el acceso a informaci\u00f3n y opiniones diversas. Esto podr\u00eda debilitar el debate p\u00fablico y reducir la pluralidad de voces en el pa\u00eds.<\/p>\n\n\n\n<p>En conclusi\u00f3n, la discusi\u00f3n sobre la <strong>Ley Mordaza<\/strong> refleja la necesidad de un <strong>equilibrio entre regulaci\u00f3n y libertad de prensa<\/strong>. La legislaci\u00f3n debe garantizar el derecho a opinar libremente, pero sin convertirse en un mecanismo de censura o persecuci\u00f3n contra quienes cuestionan el poder.<\/p>\n\n\n\n<p>La comunidad period\u00edstica y la sociedad civil contin\u00faan en pie de lucha, exigiendo que cualquier reforma a la legislaci\u00f3n de medios respete los principios democr\u00e1ticos y proteja la libertad de expresi\u00f3n en Rep\u00fablica Dominicana.<\/p>\n","protected":false},"excerpt":{"rendered":"<p>La regulaci\u00f3n de los medios y el impacto en la prensa independiente Por Alan Vargas,<\/p>\n","protected":false},"author":1,"featured_media":15719,"comment_status":"open","ping_status":"open","sticky":false,"template":"","format":"standard","meta":{"footnotes":""},"categories":[13],"tags":[],"class_list":["post-15718","post","type-post","status-publish","format-standard","has-post-thumbnail","hentry","category-opinion"],"_links":{"self":[{"href":"https:\/\/samantharadionline.com\/index.php\/wp-json\/wp\/v2\/posts\/15718","targetHints":{"allow":["GET"]}}],"collection":[{"href":"https:\/\/samantharadionline.com\/index.php\/wp-json\/wp\/v2\/posts"}],"about":[{"href":"https:\/\/samantharadionline.com\/index.php\/wp-json\/wp\/v2\/types\/post"}],"author":[{"embeddable":true,"href":"https:\/\/samantharadionline.com\/index.php\/wp-json\/wp\/v2\/users\/1"}],"replies":[{"embeddable":true,"href":"https:\/\/samantharadionline.com\/index.php\/wp-json\/wp\/v2\/comments?post=15718"}],"version-history":[{"count":1,"href":"https:\/\/samantharadionline.com\/index.php\/wp-json\/wp\/v2\/posts\/15718\/revisions"}],"predecessor-version":[{"id":15720,"href":"https:\/\/samantharadionline.com\/index.php\/wp-json\/wp\/v2\/posts\/15718\/revisions\/15720"}],"wp:featuredmedia":[{"embeddable":true,"href":"https:\/\/samantharadionline.com\/index.php\/wp-json\/wp\/v2\/media\/15719"}],"wp:attachment":[{"href":"https:\/\/samantharadionline.com\/index.php\/wp-json\/wp\/v2\/media?parent=15718"}],"wp:term":[{"taxonomy":"category","embeddable":true,"href":"https:\/\/samantharadionline.com\/index.php\/wp-json\/wp\/v2\/categories?post=15718"},{"taxonomy":"post_tag","embeddable":true,"href":"https:\/\/samantharadionline.com\/index.php\/wp-json\/wp\/v2\/tags?post=15718"}],"curies":[{"name":"wp","href":"https:\/\/api.w.org\/{rel}","templated":true}]}}