{"id":15715,"date":"2025-05-14T10:17:09","date_gmt":"2025-05-14T14:17:09","guid":{"rendered":"https:\/\/samantharadionline.com\/?p=15715"},"modified":"2025-05-14T10:17:09","modified_gmt":"2025-05-14T14:17:09","slug":"paro-medico-afecta-atencion-en-el-hospital-de-barahona","status":"publish","type":"post","link":"https:\/\/samantharadionline.com\/index.php\/2025\/05\/14\/paro-medico-afecta-atencion-en-el-hospital-de-barahona\/","title":{"rendered":"Paro m\u00e9dico afecta atenci\u00f3n en el Hospital de Barahona"},"content":{"rendered":"\n<p class=\"has-medium-font-size\"><em>Pacientes denuncian falta de atenci\u00f3n debido a huelga del Colegio M\u00e9dico Dominicano<\/em><\/p>\n\n\n\n<p><em>Por Alan Vargas, <a href=\"mailto:alanvargas01@gmail.com\">alanvargas01@gmail.com<\/a><\/em>, <em><strong>Barahona, RD<\/strong><\/em><\/p>\n\n\n\n<p>El <strong>Hospital Regional Docente Universitario Jaime Mota<\/strong>, en Barahona, se ha visto afectado por un <strong>paro m\u00e9dico de 48 horas<\/strong>, iniciado este mi\u00e9rcoles <strong>14 de mayo de 2025<\/strong> por el <strong>Colegio M\u00e9dico Dominicano (CMD)<\/strong>.<\/p>\n\n\n\n<p>Desde tempranas horas de la ma\u00f1ana, pacientes acudieron al hospital en busca de atenci\u00f3n, pero se encontraron con la negativa de los m\u00e9dicos a brindar consultas. Solo el \u00e1rea de <strong>emergencia<\/strong> y la atenci\u00f3n a pacientes <strong>hospitalizados<\/strong> se mantuvieron operativas.<\/p>\n\n\n\n<p>Una joven madre, quien acudi\u00f3 con su beb\u00e9 de dos meses al \u00e1rea de pediatr\u00eda, expres\u00f3 su frustraci\u00f3n al no poder recibir atenci\u00f3n m\u00e9dica. Seg\u00fan relat\u00f3, un empleado del hospital le inform\u00f3 que los doctores no estaban trabajando debido al paro.<\/p>\n\n\n\n<p>El CMD ha justificado la huelga como una medida de presi\u00f3n para exigir la <strong>reposici\u00f3n de m\u00e9dicos desvinculados<\/strong>, un <strong>aumento salarial para galenos pensionados<\/strong> y el <strong>fortalecimiento de la seguridad en los hospitales<\/strong>.<\/p>\n\n\n\n<p>La paralizaci\u00f3n de los servicios ha afectado a cientos de pacientes que ten\u00edan citas programadas. Algunos han tenido que <strong>reagendar sus consultas para junio<\/strong>, mientras que otros han optado por buscar atenci\u00f3n en cl\u00ednicas privadas.<\/p>\n\n\n\n<p>El personal de enfermer\u00eda, aunque presente en el hospital, tambi\u00e9n ha manifestado su descontento debido a la falta de pago de incentivos. Ayer martes, realizaron una protesta para exigir el cumplimiento de sus derechos laborales.<\/p>\n\n\n\n<p>El presidente del CMD, <strong>Waldo Ariel Suero<\/strong>, ha advertido que si las autoridades no responden a sus demandas, la lucha podr\u00eda extenderse hasta finales de a\u00f1o.<\/p>\n\n\n\n<p>La situaci\u00f3n ha generado preocupaci\u00f3n en la comunidad, ya que el hospital es el principal centro de salud de la regi\u00f3n. La falta de atenci\u00f3n m\u00e9dica podr\u00eda agravar el estado de salud de muchos pacientes que dependen de los servicios p\u00fablicos.<\/p>\n\n\n\n<p>En conclusi\u00f3n, el paro m\u00e9dico en el <strong>Hospital Jaime Mota<\/strong> ha dejado a cientos de personas sin atenci\u00f3n, evidenciando la crisis en el sistema de salud p\u00fablica. La comunidad espera que las autoridades y el CMD lleguen a un acuerdo pronto para evitar mayores afectaciones<\/p>\n","protected":false},"excerpt":{"rendered":"<p>Pacientes denuncian falta de atenci\u00f3n debido a huelga del Colegio M\u00e9dico Dominicano Por Alan Vargas,<\/p>\n","protected":false},"author":1,"featured_media":15716,"comment_status":"open","ping_status":"open","sticky":false,"template":"","format":"standard","meta":{"footnotes":""},"categories":[12],"tags":[],"class_list":["post-15715","post","type-post","status-publish","format-standard","has-post-thumbnail","hentry","category-nacionales"],"_links":{"self":[{"href":"https:\/\/samantharadionline.com\/index.php\/wp-json\/wp\/v2\/posts\/15715","targetHints":{"allow":["GET"]}}],"collection":[{"href":"https:\/\/samantharadionline.com\/index.php\/wp-json\/wp\/v2\/posts"}],"about":[{"href":"https:\/\/samantharadionline.com\/index.php\/wp-json\/wp\/v2\/types\/post"}],"author":[{"embeddable":true,"href":"https:\/\/samantharadionline.com\/index.php\/wp-json\/wp\/v2\/users\/1"}],"replies":[{"embeddable":true,"href":"https:\/\/samantharadionline.com\/index.php\/wp-json\/wp\/v2\/comments?post=15715"}],"version-history":[{"count":1,"href":"https:\/\/samantharadionline.com\/index.php\/wp-json\/wp\/v2\/posts\/15715\/revisions"}],"predecessor-version":[{"id":15717,"href":"https:\/\/samantharadionline.com\/index.php\/wp-json\/wp\/v2\/posts\/15715\/revisions\/15717"}],"wp:featuredmedia":[{"embeddable":true,"href":"https:\/\/samantharadionline.com\/index.php\/wp-json\/wp\/v2\/media\/15716"}],"wp:attachment":[{"href":"https:\/\/samantharadionline.com\/index.php\/wp-json\/wp\/v2\/media?parent=15715"}],"wp:term":[{"taxonomy":"category","embeddable":true,"href":"https:\/\/samantharadionline.com\/index.php\/wp-json\/wp\/v2\/categories?post=15715"},{"taxonomy":"post_tag","embeddable":true,"href":"https:\/\/samantharadionline.com\/index.php\/wp-json\/wp\/v2\/tags?post=15715"}],"curies":[{"name":"wp","href":"https:\/\/api.w.org\/{rel}","templated":true}]}}