{"id":15710,"date":"2025-05-14T10:07:14","date_gmt":"2025-05-14T14:07:14","guid":{"rendered":"https:\/\/samantharadionline.com\/?p=15710"},"modified":"2025-05-14T10:12:21","modified_gmt":"2025-05-14T14:12:21","slug":"uruguay-despide-a-pepe-mujica-con-honras-funebres-y-duelo-nacional","status":"publish","type":"post","link":"https:\/\/samantharadionline.com\/index.php\/2025\/05\/14\/uruguay-despide-a-pepe-mujica-con-honras-funebres-y-duelo-nacional\/","title":{"rendered":"Uruguay despide a Pepe Mujica con honras f\u00fanebres y duelo nacional"},"content":{"rendered":"\n<p class=\"has-medium-font-size\"><em>L\u00edderes de Am\u00e9rica Latina rinden homenaje al expresidente uruguayo en su \u00faltimo adi\u00f3s<\/em><\/p>\n\n\n\n<p><strong><em>Por La redacci\u00f3n de Samantha Radio Online<\/em> y <em>Agencia EFE, Montevideo<\/em><\/strong><\/p>\n\n\n\n<p>El funeral de <strong>Jos\u00e9 \u00abPepe\u00bb Mujica<\/strong> ha sido un evento de gran significado para Uruguay y Am\u00e9rica Latina. El exmandatario, fallecido el <strong>13 de mayo de 2025<\/strong> a los <strong>89 a\u00f1os<\/strong>, fue despedido con honras f\u00fanebres y un duelo nacional de <strong>tres d\u00edas<\/strong>, decretado por el presidente <strong>Yamand\u00fa Orsi<\/strong>.<\/p>\n\n\n\n<p>El cortejo f\u00fanebre comenz\u00f3 en la <strong>Torre Ejecutiva<\/strong>, sede de la Presidencia de Uruguay, y recorri\u00f3 lugares emblem\u00e1ticos de la vida pol\u00edtica de Mujica, incluyendo la sede del <strong>Movimiento de Liberaci\u00f3n Nacional Tupamaros<\/strong> y la del <strong>Frente Amplio<\/strong>.<\/p>\n\n\n\n<p>A las <strong>12:00 del mediod\u00eda<\/strong>, el cuerpo del expresidente fue trasladado al <strong>Palacio Legislativo<\/strong>, donde se llev\u00f3 a cabo el velatorio p\u00fablico en el <strong>Sal\u00f3n de los Pasos Perdidos<\/strong>. Las puertas se abrieron a las <strong>3:00 p.m.<\/strong>, permitiendo que miles de ciudadanos se despidieran de Mujica hasta la madrugada del jueves.<\/p>\n\n\n\n<p>El gobierno uruguayo organiz\u00f3 una ceremonia solemne, en la que participaron l\u00edderes pol\u00edticos y sociales. El presidente <strong>Yamand\u00fa Orsi<\/strong> coloc\u00f3 una bandera de Uruguay sobre el ata\u00fad de Mujica, en un gesto de reconocimiento a su legado.<\/p>\n\n\n\n<p>Entre los l\u00edderes internacionales presentes en el funeral estuvieron el presidente de <strong>Brasil, Luiz In\u00e1cio Lula da Silva<\/strong>, y el mandatario de <strong>Chile, Gabriel Boric<\/strong>. Ambos destacaron la influencia de Mujica en la pol\u00edtica latinoamericana y su compromiso con la justicia social.<\/p>\n\n\n\n<p>El expresidente uruguayo fue recordado por su estilo de vida austero y su lucha por la unidad latinoamericana. Durante su mandato (<strong>2010-2015<\/strong>), promovi\u00f3 reformas progresistas como la <strong>legalizaci\u00f3n de la marihuana<\/strong>, el <strong>matrimonio igualitario<\/strong> y la <strong>despenalizaci\u00f3n del aborto<\/strong>.<\/p>\n\n\n\n<p>El velatorio estuvo marcado por discursos emotivos de figuras pol\u00edticas y ciudadanos que admiraban a Mujica. Su esposa, <strong>Luc\u00eda Topolansky<\/strong>, expres\u00f3 su gratitud por el apoyo recibido y record\u00f3 los \u00faltimos d\u00edas del expresidente, quien enfrent\u00f3 con serenidad su enfermedad.<\/p>\n\n\n\n<p>El gobierno uruguayo decret\u00f3 que la bandera nacional permanecer\u00eda a <strong>media asta<\/strong> en todos los edificios p\u00fablicos, embajadas y bases militares hasta el <strong>16 de mayo<\/strong>.<\/p>\n\n\n\n<p>El traslado de los restos de Mujica al cementerio fue privado, cumpliendo su deseo de ser <strong>cremado<\/strong> en una ceremonia \u00edntima. Su \u00faltima voluntad fue descansar junto a su perra <strong>Manuela<\/strong>, bajo un \u00e1rbol que \u00e9l mismo sembr\u00f3.<\/p>\n\n\n\n<p>Acompa\u00f1ado por miles de personas, el&nbsp;<strong>cortejo f\u00fanebre<\/strong>&nbsp;del expresidente de&nbsp;<strong>Uruguay Jos\u00e9 Mujica<\/strong>&nbsp;parti\u00f3 este mi\u00e9rcoles desde la<strong>&nbsp;Torre Ejecutiva de Montevideo&nbsp;<\/strong>hacia el Palacio Legislativo, donde sus restos ser\u00e1n velados.<\/p>\n\n\n\n<p>A pocos metros de la salida, en la puerta del Palacio Est\u00e9vez y acompa\u00f1ado por la viuda de\u00a0<strong>Mujica, Luc\u00eda Topolansky<\/strong>, el actual mandatario,\u00a0<strong>Yamand\u00fa Orsi<\/strong>, coloc\u00f3 el pabell\u00f3n patrio sobre el f\u00e9retro, que es trasladado en una cure\u00f1a.<\/p>\n\n\n\n<p>Minutos despu\u00e9s, entre aplausos, el cortejo f\u00fanebre parti\u00f3 hacia la avenida 18 de julio de&nbsp;<strong>Montevideo<\/strong>&nbsp;-la principal de la capital- por la que marchar\u00e1 hacia la sede del&nbsp;<strong>Movimiento de Liberaci\u00f3n Nacional Tupamaros.<\/strong><\/p>\n\n\n\n<figure class=\"wp-block-image\" id=\"m6691-6690-6692\"><img decoding=\"async\" src=\"https:\/\/listindiario.com\/files\/vertical_main_image\/uploads\/2025\/05\/14\/68249b0d6bdf9.jpeg\" alt=\"Yamandu Orsi y Luc\u00eda Topolansky\"\/><figcaption class=\"wp-element-caption\">El presidente uruguayo, Yamandu Orsi, izquierda, junto a Luc\u00eda Topolansky, viuda del fallecido expresidente Jos\u00e9 Mujica, junto a su ata\u00fad en el palacio presidencial de Montevideo, Uruguay, el mi\u00e9rcoles 14 de mayo de 2025. (Foto AP\/Matilde Campodonico)Matilde Campodonico<\/figcaption><\/figure>\n\n\n\n<p>Delante de la cure\u00f1a, cientos de militantes del&nbsp;<strong>Movimiento de Participaci\u00f3n Popular<\/strong>, hist\u00f3rico sector del&nbsp;<strong>Frente Amplio<\/strong>&nbsp;creado por el exmandatario, marchan con banderas y vestidos de negro con una camiseta que en su espalda tiene la leyenda: \u00abNo me voy, estoy llegando\u00bb.<\/p>\n\n\n\n<p>Dicha\u00a0frase\u00a0fue pronunciada por\u00a0<strong>Mujica\u00a0<\/strong>el 1 de marzo de 2015, cuando dej\u00f3 la Presidencia del pa\u00eds tras cinco a\u00f1os.<\/p>\n\n\n\n<p>\u00abNo me voy, estoy llegando. Me ir\u00e9 con el \u00faltimo aliento y donde est\u00e9 estar\u00e9 por ti, estar\u00e9 contigo, porque es la forma superior de estar con la vida. Gracias, querido pueblo\u00bb, enfatiz\u00f3.<\/p>\n\n\n\n<figure class=\"wp-block-image\" id=\"m6703-6702-6704\"><img decoding=\"async\" src=\"https:\/\/listindiario.com\/files\/vertical_main_image\/uploads\/2025\/05\/14\/6824a233c8c64.jpeg\" alt=\"Simpatizantes del partido pol\u00edtico Movimiento de Participaci\u00f3n Popular\"\/><figcaption class=\"wp-element-caption\">Simpatizantes del partido pol\u00edtico Movimiento de Participaci\u00f3n Popular desfilan frente al palacio presidencial durante el funeral del fallecido expresidente uruguayo Jos\u00e9 Mujica en Montevideo, Uruguay, el mi\u00e9rcoles 14 de mayo de 2025. (Foto AP\/Matilde Campodonico)Matilde Campodonico<\/figcaption><\/figure>\n\n\n\n<p>Tras detenerse frente a la sede del&nbsp;<strong>Movimiento de Liberaci\u00f3n Nacional Tupamaros<\/strong>, el cortejo f\u00fanebre seguir\u00e1 su camino y har\u00e1 lo mismo frente a las sedes del Movimiento de Participaci\u00f3n Popular y del Frente Amplio, ambas ubicadas en el&nbsp;<strong>centro de Montevideo.<\/strong><\/p>\n\n\n\n<p>Mientras tanto, a las 15:00 hora local (18:00 GMT) comenzar\u00e1 el velorio, que se llevar\u00e1 a cabo en el Sal\u00f3n de los&nbsp;<strong>Pasos Perdidos del Palacio Legislativo<\/strong>&nbsp;de Montevideo, adonde podr\u00e1 ingresar el p\u00fablico en general. Por el momento no est\u00e1 confirmado si se extender\u00e1 por 24 horas o por 36.<\/p>\n\n\n\n<p>Pepe\u00a0Mujica falleci\u00f3\u00a0este martes en Montevideo a los 89 a\u00f1os, un a\u00f1o despu\u00e9s de que le descubrieran un tumor maligno en el es\u00f3fago y cuando le faltaba una semana para llegar a los 90.<\/p>\n\n\n\n<p>\u00abCon profundo dolor comunicamos que falleci\u00f3&nbsp;<strong>nuestro compa\u00f1ero Pepe Mujica<\/strong>. Presidente, militante, referente y conductor. Te vamos a extra\u00f1ar mucho viejo querido. Gracias por todo lo que nos diste y por tu profundo amor por tu pueblo\u00bb, anunci\u00f3 en su cuenta de X el presidente Orsi.<\/p>\n\n\n\n<p>El 29 de abril del pasado a\u00f1o,&nbsp;<strong>Mujica&nbsp;<\/strong>anunci\u00f3 en una rueda de prensa que ten\u00eda un<strong>&nbsp;tumor en el es\u00f3fago<\/strong>. Poco despu\u00e9s, revel\u00f3 que era maligno y que deb\u00eda tratarse con&nbsp;<strong>radioterapia<\/strong>, procedimiento al que fue sometido en Montevideo.<\/p>\n\n\n\n<p>A comienzos de este a\u00f1o, el expresidente inform\u00f3 en una entrevista con el semanario local B\u00fasqueda que el c\u00e1ncer que le fue descubierto en el&nbsp;<strong>es\u00f3fago&nbsp;<\/strong>se le hab\u00eda expandido al&nbsp;<strong>h\u00edgado<\/strong>.<\/p>\n\n\n\n<p>En conclusi\u00f3n, el funeral de <strong>Pepe Mujica<\/strong> ha sido un evento de profundo significado para Uruguay y Am\u00e9rica Latina. Su legado de humildad, compromiso social y lucha por la justicia seguir\u00e1 inspirando a generaciones futuras<\/p>\n","protected":false},"excerpt":{"rendered":"<p>L\u00edderes de Am\u00e9rica Latina rinden homenaje al expresidente uruguayo en su \u00faltimo adi\u00f3s Por La<\/p>\n","protected":false},"author":1,"featured_media":15711,"comment_status":"open","ping_status":"open","sticky":false,"template":"","format":"standard","meta":{"footnotes":""},"categories":[4],"tags":[],"class_list":["post-15710","post","type-post","status-publish","format-standard","has-post-thumbnail","hentry","category-mundiales"],"_links":{"self":[{"href":"https:\/\/samantharadionline.com\/index.php\/wp-json\/wp\/v2\/posts\/15710","targetHints":{"allow":["GET"]}}],"collection":[{"href":"https:\/\/samantharadionline.com\/index.php\/wp-json\/wp\/v2\/posts"}],"about":[{"href":"https:\/\/samantharadionline.com\/index.php\/wp-json\/wp\/v2\/types\/post"}],"author":[{"embeddable":true,"href":"https:\/\/samantharadionline.com\/index.php\/wp-json\/wp\/v2\/users\/1"}],"replies":[{"embeddable":true,"href":"https:\/\/samantharadionline.com\/index.php\/wp-json\/wp\/v2\/comments?post=15710"}],"version-history":[{"count":2,"href":"https:\/\/samantharadionline.com\/index.php\/wp-json\/wp\/v2\/posts\/15710\/revisions"}],"predecessor-version":[{"id":15714,"href":"https:\/\/samantharadionline.com\/index.php\/wp-json\/wp\/v2\/posts\/15710\/revisions\/15714"}],"wp:featuredmedia":[{"embeddable":true,"href":"https:\/\/samantharadionline.com\/index.php\/wp-json\/wp\/v2\/media\/15711"}],"wp:attachment":[{"href":"https:\/\/samantharadionline.com\/index.php\/wp-json\/wp\/v2\/media?parent=15710"}],"wp:term":[{"taxonomy":"category","embeddable":true,"href":"https:\/\/samantharadionline.com\/index.php\/wp-json\/wp\/v2\/categories?post=15710"},{"taxonomy":"post_tag","embeddable":true,"href":"https:\/\/samantharadionline.com\/index.php\/wp-json\/wp\/v2\/tags?post=15710"}],"curies":[{"name":"wp","href":"https:\/\/api.w.org\/{rel}","templated":true}]}}