{"id":15701,"date":"2025-05-14T09:46:56","date_gmt":"2025-05-14T13:46:56","guid":{"rendered":"https:\/\/samantharadionline.com\/?p=15701"},"modified":"2025-05-14T09:46:56","modified_gmt":"2025-05-14T13:46:56","slug":"cumbre-historica-abinader-reune-a-expresidentes-para-abordar-crisis-haitiana","status":"publish","type":"post","link":"https:\/\/samantharadionline.com\/index.php\/2025\/05\/14\/cumbre-historica-abinader-reune-a-expresidentes-para-abordar-crisis-haitiana\/","title":{"rendered":"Cumbre hist\u00f3rica: Abinader re\u00fane a expresidentes para abordar crisis haitiana"},"content":{"rendered":"\n<p class=\"has-medium-font-size\"> <em>Abinader  insiste en la necesidad de una <strong>respuesta nacional coordinada<\/strong> ante la crisis haitiana<\/em><\/p>\n\n\n\n<p>Por <em><strong>La Redacci\u00f3n Samantha Radio Online<\/strong><\/em><\/p>\n\n\n\n<p>El presidente <strong>Luis Abinader<\/strong> ha convocado a una reuni\u00f3n de alto nivel con los expresidentes <strong>Hip\u00f3lito Mej\u00eda, Leonel Fern\u00e1ndez y Danilo Medina<\/strong> para discutir la crisis migratoria haitiana y su impacto en la Rep\u00fablica Dominicana. Este encuentro, programado para el <strong>mi\u00e9rcoles 14 de mayo<\/strong>, se llevar\u00e1 a cabo en el <strong>Ministerio de Defensa<\/strong>, con la participaci\u00f3n de altos funcionarios del gobierno.<\/p>\n\n\n\n<p>La cumbre tiene como objetivo principal analizar el <strong>colapso institucional de Hait\u00ed<\/strong> y sus repercusiones en la seguridad y migraci\u00f3n dominicana. La Presidencia ha enfatizado que el encuentro no incluir\u00e1 discusiones sobre pol\u00edtica interna ni propuestas partidistas, sino que se centrar\u00e1 exclusivamente en la crisis haitiana.<\/p>\n\n\n\n<p>Entre los asistentes estar\u00e1n el <strong>Ministro de Relaciones Exteriores, Roberto \u00c1lvarez<\/strong>, el <strong>Ministro de Defensa, Carlos D\u00edaz Morfa<\/strong>, el <strong>comandante del Ej\u00e9rcito, Jorge Iv\u00e1n Camino P\u00e9rez<\/strong>, y los directores del <strong>Departamento Nacional de Investigaciones (DNI) y de Migraci\u00f3n<\/strong>. Tambi\u00e9n participar\u00e1 el <strong>embajador dominicano en Hait\u00ed, Faruk Miguel Castillo<\/strong>, quien ofrecer\u00e1 un panorama integral sobre la situaci\u00f3n actual.<\/p>\n\n\n\n<p>El presidente Abinader ha insistido en la necesidad de una <strong>respuesta nacional coordinada<\/strong> ante la crisis haitiana, subrayando que la seguridad dominicana est\u00e1 estrechamente vinculada al destino de su vecino. La reuni\u00f3n busca establecer mecanismos de coordinaci\u00f3n para futuras consultas y definir estrategias de acci\u00f3n conjunta.<\/p>\n\n\n\n<p>La convocatoria ha sido recibida con <strong>reacciones mixtas<\/strong> en el \u00e1mbito pol\u00edtico. Mientras algunos sectores consideran que es un paso necesario para fortalecer la institucionalidad democr\u00e1tica, otros han expresado dudas sobre la efectividad del encuentro. El expresidente <strong>Leonel Fern\u00e1ndez<\/strong>, por ejemplo, ha sugerido que el di\u00e1logo deber\u00eda incluir representantes de la sociedad civil y el sector empresarial.<\/p>\n\n\n\n<p>El contexto de la cumbre es cr\u00edtico. La violencia en Hait\u00ed ha aumentado en los \u00faltimos meses, con pandillas disputando el control de <strong>Puerto Pr\u00edncipe<\/strong>. Seg\u00fan la ONU, en el primer trimestre de 2025, al menos <strong>1,518 personas murieron y 572 resultaron heridas<\/strong> en Hait\u00ed.<\/p>\n\n\n\n<p>La crisis ha provocado una <strong>ola de desplazamientos<\/strong> de ciudadanos haitianos hacia Rep\u00fablica Dominicana, lo que ha llevado al gobierno a reforzar sus pol\u00edticas migratorias. En respuesta, Abinader ha implementado medidas como la <strong>ampliaci\u00f3n del muro fronterizo, deportaciones masivas y redadas en hospitales p\u00fablicos<\/strong>.<\/p>\n\n\n\n<p>El gobierno dominicano ha reiterado que <strong>no existe una soluci\u00f3n dominicana al problema haitiano<\/strong>, instando a la comunidad internacional a asumir su responsabilidad en la crisis. La cumbre busca consolidar una postura nacional firme y unificada frente a la situaci\u00f3n.<\/p>\n\n\n\n<p>Analistas consideran que este encuentro marca un <strong>precedente importante<\/strong> en la pol\u00edtica dominicana, ya que re\u00fane a l\u00edderes de diferentes partidos en un esfuerzo por abordar un problema que trasciende intereses partidarios.<\/p>\n\n\n\n<p>Se espera que, al t\u00e9rmino de la reuni\u00f3n, se emita un <strong>comunicado conjunto<\/strong> que resuma los consensos alcanzados y las estrategias a seguir. La Presidencia ha asegurado que el encuentro no es un acto pol\u00edtico, sino un ejercicio de liderazgo compartido frente a una crisis regional.<\/p>\n\n\n\n<p>En conclusi\u00f3n, la cumbre convocada por Abinader representa un <strong>paso clave<\/strong> en la b\u00fasqueda de soluciones a la crisis haitiana. La unidad entre los l\u00edderes pol\u00edticos dominicanos podr\u00eda ser determinante para enfrentar los desaf\u00edos migratorios y de seguridad que afectan al pa\u00eds<\/p>\n","protected":false},"excerpt":{"rendered":"<p>Abinader insiste en la necesidad de una respuesta nacional coordinada ante la crisis haitiana Por<\/p>\n","protected":false},"author":1,"featured_media":15541,"comment_status":"open","ping_status":"open","sticky":false,"template":"","format":"standard","meta":{"footnotes":""},"categories":[12],"tags":[],"class_list":["post-15701","post","type-post","status-publish","format-standard","has-post-thumbnail","hentry","category-nacionales"],"_links":{"self":[{"href":"https:\/\/samantharadionline.com\/index.php\/wp-json\/wp\/v2\/posts\/15701","targetHints":{"allow":["GET"]}}],"collection":[{"href":"https:\/\/samantharadionline.com\/index.php\/wp-json\/wp\/v2\/posts"}],"about":[{"href":"https:\/\/samantharadionline.com\/index.php\/wp-json\/wp\/v2\/types\/post"}],"author":[{"embeddable":true,"href":"https:\/\/samantharadionline.com\/index.php\/wp-json\/wp\/v2\/users\/1"}],"replies":[{"embeddable":true,"href":"https:\/\/samantharadionline.com\/index.php\/wp-json\/wp\/v2\/comments?post=15701"}],"version-history":[{"count":1,"href":"https:\/\/samantharadionline.com\/index.php\/wp-json\/wp\/v2\/posts\/15701\/revisions"}],"predecessor-version":[{"id":15702,"href":"https:\/\/samantharadionline.com\/index.php\/wp-json\/wp\/v2\/posts\/15701\/revisions\/15702"}],"wp:featuredmedia":[{"embeddable":true,"href":"https:\/\/samantharadionline.com\/index.php\/wp-json\/wp\/v2\/media\/15541"}],"wp:attachment":[{"href":"https:\/\/samantharadionline.com\/index.php\/wp-json\/wp\/v2\/media?parent=15701"}],"wp:term":[{"taxonomy":"category","embeddable":true,"href":"https:\/\/samantharadionline.com\/index.php\/wp-json\/wp\/v2\/categories?post=15701"},{"taxonomy":"post_tag","embeddable":true,"href":"https:\/\/samantharadionline.com\/index.php\/wp-json\/wp\/v2\/tags?post=15701"}],"curies":[{"name":"wp","href":"https:\/\/api.w.org\/{rel}","templated":true}]}}