{"id":15697,"date":"2025-05-14T09:37:20","date_gmt":"2025-05-14T13:37:20","guid":{"rendered":"https:\/\/samantharadionline.com\/?p=15697"},"modified":"2025-05-14T09:37:21","modified_gmt":"2025-05-14T13:37:21","slug":"cae-parte-del-techo-de-escuela-senora-del-socorro-y-de-la-escuela-basica-fidelina-feliz-matos-en-la-guazara-de-barahona","status":"publish","type":"post","link":"https:\/\/samantharadionline.com\/index.php\/2025\/05\/14\/cae-parte-del-techo-de-escuela-senora-del-socorro-y-de-la-escuela-basica-fidelina-feliz-matos-en-la-guazara-de-barahona\/","title":{"rendered":"Cae parte del techo de escuela Se\u00f1ora del Socorro y de la Escuela B\u00e1sica Fidelina F\u00e9liz Matos en La Gu\u00e1zara, de Barahona"},"content":{"rendered":"\n<p class=\"has-medium-font-size\"><em>Se trata del desprendimiento del pa\u00f1ete del techo, sin que se haya informado a\u00fan la causa exacta del da\u00f1o. Este caso se sum\u00f3 a otro que sucedi\u00f3 la semana pasada en una escuela de Barahona<\/em><\/p>\n\n\n\n<p>Parte del techo de un aula se cay\u00f3 este martes en la escuela&nbsp;<strong>Se\u00f1ora del Socorro<\/strong>, ubicada en la comunidad de Lecher\u00eda, mientras se desarrollaban actividades docentes.<\/p>\n\n\n\n<p>Seg\u00fan informaron testigos, el incidente ocurri\u00f3 en plena jornada escolar, pero&nbsp;<strong>no se encontraban estudiantes sentados<\/strong>&nbsp;en el \u00e1rea afectada al momento del desprendimiento, por lo que&nbsp;<strong>no hubo heridos<\/strong>.&nbsp;<\/p>\n\n\n\n<p>Se trat\u00f3 del desprendimiento de part\u00edculas del techo, pero a\u00fan no se informa la causa exacta del da\u00f1o.&nbsp;<\/p>\n\n\n\n<p>La maestra y los estudiantes fueron movilizados a otro sal\u00f3n de clases, seg\u00fan inform\u00f3 la fuente.<\/p>\n\n\n\n<p>Autoridades educativas a\u00fan no han emitido un comunicado oficial sobre lo ocurrido ni sobre las medidas que se tomar\u00e1n al respecto.<\/p>\n\n\n\n<h3 class=\"wp-block-heading\">Tambi\u00e9n sucedi\u00f3 en barahona<\/h3>\n\n\n\n<p>Este caso se suma a otro similar ocurrido en un plantel hace unos d\u00edas.&nbsp;<\/p>\n\n\n\n<p>En la Escuela B\u00e1sica Fidelina F\u00e9liz Matos, ubicada en el distrito municipal La Gu\u00e1zara, del municipio Barahona, tambi\u00e9n colaps\u00f3 de una parte de la estructura del techo.<\/p>\n\n\n\n<figure class=\"wp-block-image\" id=\"m20017-20016-20018\"><img decoding=\"async\" src=\"https:\/\/listindiario.com\/files\/vertical_main_image\/uploads\/2025\/05\/13\/6823eab94f8cb.jpeg\" alt=\"Desprendimiento de parte del techo en escuela de La Gu\u00e1zara.\"\/><figcaption class=\"wp-element-caption\">Desprendimiento de parte del techo en escuela de La Gu\u00e1zara.Benny Rodr\u00edguez<\/figcaption><\/figure>\n\n\n\n<p>Una maestra llamada Berenice Urb\u00e1ez, mejor conocida como \u00abBey\u00bb fue quien se dio cuenta y dijo que est\u00e1 \u00abviva para contarlo\u00bb.<\/p>\n\n\n\n<p>Al lugar se present\u00f3 el director del&nbsp;<strong>Distrito Educativo 0103<\/strong>, Nelson F\u00e9liz Espinosa, miembros de la Polic\u00eda Escolar (PE) y representantes de la Regional 01, todos sectoriales del&nbsp;<strong>Ministerio de Educaci\u00f3n&nbsp;<\/strong>de la Rep\u00fablica Dominicana (Minerd).<\/p>\n\n\n\n<p>Aunque trascendi\u00f3 que la docencia se hab\u00eda suspendido por el evento ocurrido, la educadora dijo que hasta el momento al profesorado no se le ha informado nada al respecto.<\/p>\n\n\n\n<p>La&nbsp;<strong>Escuela B\u00e1sica Fidelina F\u00e9liz Matos&nbsp;<\/strong>tiene m\u00e1s de 30 a\u00f1os de construcci\u00f3n y aunque su deterioro era evidente, la comunidad se queja porque solo con un poco de pa\u00f1ete y pintura las autoridades educativas, tanto de esta como de anteriores gestiones no tomaban en serio la amenaza que esta representaba para el estudiantado, profesorado, as\u00ed como para el personal administrativo.<\/p>\n\n\n\n<p><strong>Escuela Hermanas Mirabal del Caf\u00e9 de Herrera<\/strong>, <strong>Santo Domingo Oeste <\/strong> <\/p>\n\n\n\n<figure class=\"wp-block-image size-large\"><img loading=\"lazy\" decoding=\"async\" width=\"576\" height=\"1024\" src=\"https:\/\/samantharadionline.com\/wp-content\/uploads\/2025\/05\/escuela-hermanas-mirbal-grieta-2-576x1024.jpg\" alt=\"\" class=\"wp-image-15376\" srcset=\"https:\/\/samantharadionline.com\/wp-content\/uploads\/2025\/05\/escuela-hermanas-mirbal-grieta-2-576x1024.jpg 576w, https:\/\/samantharadionline.com\/wp-content\/uploads\/2025\/05\/escuela-hermanas-mirbal-grieta-2-169x300.jpg 169w, https:\/\/samantharadionline.com\/wp-content\/uploads\/2025\/05\/escuela-hermanas-mirbal-grieta-2-768x1365.jpg 768w, https:\/\/samantharadionline.com\/wp-content\/uploads\/2025\/05\/escuela-hermanas-mirbal-grieta-2-864x1536.jpg 864w, https:\/\/samantharadionline.com\/wp-content\/uploads\/2025\/05\/escuela-hermanas-mirbal-grieta-2-1152x2048.jpg 1152w, https:\/\/samantharadionline.com\/wp-content\/uploads\/2025\/05\/escuela-hermanas-mirbal-grieta-2-scaled.jpg 1440w\" sizes=\"auto, (max-width: 576px) 100vw, 576px\" \/><\/figure>\n\n\n\n<p>La <strong>Escuela Hermanas Mirabal<\/strong>, ubicada en <strong>El Caf\u00e9 de Herrera, Santo Domingo Oeste<\/strong>, enfrenta un deterioro progresivo que pone en riesgo la seguridad de sus estudiantes y docentes. La estructura de <strong>cuatro plantas<\/strong> presenta <strong>grietas profundas en paredes y columnas<\/strong>, filtraciones en los techos y una inclinaci\u00f3n preocupante en sus escaleras. A pesar de las constantes denuncias de la comunidad educativa, el <strong>Ministerio de Educaci\u00f3n<\/strong> a\u00fan no ha tomado medidas concretas para solucionar esta crisis.<\/p>\n\n\n\n<p>Si el edificio no es demolido o sometido a una restauraci\u00f3n estructural en los pr\u00f3ximos <strong>dos a\u00f1os<\/strong>, el riesgo de colapso aumentar\u00e1 significativamente. La falta de mantenimiento ha debilitado los cimientos, y cualquier evento s\u00edsmico o condiciones clim\u00e1ticas extremas podr\u00edan acelerar el deterioro. La comunidad teme que ocurra una tragedia similar a la del <strong>Jet Set<\/strong>, donde la falta de supervisi\u00f3n llev\u00f3 al colapso de una estructura, causando m\u00faltiples v\u00edctimas.<\/p>\n\n\n\n<p>El peligro no solo radica en el posible desplome del edificio, sino tambi\u00e9n en las condiciones diarias en las que los estudiantes deben recibir clases. La <strong>falta de espacios adecuados<\/strong>, la exposici\u00f3n a filtraciones y el riesgo de desprendimiento de materiales comprometen la calidad educativa y la seguridad de los ni\u00f1os. Padres y docentes han organizado protestas para exigir una soluci\u00f3n inmediata, pero hasta ahora, las respuestas han sido insuficientes.<\/p>\n\n\n\n<p>La comunidad educativa insiste en que la \u00fanica soluci\u00f3n viable es la <strong>construcci\u00f3n de un nuevo plantel<\/strong> que garantice condiciones dignas para los m\u00e1s de <strong>mil ochocientos estudiantes<\/strong> que asisten en dos tandas. Si las autoridades no act\u00faan pronto, el pa\u00eds podr\u00eda enfrentar una tragedia de gran magnitud, con consecuencias devastadoras para las familias y la educaci\u00f3n en la zona<\/p>\n","protected":false},"excerpt":{"rendered":"<p>Se trata del desprendimiento del pa\u00f1ete del techo, sin que se haya informado a\u00fan la<\/p>\n","protected":false},"author":1,"featured_media":15699,"comment_status":"open","ping_status":"open","sticky":false,"template":"","format":"standard","meta":{"footnotes":""},"categories":[12],"tags":[],"class_list":["post-15697","post","type-post","status-publish","format-standard","has-post-thumbnail","hentry","category-nacionales"],"_links":{"self":[{"href":"https:\/\/samantharadionline.com\/index.php\/wp-json\/wp\/v2\/posts\/15697","targetHints":{"allow":["GET"]}}],"collection":[{"href":"https:\/\/samantharadionline.com\/index.php\/wp-json\/wp\/v2\/posts"}],"about":[{"href":"https:\/\/samantharadionline.com\/index.php\/wp-json\/wp\/v2\/types\/post"}],"author":[{"embeddable":true,"href":"https:\/\/samantharadionline.com\/index.php\/wp-json\/wp\/v2\/users\/1"}],"replies":[{"embeddable":true,"href":"https:\/\/samantharadionline.com\/index.php\/wp-json\/wp\/v2\/comments?post=15697"}],"version-history":[{"count":1,"href":"https:\/\/samantharadionline.com\/index.php\/wp-json\/wp\/v2\/posts\/15697\/revisions"}],"predecessor-version":[{"id":15700,"href":"https:\/\/samantharadionline.com\/index.php\/wp-json\/wp\/v2\/posts\/15697\/revisions\/15700"}],"wp:featuredmedia":[{"embeddable":true,"href":"https:\/\/samantharadionline.com\/index.php\/wp-json\/wp\/v2\/media\/15699"}],"wp:attachment":[{"href":"https:\/\/samantharadionline.com\/index.php\/wp-json\/wp\/v2\/media?parent=15697"}],"wp:term":[{"taxonomy":"category","embeddable":true,"href":"https:\/\/samantharadionline.com\/index.php\/wp-json\/wp\/v2\/categories?post=15697"},{"taxonomy":"post_tag","embeddable":true,"href":"https:\/\/samantharadionline.com\/index.php\/wp-json\/wp\/v2\/tags?post=15697"}],"curies":[{"name":"wp","href":"https:\/\/api.w.org\/{rel}","templated":true}]}}