{"id":15693,"date":"2025-05-14T09:22:41","date_gmt":"2025-05-14T13:22:41","guid":{"rendered":"https:\/\/samantharadionline.com\/?p=15693"},"modified":"2025-05-14T09:22:41","modified_gmt":"2025-05-14T13:22:41","slug":"se-espera-un-empuje-en-los-negocios-con-avenida-circunvalacion","status":"publish","type":"post","link":"https:\/\/samantharadionline.com\/index.php\/2025\/05\/14\/se-espera-un-empuje-en-los-negocios-con-avenida-circunvalacion\/","title":{"rendered":"Se espera un empuje en los negocios con Avenida Circunvalaci\u00f3n"},"content":{"rendered":"\n<p class=\"has-medium-font-size\"><em>Traer\u00e1 buenos beneficios, al despejar sus calles del congestionamiento que suele taponar las calles<\/em><\/p>\n\n\n\n<p>Jos\u00e9 Dicen, <strong>Santo Domingo, RD<\/strong><\/p>\n\n\n\n<p>Empresarios y comerciantes banilejos, que durante 25, 30 y 40 a\u00f1os han contribuido con el desarrollo, crecimiento econ\u00f3mico, comercial y social de la ciudad, afirman que la apertura de la Avenida de Circunvalaci\u00f3n, proyectada para los pr\u00f3ximos meses, beneficiar\u00e1 los negocios y la vida de sus mun\u00edcipes.<\/p>\n\n\n\n<p>Coinciden en que este bulevar, que sacar\u00e1 el tr\u00e1fico pesado del centro de la ciudad, en direcci\u00f3n desde y hacia la regi\u00f3n Sur, traer\u00e1 amplios beneficios al despejar sus calles del congestionamiento vehicular que por horas tapona todas las calles.<\/p>\n\n\n\n<p>El pasado 4 de abril, el presidente Luis Abinader, junto al ministro de Obras P\u00fablicas, Eduardo Estrella, y otros funcionarios locales y nacionales, recorri\u00f3 la Avenida de Circunvalaci\u00f3n, que tiene ya m\u00e1s de cuatro a\u00f1os en construcci\u00f3n.<\/p>\n\n\n\n<p>En los actos de ese d\u00eda, tanto el primer mandatario como Estrella anunciaron que los trabajos de esta avenida \u201cno se detendr\u00edan hasta culminarla\u201d y que ser\u00eda entregada a los banilejos en los pr\u00f3ximos meses.<\/p>\n\n\n\n<p>Incluso, para el feriado de Semana Santa, este bulevar fue habilitado, durante cinco d\u00edas, al tr\u00e1fico general de veh\u00edculos, dando como resultado que los banilejos celebraron por el descongestionamiento de las calles.<\/p>\n\n\n\n<p>Conductores que visitaron la Regi\u00f3n Sur durante ese feriado celebraron tambi\u00e9n la rapidez y facilidad que les permiti\u00f3 el uso de esta avenida para cruzar por esta localidad sin las dificultades y taponamientos de otros tiempos.<\/p>\n\n\n\n<p>Ram\u00f3n de los Santos, un empresario ferretero local con m\u00e1s de 25 a\u00f1os en estos negocios, presidente de la Asociaci\u00f3n de Ferreteros Banilejos y mimbro de la Uni\u00f3n de Comerciantes Banilejos, afirma que la Circunvalaci\u00f3n de Ban\u00ed, \u201cnos va a favorecer much\u00edsimo\u201d.<\/p>\n\n\n\n<p>\u201cVa a favorecer much\u00edsimo y va a mejorar sobre todo la calidad de vida de nuestros mun\u00edcipes\u201d, declar\u00f3 el dirigente empresarial banilejo con entusiasmo y seguridad en su pron\u00f3stico.<\/p>\n\n\n\n<p>Aquellas personas que vienen o van para el sur, expresa, y quieren venir a comprar a Ban\u00ed ahora tendr\u00e1n la oportunidad, como lo hac\u00edan antes de todo este caos, de entrar con mayor tranquilidad a nuestro pueblo, comprar, visitar y seguir con mayor rapidez, sin el congestionamiento que hoy existe en nuestras calles, explica.<\/p>\n\n\n\n<p>\u201cYo creo que lo m\u00e1s favorable es que esa avenida de circunvalaci\u00f3n se ponga en funcionamiento lo m\u00e1s pronto posible\u201d, manifiesta.&nbsp;<\/p>\n\n\n\n<p>Estos juicios son compartidos por otros l\u00edderes del comercio, entre estos Juan Carlos Guzm\u00e1n, con m\u00e1s de 40 a\u00f1os en el mundo comercial y empresarial de Ban\u00ed, presidente de la C\u00e1mara de Comercio y Producci\u00f3n de la Provincia Peravia.<\/p>\n\n\n\n<p><strong>Comercio del mango y dulces de Paya<\/strong><\/p>\n\n\n\n<p>Guzm\u00e1n se\u00f1ala que quiz\u00e1s en un principio el comercio del dulce y los mangos en las comunidades Paya y Escondido, \u201cpodr\u00eda verse algo afectado\u201d. Este particular tambi\u00e9n ha sido considerado por otros l\u00edderes del comercio local, entre estos Ram\u00f3n de los Santos y Juan Tejeda del Cluster Tur\u00edstico.<\/p>\n\n\n\n<p>A partir de la apertura de esta avenida, expresa Guzm\u00e1n, Ban\u00ed tendr\u00eda ahora dos entradas principales; la ya tradicional por la S\u00e1nchez y la del bulevar \u201cy, pienso que La Fabio Herrera dejar\u00eda de ser una v\u00eda residencial para convertirse en una ruta m\u00e1s comercial\u201d, contempla.<\/p>\n\n\n\n<p>Para el presidente del Cluster Tur\u00edstico de la Provincia Peravia, Juan Tejeda, y gestor de una de las principales ofertas tur\u00edsticas de la provincia, Caney Beach Home, en Matanzas, \u201clas circunvalaciones solo benefician a las poblaciones donde se construyen\u201d, afirma.<\/p>\n\n\n\n<p>Uno de los beneficios, reflexiona, es que todo el que vaya para el sur y no tenga inter\u00e9s en pararse en Ban\u00ed, va a seguir de la largo por la circunvalaci\u00f3n. En segundo lugar, indica, otro beneficio es que quien viene a Ban\u00ed con inter\u00e9s de comprar en el comercio local o visitar familiares y amigos va a venir ahora con mayor comodidad y tranquilidad con que lo hace ahora.<\/p>\n\n\n\n<p>\u201cEn 20 a\u00f1os hay que ver a Ban\u00ed hacia esa zona de la Avenida de Circunvalaci\u00f3n, porque este ser\u00e1 el pr\u00f3ximo foco de crecimiento y desarrollo comercial en Ban\u00ed\u201d, pronostica Jos\u00e9 Tejeda (Guazupan), empresario de la industria repostera y de la panader\u00eda en Peravia por m\u00e1s de 25 a\u00f1os.<\/p>\n\n\n\n<p>\u201cHay que ir viendo ya la cantidad de empresas que se ubicar\u00edan en esta zona y los que vendr\u00edan de otros lugares, d\u00e1ndole mayor dinamismo y crecimiento al comercio local\u201d, opina Guazupan con mirada puesta hacia futuro.<\/p>\n\n\n\n<p>\u201cEs lo que est\u00e1 pasando en la 6 de Noviembre y otras carreteras y avenidas en las distintas regiones del pa\u00eds\u201d, observa.<\/p>\n\n\n\n<p>Los banilejos esperan con ansiedad la terminaci\u00f3n y entrega de esta obra que inici\u00f3 su construcci\u00f3n en noviembre del 2020, con el prop\u00f3sito de sacar el tr\u00e1fico de los veh\u00edculos pesados que desborda las calles de esta ciudad, as\u00ed como para lograr disminuci\u00f3n del tiempo y ahorro de combustible para los conductores que se desplazan hacia y desde el sur a otras regiones y localidades del pa\u00eds.<\/p>\n","protected":false},"excerpt":{"rendered":"<p>Traer\u00e1 buenos beneficios, al despejar sus calles del congestionamiento que suele taponar las calles Jos\u00e9<\/p>\n","protected":false},"author":1,"featured_media":15694,"comment_status":"open","ping_status":"open","sticky":false,"template":"","format":"standard","meta":{"footnotes":""},"categories":[10],"tags":[],"class_list":["post-15693","post","type-post","status-publish","format-standard","has-post-thumbnail","hentry","category-economica"],"_links":{"self":[{"href":"https:\/\/samantharadionline.com\/index.php\/wp-json\/wp\/v2\/posts\/15693","targetHints":{"allow":["GET"]}}],"collection":[{"href":"https:\/\/samantharadionline.com\/index.php\/wp-json\/wp\/v2\/posts"}],"about":[{"href":"https:\/\/samantharadionline.com\/index.php\/wp-json\/wp\/v2\/types\/post"}],"author":[{"embeddable":true,"href":"https:\/\/samantharadionline.com\/index.php\/wp-json\/wp\/v2\/users\/1"}],"replies":[{"embeddable":true,"href":"https:\/\/samantharadionline.com\/index.php\/wp-json\/wp\/v2\/comments?post=15693"}],"version-history":[{"count":1,"href":"https:\/\/samantharadionline.com\/index.php\/wp-json\/wp\/v2\/posts\/15693\/revisions"}],"predecessor-version":[{"id":15695,"href":"https:\/\/samantharadionline.com\/index.php\/wp-json\/wp\/v2\/posts\/15693\/revisions\/15695"}],"wp:featuredmedia":[{"embeddable":true,"href":"https:\/\/samantharadionline.com\/index.php\/wp-json\/wp\/v2\/media\/15694"}],"wp:attachment":[{"href":"https:\/\/samantharadionline.com\/index.php\/wp-json\/wp\/v2\/media?parent=15693"}],"wp:term":[{"taxonomy":"category","embeddable":true,"href":"https:\/\/samantharadionline.com\/index.php\/wp-json\/wp\/v2\/categories?post=15693"},{"taxonomy":"post_tag","embeddable":true,"href":"https:\/\/samantharadionline.com\/index.php\/wp-json\/wp\/v2\/tags?post=15693"}],"curies":[{"name":"wp","href":"https:\/\/api.w.org\/{rel}","templated":true}]}}