{"id":15679,"date":"2025-05-14T09:09:28","date_gmt":"2025-05-14T13:09:28","guid":{"rendered":"https:\/\/samantharadionline.com\/?p=15679"},"modified":"2025-05-14T09:09:28","modified_gmt":"2025-05-14T13:09:28","slug":"investigan-perros-muertos-en-el-parque-mirador-sur","status":"publish","type":"post","link":"https:\/\/samantharadionline.com\/index.php\/2025\/05\/14\/investigan-perros-muertos-en-el-parque-mirador-sur\/","title":{"rendered":"Investigan perros muertos en el parque Mirador Sur"},"content":{"rendered":"\n<p class=\"has-medium-font-size\"><em>La autopsia forense confirm\u00f3 que los perros fueron v\u00edctimas de un potente t\u00f3xico.<\/em><\/p>\n\n\n\n<figure class=\"wp-block-image\"><img decoding=\"async\" src=\"https:\/\/listindiario.com\/files\/image_60_60\/uploads\/2023\/05\/11\/645d0fa7541ad.png\" alt=\"Avatar del Ram\u00f3n Cruz Benz\u00e1n\"\/><\/figure>\n\n\n\n<p><em>\u00a0<\/em>Ram\u00f3n Cruz Benz\u00e1n, <strong>Santo Domingo, RD<\/strong><\/p>\n\n\n\n<p>El Ministerio P\u00fablico investiga el hallazgo de los perros muertos conocidos como Vaquita, Choco, \u00c1frica y Elvirita, habitantes del Parque Mirador Sur.<\/p>\n\n\n\n<p>La investigaci\u00f3n la lleva a cabo la Direcci\u00f3n de Persecuci\u00f3n del Ministerio P\u00fablico en coordinaci\u00f3n con la Polic\u00eda Nacional y en colaboraci\u00f3n con el Ayuntamiento del Distrito Nacional, para establecer responsabilidades.<\/p>\n\n\n\n<p>As\u00ed lo inform\u00f3 la procuradora adjunta, enlace nacional del Ministerio P\u00fablico para la aplicaci\u00f3n de la Ley de Protecci\u00f3n Animal y Tenencia Responsable, magistrada Roxanna Reyes Acosta, quien explic\u00f3 que desde que se tuvo conocimiento de la denuncia se puso en marcha un proceso de investigaci\u00f3n.<\/p>\n\n\n\n<p>La pesquisa se abri\u00f3 luego de que la Federaci\u00f3n Dominicana por los Derechos de los Animales (Fedda) pidiera la apertura inmediata de una investigaci\u00f3n exhaustiva que determine responsabilidades y sanciones para los responsables de este acto inhumano, al tiempo que conden\u00f3 el envenenamiento de los animales.<\/p>\n\n\n\n<p>Los perros llevaban viviendo entre seis y diez a\u00f1os en el espacio p\u00fablico y eran esterilizados, vacunados y atendidos diariamente tanto por vecinos como por los miembros del destacamento policial que resguarda el parque.<\/p>\n\n\n\n<p>El martes 6 de mayo, una protectora dedicada a su cuidado traslad\u00f3 a las perritas a un centro veterinario tras encontrarlas en estado ag\u00f3nico, de las cuales tres fallecieron casi al ser ingresadas y la cuarta sucumbi\u00f3 la madrugada del domingo.<\/p>\n\n\n\n<p>\u201cLa autopsia forense confirm\u00f3 que todas fueron v\u00edctimas de un potente t\u00f3xico que les provoc\u00f3 hemorragias internas y un sufrimiento insoportable\u201d, manifest\u00f3 el organismo.<\/p>\n\n\n\n<p>Desde principios de a\u00f1o, residentes y defensores de los animales han reportado presiones por parte de la gobernaci\u00f3n del parque para expulsar a estos perros, bajo el argumento de que \u201cmolestan\u201d a los visitantes. Asimismo, se ha denunciado el traslado de algunos ejemplares a un refugio que carece de recursos suficientes para garantizar su bienestar, exponi\u00e9ndolos a condiciones de precariedad.<\/p>\n\n\n\n<p>Fedda requiri\u00f3 que se establezcan y refuercen los protocolos de seguridad y vigilancia en todos los espacios p\u00fablicos de la ciudad, as\u00ed como un programa oficial de protecci\u00f3n y reubicaci\u00f3n de los animales que viven en el Mirador Sur.<\/p>\n\n\n\n<p>De igual modo, inst\u00f3 a las autoridades municipales y provinciales a garantizar la provisi\u00f3n de alimento, atenci\u00f3n veterinaria y espacio seguro para estos perros, reconociendo su valiosa contribuci\u00f3n al entorno comunitario.<\/p>\n","protected":false},"excerpt":{"rendered":"<p>La autopsia forense confirm\u00f3 que los perros fueron v\u00edctimas de un potente t\u00f3xico. \u00a0Ram\u00f3n Cruz<\/p>\n","protected":false},"author":1,"featured_media":15680,"comment_status":"open","ping_status":"open","sticky":false,"template":"","format":"standard","meta":{"footnotes":""},"categories":[12],"tags":[],"class_list":["post-15679","post","type-post","status-publish","format-standard","has-post-thumbnail","hentry","category-nacionales"],"_links":{"self":[{"href":"https:\/\/samantharadionline.com\/index.php\/wp-json\/wp\/v2\/posts\/15679","targetHints":{"allow":["GET"]}}],"collection":[{"href":"https:\/\/samantharadionline.com\/index.php\/wp-json\/wp\/v2\/posts"}],"about":[{"href":"https:\/\/samantharadionline.com\/index.php\/wp-json\/wp\/v2\/types\/post"}],"author":[{"embeddable":true,"href":"https:\/\/samantharadionline.com\/index.php\/wp-json\/wp\/v2\/users\/1"}],"replies":[{"embeddable":true,"href":"https:\/\/samantharadionline.com\/index.php\/wp-json\/wp\/v2\/comments?post=15679"}],"version-history":[{"count":1,"href":"https:\/\/samantharadionline.com\/index.php\/wp-json\/wp\/v2\/posts\/15679\/revisions"}],"predecessor-version":[{"id":15681,"href":"https:\/\/samantharadionline.com\/index.php\/wp-json\/wp\/v2\/posts\/15679\/revisions\/15681"}],"wp:featuredmedia":[{"embeddable":true,"href":"https:\/\/samantharadionline.com\/index.php\/wp-json\/wp\/v2\/media\/15680"}],"wp:attachment":[{"href":"https:\/\/samantharadionline.com\/index.php\/wp-json\/wp\/v2\/media?parent=15679"}],"wp:term":[{"taxonomy":"category","embeddable":true,"href":"https:\/\/samantharadionline.com\/index.php\/wp-json\/wp\/v2\/categories?post=15679"},{"taxonomy":"post_tag","embeddable":true,"href":"https:\/\/samantharadionline.com\/index.php\/wp-json\/wp\/v2\/tags?post=15679"}],"curies":[{"name":"wp","href":"https:\/\/api.w.org\/{rel}","templated":true}]}}