{"id":15675,"date":"2025-05-14T09:05:13","date_gmt":"2025-05-14T13:05:13","guid":{"rendered":"https:\/\/samantharadionline.com\/?p=15675"},"modified":"2025-05-14T09:05:13","modified_gmt":"2025-05-14T13:05:13","slug":"el-pais-centrara-su-atencion-en-la-reunion-entre-abinader-y-expresidentes","status":"publish","type":"post","link":"https:\/\/samantharadionline.com\/index.php\/2025\/05\/14\/el-pais-centrara-su-atencion-en-la-reunion-entre-abinader-y-expresidentes\/","title":{"rendered":"El pa\u00eds centrar\u00e1 su atenci\u00f3n en la reuni\u00f3n entre Abinader y expresidentes"},"content":{"rendered":"\n<p class=\"has-medium-font-size\"><em>Este encuentro no contempla discusi\u00f3n sobre temas de pol\u00edtica interna ni la presentaci\u00f3n de propuestas espec\u00edficas<\/em><\/p>\n\n\n\n<figure class=\"wp-block-image\"><img decoding=\"async\" src=\"https:\/\/listindiario.com\/files\/image_60_60\/uploads\/2023\/05\/16\/64638cfd2419c.jpeg\" alt=\"Avatar del Javier Flores\"\/><\/figure>\n\n\n\n<p><em>\u00a0<\/em>Javier Flores, <strong>Santo Domingo, RD<\/strong><\/p>\n\n\n\n<p>A las cuatro de la tarde de este mi\u00e9rcoles, la atenci\u00f3n del pa\u00eds estar\u00e1 centrada en la reuni\u00f3n que sostendr\u00e1n las cuatro personas que han gobernado la Rep\u00fablica Dominicana desde 1996, para discutir sobre la crisis pol\u00edtica, social y econ\u00f3mica \u201csin precedentes\u201d que afecta a Hait\u00ed.<\/p>\n\n\n\n<p>Seg\u00fan declaraciones del presidente Luis Abinader, su reuni\u00f3n con los expresidentes Leonel Fern\u00e1ndez, Danilo Medina e Hip\u00f3lito Mej\u00eda, la cual tendr\u00e1 como escenario el Ministerio de Defensa, ser\u00e1 solamente para fines \u201cinformativos\u201d, ya que no debatir\u00e1 ninguna pol\u00edtica migratoria con los exmandatarios.<\/p>\n\n\n\n<p>\u201cEl encuentro se centrar\u00e1 en el colapso institucional haitiano y sus repercusiones directas sobre la seguridad y la migraci\u00f3n en la Rep\u00fablica Dominicana. Asimismo, se abordar\u00e1 la respuesta nacional e internacional frente a la crisis y se evaluar\u00e1n mecanismos de coordinaci\u00f3n para futuras consultas\u201d, rese\u00f1a un comunicado enviado por la Presidencia de la Rep\u00fablica.<\/p>\n\n\n\n<p>En la reuni\u00f3n se les presentar\u00e1 a los exjefes de Estado un informe del Ministerio de Relaciones Exteriores (Mirex) sobre las acciones adoptadas por los diferentes gobiernos en relaci\u00f3n con Hait\u00ed, as\u00ed como una panor\u00e1mica general de la situaci\u00f3n actual de la Rep\u00fablica Dominicana.<\/p>\n\n\n\n<p>Tras ese encuentro, el mandatario dar\u00e1 tiempo para que Medina y Fern\u00e1ndez se re\u00fanan con sus respectivos equipos t\u00e9cnicos y debatan la informaci\u00f3n que recibieron. Luego los visitar\u00e1 en la casa nacional de sus respectivos partidos, el de la Liberaci\u00f3n Dominicana (PLD) y la Fuerza del Pueblo, para escuchar sus pareceres.<\/p>\n\n\n\n<p>Seg\u00fan la nota informativa de la Presidencia de la Rep\u00fablica, Abinader estar\u00e1 en la Cumbre acompa\u00f1ado de altos funcionarios del Gobierno, incluyendo los ministros de Relaciones Exteriores y de Defensa, Roberto \u00c1lvarez y Carlos D\u00edaz Morfa, respectivamente; el comandante del Ej\u00e9rcito, Jorge Iv\u00e1n Camino P\u00e9rez; los directores generales del Departamento Nacional de Investigaciones (DNI), Luis Soto, y de Migraci\u00f3n, Luis Rafael Lee Ballester; adem\u00e1s del embajador dominicano en Hait\u00ed, Faruk Miguel Castillo, entre otros.<\/p>\n\n\n\n<p>Estos tendr\u00e1n la tarea de \u201cofrecer un panorama integral\u201d de la situaci\u00f3n actual que se vive en Hait\u00ed y de las acciones que ha ido implementando el Estado dominicano para contrarrestar la inmigraci\u00f3n de indocumentados hacia el territorio nacional.<\/p>\n\n\n\n<p>La Presidencia de la Rep\u00fablica enfatiz\u00f3 que este encuentro no contempla discusi\u00f3n sobre temas de pol\u00edtica interna ni la presentaci\u00f3n de propuestas espec\u00edficas.<\/p>\n\n\n\n<p>Precis\u00f3 que responde, exclusivamente, a la necesidad de enfrentar la crisis con unidad nacional, responsabilidad y coherencia, ante una amenaza que compromete la estabilidad de toda la regi\u00f3n.&nbsp;<\/p>\n","protected":false},"excerpt":{"rendered":"<p>Este encuentro no contempla discusi\u00f3n sobre temas de pol\u00edtica interna ni la presentaci\u00f3n de propuestas<\/p>\n","protected":false},"author":1,"featured_media":15676,"comment_status":"open","ping_status":"open","sticky":false,"template":"","format":"standard","meta":{"footnotes":""},"categories":[12],"tags":[],"class_list":["post-15675","post","type-post","status-publish","format-standard","has-post-thumbnail","hentry","category-nacionales"],"_links":{"self":[{"href":"https:\/\/samantharadionline.com\/index.php\/wp-json\/wp\/v2\/posts\/15675","targetHints":{"allow":["GET"]}}],"collection":[{"href":"https:\/\/samantharadionline.com\/index.php\/wp-json\/wp\/v2\/posts"}],"about":[{"href":"https:\/\/samantharadionline.com\/index.php\/wp-json\/wp\/v2\/types\/post"}],"author":[{"embeddable":true,"href":"https:\/\/samantharadionline.com\/index.php\/wp-json\/wp\/v2\/users\/1"}],"replies":[{"embeddable":true,"href":"https:\/\/samantharadionline.com\/index.php\/wp-json\/wp\/v2\/comments?post=15675"}],"version-history":[{"count":1,"href":"https:\/\/samantharadionline.com\/index.php\/wp-json\/wp\/v2\/posts\/15675\/revisions"}],"predecessor-version":[{"id":15677,"href":"https:\/\/samantharadionline.com\/index.php\/wp-json\/wp\/v2\/posts\/15675\/revisions\/15677"}],"wp:featuredmedia":[{"embeddable":true,"href":"https:\/\/samantharadionline.com\/index.php\/wp-json\/wp\/v2\/media\/15676"}],"wp:attachment":[{"href":"https:\/\/samantharadionline.com\/index.php\/wp-json\/wp\/v2\/media?parent=15675"}],"wp:term":[{"taxonomy":"category","embeddable":true,"href":"https:\/\/samantharadionline.com\/index.php\/wp-json\/wp\/v2\/categories?post=15675"},{"taxonomy":"post_tag","embeddable":true,"href":"https:\/\/samantharadionline.com\/index.php\/wp-json\/wp\/v2\/tags?post=15675"}],"curies":[{"name":"wp","href":"https:\/\/api.w.org\/{rel}","templated":true}]}}