{"id":1514,"date":"2024-02-20T20:24:32","date_gmt":"2024-02-20T19:24:32","guid":{"rendered":"https:\/\/samantharadionline.com\/?p=1514"},"modified":"2024-02-20T20:24:33","modified_gmt":"2024-02-20T19:24:33","slug":"rodrigo-matos-agradece-a-los-perremeistas-partidos-aliados-y-municipes-por-su-voto-de-confianza","status":"publish","type":"post","link":"https:\/\/samantharadionline.com\/index.php\/2024\/02\/20\/rodrigo-matos-agradece-a-los-perremeistas-partidos-aliados-y-municipes-por-su-voto-de-confianza\/","title":{"rendered":"Rodrigo Matos agradece a los perreme\u00edstas, partidos aliados y mun\u00edcipes por su voto de confianza"},"content":{"rendered":"\n<p><strong><em>Se convierte en el primer alcalde del PRM en el municipio de Mella, tras derrotar al actual alcalde del PLD.<\/em><\/strong><\/p>\n\n\n\n<figure class=\"wp-block-table\"><table><tbody><tr><td>Por <em>Ivanna De los Santos<\/em><\/td><\/tr><\/tbody><\/table><\/figure>\n\n\n\n<p><strong>Mella, Provincia Independencia. &#8211;<\/strong><\/p>\n\n\n\n<p>\u00a0Con un mensaje de unidad y esperanza el alcalde electo del Partido Revolucionario Moderno (PRM), en el municipio de Mella, Carlos Rodrigo Matos agradeci\u00f3 el respaldo brindado durante las elecciones municipales de los dirigentes y simpatizantes de esa organizaci\u00f3n pol\u00edtica, as\u00ed como de otros partidos aliados.<\/p>\n\n\n\n<p>Matos, quien obtuvo un triunfo en el conteo de los votos de estas elecciones municipales con m\u00e1s del 60 %, manifest\u00f3 su satisfacci\u00f3n por esta oportunidad que le brindan los mun\u00edcipes de esa comunidad que le vio nacer para que pueda dirigir sus destinos.<\/p>\n\n\n\n<p>El dirigente del PRM defini\u00f3 el proceso electivo como \u201cuna fiesta democr\u00e1tica en la que los mun\u00edcipes de Mella votaron a favor del cambio\u201d.<\/p>\n\n\n\n<p>El tambi\u00e9n profesor resalt\u00f3 la labor de&nbsp; los dirigentes del&nbsp; Partido Revolucionario Moderno, sus compa\u00f1eros de boletas y su equipo de campa\u00f1a, por la gran labor realizada desde hace meses para lograr la victoria electoral.<\/p>\n\n\n\n<p>\u201cNuestra elecci\u00f3n como alcalde del municipio de Mella es un gran compromiso para transformar nuestra comunidad y brindar mayores y mejores oportunidades a nuestros mun\u00edcipes, un reto que yo no voy a defraudar\u201d dijo.<\/p>\n\n\n\n<p>Rodrigo Matos explic\u00f3 que el contundente triunfo del PRM en las elecciones municipales, conmina a los perreme\u00edstas a continuar trabajando sin descanso para que el presidente Lu\u00eds Abinader obtenga una fuerte victoria y esa organizaci\u00f3n pol\u00edtica pueda aumentar la cantidad de representantes en el Congreso Nacional.<\/p>\n\n\n\n<p>\u201cLos perreme\u00edstas debemos asumir el compromiso de la unidad y trabajar sin descanso para que siga 4 a\u00f1os m\u00e1s el presidente Lu\u00eds Abinader, as\u00ed como ganar los diputados y senadores que lleven adelante el proyecto del cambio\u201d adujo.<\/p>\n\n\n\n<p>El alcalde electo por el municipio de Mella reiter\u00f3 su agradecimiento a su familia, colaboradores y al pueblo&nbsp; en sentido general por la victoria contundente, que lo convierte en el primer alcalde del PRM en el municipio de Mella.<\/p>\n","protected":false},"excerpt":{"rendered":"<p>Se convierte en el primer alcalde del PRM en el municipio de Mella, tras derrotar<\/p>\n","protected":false},"author":1,"featured_media":1515,"comment_status":"open","ping_status":"open","sticky":false,"template":"","format":"standard","meta":{"footnotes":""},"categories":[12],"tags":[],"class_list":["post-1514","post","type-post","status-publish","format-standard","has-post-thumbnail","hentry","category-nacionales"],"_links":{"self":[{"href":"https:\/\/samantharadionline.com\/index.php\/wp-json\/wp\/v2\/posts\/1514","targetHints":{"allow":["GET"]}}],"collection":[{"href":"https:\/\/samantharadionline.com\/index.php\/wp-json\/wp\/v2\/posts"}],"about":[{"href":"https:\/\/samantharadionline.com\/index.php\/wp-json\/wp\/v2\/types\/post"}],"author":[{"embeddable":true,"href":"https:\/\/samantharadionline.com\/index.php\/wp-json\/wp\/v2\/users\/1"}],"replies":[{"embeddable":true,"href":"https:\/\/samantharadionline.com\/index.php\/wp-json\/wp\/v2\/comments?post=1514"}],"version-history":[{"count":1,"href":"https:\/\/samantharadionline.com\/index.php\/wp-json\/wp\/v2\/posts\/1514\/revisions"}],"predecessor-version":[{"id":1516,"href":"https:\/\/samantharadionline.com\/index.php\/wp-json\/wp\/v2\/posts\/1514\/revisions\/1516"}],"wp:featuredmedia":[{"embeddable":true,"href":"https:\/\/samantharadionline.com\/index.php\/wp-json\/wp\/v2\/media\/1515"}],"wp:attachment":[{"href":"https:\/\/samantharadionline.com\/index.php\/wp-json\/wp\/v2\/media?parent=1514"}],"wp:term":[{"taxonomy":"category","embeddable":true,"href":"https:\/\/samantharadionline.com\/index.php\/wp-json\/wp\/v2\/categories?post=1514"},{"taxonomy":"post_tag","embeddable":true,"href":"https:\/\/samantharadionline.com\/index.php\/wp-json\/wp\/v2\/tags?post=1514"}],"curies":[{"name":"wp","href":"https:\/\/api.w.org\/{rel}","templated":true}]}}