{"id":1507,"date":"2024-02-20T17:23:25","date_gmt":"2024-02-20T16:23:25","guid":{"rendered":"https:\/\/samantharadionline.com\/?p=1507"},"modified":"2024-02-20T17:23:26","modified_gmt":"2024-02-20T16:23:26","slug":"muere-el-periodista-adriano-de-la-cruz","status":"publish","type":"post","link":"https:\/\/samantharadionline.com\/index.php\/2024\/02\/20\/muere-el-periodista-adriano-de-la-cruz\/","title":{"rendered":"Muere el periodista Adriano De La Cruz"},"content":{"rendered":"\n<p><strong>Su partida enluta el periodismo dominicano<\/strong><\/p>\n\n\n\n<p>Falleci\u00f3 este martes el catedr\u00e1tico universitario y expresidente del Colegio Dominicano de Periodistas. Adriana de la Cruz, quien presentaba problemas de salud.<\/p>\n\n\n\n<p>Sus restos ser\u00e1n velados en la Funeraria Blandino de la avenida Abraham Lincoln, pero no se ha notificado la hora.<\/p>\n\n\n\n<p>La partida del veterano acad\u00e9mico y periodista enluta el periodismo dominicano, y una muestra son las expresiones de pesar externadas por los comunicadores en redes sociales y grupos de WhatsApp, quienes destacan sus cualidades humanas.<\/p>\n\n\n\n<p>\u201cEn paz descanse mi querido profesor\u201d, \u201cpaz a su alma profesor\u201d \u201c\u00a1Oh Dios, qu\u00e9 pena!\u201d, son algunas de las expresiones de los periodistas.<\/p>\n\n\n\n<p>Adriano de la Cruz fue director de la Escuela de Comunicaci\u00f3n de la Universidad Iberoamericana, imparti\u00f3 docencia en otras academias, fue director de Noticiario Teleantillas, y labor\u00f3 en el peri\u00f3dico El Caribe y otros diarios.<\/p>\n\n\n\n<p>Escribi\u00f3 el libro curso de oratoria fue reconocido con el Micr\u00f3fono de Oro por sus contribuciones a la locuci\u00f3n. Tambi\u00e9n fue condecorado con la Orden de Duarte, S\u00e1nchez y Mella por su labor period\u00edstica. Su&nbsp;biogr\u00e1fica est\u00e1 colgada en diccionario.funglode.org.<\/p>\n","protected":false},"excerpt":{"rendered":"<p>Su partida enluta el periodismo dominicano Falleci\u00f3 este martes el catedr\u00e1tico universitario y expresidente del<\/p>\n","protected":false},"author":1,"featured_media":1508,"comment_status":"open","ping_status":"open","sticky":false,"template":"","format":"standard","meta":{"footnotes":""},"categories":[12],"tags":[],"class_list":["post-1507","post","type-post","status-publish","format-standard","has-post-thumbnail","hentry","category-nacionales"],"_links":{"self":[{"href":"https:\/\/samantharadionline.com\/index.php\/wp-json\/wp\/v2\/posts\/1507","targetHints":{"allow":["GET"]}}],"collection":[{"href":"https:\/\/samantharadionline.com\/index.php\/wp-json\/wp\/v2\/posts"}],"about":[{"href":"https:\/\/samantharadionline.com\/index.php\/wp-json\/wp\/v2\/types\/post"}],"author":[{"embeddable":true,"href":"https:\/\/samantharadionline.com\/index.php\/wp-json\/wp\/v2\/users\/1"}],"replies":[{"embeddable":true,"href":"https:\/\/samantharadionline.com\/index.php\/wp-json\/wp\/v2\/comments?post=1507"}],"version-history":[{"count":1,"href":"https:\/\/samantharadionline.com\/index.php\/wp-json\/wp\/v2\/posts\/1507\/revisions"}],"predecessor-version":[{"id":1509,"href":"https:\/\/samantharadionline.com\/index.php\/wp-json\/wp\/v2\/posts\/1507\/revisions\/1509"}],"wp:featuredmedia":[{"embeddable":true,"href":"https:\/\/samantharadionline.com\/index.php\/wp-json\/wp\/v2\/media\/1508"}],"wp:attachment":[{"href":"https:\/\/samantharadionline.com\/index.php\/wp-json\/wp\/v2\/media?parent=1507"}],"wp:term":[{"taxonomy":"category","embeddable":true,"href":"https:\/\/samantharadionline.com\/index.php\/wp-json\/wp\/v2\/categories?post=1507"},{"taxonomy":"post_tag","embeddable":true,"href":"https:\/\/samantharadionline.com\/index.php\/wp-json\/wp\/v2\/tags?post=1507"}],"curies":[{"name":"wp","href":"https:\/\/api.w.org\/{rel}","templated":true}]}}