{"id":14893,"date":"2025-04-21T09:06:15","date_gmt":"2025-04-21T13:06:15","guid":{"rendered":"https:\/\/samantharadionline.com\/?p=14893"},"modified":"2025-04-21T09:06:15","modified_gmt":"2025-04-21T13:06:15","slug":"mensaje-de-condolencia-al-vaticano-y-catolicos-del-mundo","status":"publish","type":"post","link":"https:\/\/samantharadionline.com\/index.php\/2025\/04\/21\/mensaje-de-condolencia-al-vaticano-y-catolicos-del-mundo\/","title":{"rendered":"Mensaje de Condolencia al Vaticano y cat\u00f3licos del mundo"},"content":{"rendered":"\n<p class=\"has-medium-font-size\"><em><strong>Samantha Radio Online<\/strong>, expresa su m\u00e1s profundo pesar por el fallecimiento de Su Santidad el <strong>Papa Francisco<\/strong><\/em><\/p>\n\n\n\n<p>Desde <strong>SamanthaRadio Online<\/strong>, expresamos nuestro m\u00e1s profundo pesar por el fallecimiento de Su Santidad el <strong>Papa Francisco<\/strong>, un l\u00edder espiritual que marc\u00f3 una era con su humildad, compasi\u00f3n y compromiso con los m\u00e1s vulnerables. Su legado de amor y justicia social trasciende fronteras y religiones, dejando una huella imborrable en los corazones de millones de personas alrededor del mundo.<\/p>\n\n\n\n<p>En este momento de duelo, nos unimos en oraci\u00f3n con la comunidad cat\u00f3lica global, especialmente con los fieles de la Rep\u00fablica Dominicana, quienes siempre encontraron en el Papa Francisco un gu\u00eda cercano y solidario. Su mensaje de esperanza y reconciliaci\u00f3n seguir\u00e1 inspir\u00e1ndonos a construir un mundo m\u00e1s justo y humano.<\/p>\n\n\n\n<p>Que su ejemplo de servicio y dedicaci\u00f3n nos motive a continuar trabajando por los valores que \u00e9l defendi\u00f3 con tanto fervor. Desde Santo Domingo, enviamos nuestras condolencias al Vaticano y a todos aquellos que lloran su partida. Que descanse en paz, en la gloria del Se\u00f1or.<\/p>\n","protected":false},"excerpt":{"rendered":"<p>Samantha Radio Online, expresa su m\u00e1s profundo pesar por el fallecimiento de Su Santidad el<\/p>\n","protected":false},"author":1,"featured_media":14894,"comment_status":"open","ping_status":"open","sticky":false,"template":"","format":"standard","meta":{"footnotes":""},"categories":[1,11,4,12,13],"tags":[],"class_list":["post-14893","post","type-post","status-publish","format-standard","has-post-thumbnail","hentry","category-blog","category-entretenimiento","category-mundiales","category-nacionales","category-opinion"],"_links":{"self":[{"href":"https:\/\/samantharadionline.com\/index.php\/wp-json\/wp\/v2\/posts\/14893","targetHints":{"allow":["GET"]}}],"collection":[{"href":"https:\/\/samantharadionline.com\/index.php\/wp-json\/wp\/v2\/posts"}],"about":[{"href":"https:\/\/samantharadionline.com\/index.php\/wp-json\/wp\/v2\/types\/post"}],"author":[{"embeddable":true,"href":"https:\/\/samantharadionline.com\/index.php\/wp-json\/wp\/v2\/users\/1"}],"replies":[{"embeddable":true,"href":"https:\/\/samantharadionline.com\/index.php\/wp-json\/wp\/v2\/comments?post=14893"}],"version-history":[{"count":1,"href":"https:\/\/samantharadionline.com\/index.php\/wp-json\/wp\/v2\/posts\/14893\/revisions"}],"predecessor-version":[{"id":14895,"href":"https:\/\/samantharadionline.com\/index.php\/wp-json\/wp\/v2\/posts\/14893\/revisions\/14895"}],"wp:featuredmedia":[{"embeddable":true,"href":"https:\/\/samantharadionline.com\/index.php\/wp-json\/wp\/v2\/media\/14894"}],"wp:attachment":[{"href":"https:\/\/samantharadionline.com\/index.php\/wp-json\/wp\/v2\/media?parent=14893"}],"wp:term":[{"taxonomy":"category","embeddable":true,"href":"https:\/\/samantharadionline.com\/index.php\/wp-json\/wp\/v2\/categories?post=14893"},{"taxonomy":"post_tag","embeddable":true,"href":"https:\/\/samantharadionline.com\/index.php\/wp-json\/wp\/v2\/tags?post=14893"}],"curies":[{"name":"wp","href":"https:\/\/api.w.org\/{rel}","templated":true}]}}