{"id":14185,"date":"2025-04-01T23:42:32","date_gmt":"2025-04-01T21:42:32","guid":{"rendered":"https:\/\/samantharadionline.com\/?p=14185"},"modified":"2025-04-01T23:42:33","modified_gmt":"2025-04-01T21:42:33","slug":"pueden-convivir-ambos-sistemas","status":"publish","type":"post","link":"https:\/\/samantharadionline.com\/index.php\/2025\/04\/01\/pueden-convivir-ambos-sistemas\/","title":{"rendered":"\u201cPueden convivir ambos sistemas\u201d"},"content":{"rendered":"\n<p class=\"has-medium-font-size\"><em>Quienes manifiestan su inquietud debido a que la sentencia interpretativa emitida por el TC entiende, entre otros requisitos, necesario \u00fanicamente presentar la aspiraci\u00f3n a trav\u00e9s una entidad civil<\/em><\/p>\n\n\n\n<figure class=\"wp-block-image\"><img decoding=\"async\" src=\"https:\/\/listindiario.com\/files\/image_60_60\/uploads\/2023\/05\/16\/64637a1e3ff38.jpeg\" alt=\"Avatar del \u00c1ngel Valdez\"\/><\/figure>\n\n\n\n<p><em>\u00a0<\/em>\u00c1ngel Valdez, <strong>Santo Domingo, RD<\/strong><\/p>\n\n\n\n<p>El presidente del Partido Revolucionario Moderno (PRM),&nbsp;<strong>Jos\u00e9 Ignacio Paliza<\/strong>, se refiri\u00f3 este martes al proyecto de ley elaborado por la Junta Central Electoral (JCE) para modificar la regulaci\u00f3n de las candidaturas independientes en el R\u00e9gimen Electoral, asegurando que la sociedad no debe preocuparse.<\/p>\n\n\n\n<p>Sin embargo, este tema ha generado m\u00e1s preocupaci\u00f3n en los sectores pol\u00edticos, quienes manifiestan su inquietud debido a que la sentencia interpretativa emitida el pasado 13 de diciembre por el Tribunal Constitucional (TC) entiende, entre otros requisitos, necesario \u00fanicamente presentar la aspiraci\u00f3n a trav\u00e9s una entidad civil.<\/p>\n\n\n\n<p>Pero, para Paliza, el \u201crol fundamental\u201d que juegan las organizaciones pol\u00edticas no impedir\u00e1 que las nuevas figura de la candidatura independiente atente control el sistema tradicional.<\/p>\n\n\n\n<p>\u201cLos partidos tienen un rol fundamental, son la estructura o la columna de la democracia. As\u00ed est\u00e1 dise\u00f1ado nuestro sistema. Pero pueden convivir ambos sistemas, pueden convivir ambas v\u00edas de presentaci\u00f3n de candidaturas\u201d, dijo.<\/p>\n\n\n\n<p>Paliza comparti\u00f3 estas declaraciones con reporteros al culminar su visita al bloque del PRM en la C\u00e1mara de Diputados, donde convers\u00f3 con los legisladores sobre la agenda legislativa pol\u00edtica oficialista.<\/p>\n\n\n\n<p>\u201cTenemos nosotros que garantizarlo a trav\u00e9s de una pieza legislativa que se coloque acorde a la decisi\u00f3n del Tribunal Constitucional. No debe de preocupar al pueblo dominicano. Es un tema para trabajar alrededor de una decisi\u00f3n del Tribunal\u201d, reiter\u00f3.<\/p>\n\n\n\n<p><strong>Propuesta de la JCE<\/strong><\/p>\n\n\n\n<p>La Junta Central Electoral deposit\u00f3 el pasado viernes ante la C\u00e1mara de Diputados su propuesta para readecuar las candidaturas independientes, en cumplimiento a la sentencia interpretativa emitida por el Tribunal Constitucional (TC) que declara inconstitucional varios art\u00edculos de la Ley 20-23 del R\u00e9gimen Electoral.<\/p>\n\n\n\n<p>La pieza entregada al Poder Legislativo contempla ciertas limitaciones y regulaciones para el funcionamiento de esta figura electoral que deber\u00e1 ser postulada a trav\u00e9s una asociaci\u00f3n civil, dejando el pasado la necesidad de utilizar a las entidades pol\u00edticas. Esto, si es aprobada por los legisladores.<\/p>\n\n\n\n<p><strong>Sin fondos del Estado<\/strong><\/p>\n\n\n\n<p>Los candidatos independientes recibir\u00e1n \u201c\u00fanicamente\u201d financiamiento de fuentes privadas, el cual contendr\u00e1 las mismas restricciones aplicadas a las agrupaciones pol\u00edticas, contenidas en la Ley 3-18 de Partidos, Agrupaciones y Movimientos Pol\u00edticos y la Ley 20-23.<\/p>\n\n\n\n<p><strong>L\u00edmites de la postulaci\u00f3n<\/strong><\/p>\n\n\n\n<p>De acuerdo a lo dictado por la JCE en el documento legislativo, En cada demarcaci\u00f3n solo podr\u00e1n ser postulados hasta un m\u00e1ximo de tres candidaturas independientes por cada nivel de elecci\u00f3n, de todas las asociaciones c\u00edvicas que hayan sido debidamente registradas para el proceso \u201cde que se trate\u201d.<\/p>\n\n\n\n<p>En caso de que el n\u00famero de aspirantes por nivel de elecci\u00f3n sea mayor al previsto en el presente art\u00edculo, dicha situaci\u00f3n se resolver\u00e1 conforme al procedimiento previsto en el art\u00edculo 299 del R\u00e9gimen Electoral, que coloca a \u201cla suerte\u201d el m\u00e9todo de escogencia.<\/p>\n\n\n\n<p>Se inscribir\u00e1n en tarjetas diferentes distintas los nombres de los candidatos empatados y ser\u00e1n extra\u00eddos de un sobre por el \u00f3rgano electoral, el nombre que aparezca ser\u00e1 el cual podr\u00e1 participar en la contienda electoral.<\/p>\n\n\n\n<p><strong>Cargos plurinominales<\/strong><\/p>\n\n\n\n<p>Para la postulaci\u00f3n de candidaturas plurinominales, las asociaciones c\u00edvicas solo podr\u00e1n postular una \u00fanica candidatura independiente por cada nivel de elecci\u00f3n en los cargos de diputaciones, regidur\u00edas y vocal\u00edas.<\/p>\n\n\n\n<p>En caso de recibir una cantidad de votos suficiente para acceder a m\u00e1s de un esca\u00f1o, la asociaci\u00f3n c\u00edvica obtendr\u00e1 la adjudicaci\u00f3n de \u00fanicamente un esca\u00f1o, \u201cdado que su propuesta no cuenta con otras candidaturas para su distribuci\u00f3n\u201d.<\/p>\n\n\n\n<p>\u201cEn estos casos, los esca\u00f1os adicionales ser\u00e1n adjudicados a otras organizaciones pol\u00edticas o asociaciones c\u00edvicas, siguiendo el orden de asignaci\u00f3n correspondiente\u201d, indica el proyecto.<\/p>\n","protected":false},"excerpt":{"rendered":"<p>Quienes manifiestan su inquietud debido a que la sentencia interpretativa emitida por el TC entiende,<\/p>\n","protected":false},"author":1,"featured_media":14186,"comment_status":"open","ping_status":"open","sticky":false,"template":"","format":"standard","meta":{"footnotes":""},"categories":[12],"tags":[],"class_list":["post-14185","post","type-post","status-publish","format-standard","has-post-thumbnail","hentry","category-nacionales"],"_links":{"self":[{"href":"https:\/\/samantharadionline.com\/index.php\/wp-json\/wp\/v2\/posts\/14185","targetHints":{"allow":["GET"]}}],"collection":[{"href":"https:\/\/samantharadionline.com\/index.php\/wp-json\/wp\/v2\/posts"}],"about":[{"href":"https:\/\/samantharadionline.com\/index.php\/wp-json\/wp\/v2\/types\/post"}],"author":[{"embeddable":true,"href":"https:\/\/samantharadionline.com\/index.php\/wp-json\/wp\/v2\/users\/1"}],"replies":[{"embeddable":true,"href":"https:\/\/samantharadionline.com\/index.php\/wp-json\/wp\/v2\/comments?post=14185"}],"version-history":[{"count":1,"href":"https:\/\/samantharadionline.com\/index.php\/wp-json\/wp\/v2\/posts\/14185\/revisions"}],"predecessor-version":[{"id":14187,"href":"https:\/\/samantharadionline.com\/index.php\/wp-json\/wp\/v2\/posts\/14185\/revisions\/14187"}],"wp:featuredmedia":[{"embeddable":true,"href":"https:\/\/samantharadionline.com\/index.php\/wp-json\/wp\/v2\/media\/14186"}],"wp:attachment":[{"href":"https:\/\/samantharadionline.com\/index.php\/wp-json\/wp\/v2\/media?parent=14185"}],"wp:term":[{"taxonomy":"category","embeddable":true,"href":"https:\/\/samantharadionline.com\/index.php\/wp-json\/wp\/v2\/categories?post=14185"},{"taxonomy":"post_tag","embeddable":true,"href":"https:\/\/samantharadionline.com\/index.php\/wp-json\/wp\/v2\/tags?post=14185"}],"curies":[{"name":"wp","href":"https:\/\/api.w.org\/{rel}","templated":true}]}}