{"id":14179,"date":"2025-04-01T23:34:48","date_gmt":"2025-04-01T21:34:48","guid":{"rendered":"https:\/\/samantharadionline.com\/?p=14179"},"modified":"2025-04-01T23:34:49","modified_gmt":"2025-04-01T21:34:49","slug":"cierran-perimetro-donde-desaparecio-nino-en-jarabacoa","status":"publish","type":"post","link":"https:\/\/samantharadionline.com\/index.php\/2025\/04\/01\/cierran-perimetro-donde-desaparecio-nino-en-jarabacoa\/","title":{"rendered":"Cierran per\u00edmetro donde desapareci\u00f3 ni\u00f1o en Jarabacoa"},"content":{"rendered":"\n<p class=\"has-medium-font-size\"><em>Mientras jugaba en el patio con una botella de refresco dentro de una cubeta, su padre le llev\u00f3 un jugo. Sin embargo, cinco minutos despu\u00e9s, el ni\u00f1o ya no estaba<\/em><\/p>\n\n\n\n<p><em>\u00a0<\/em>Carla Moreno, <strong>La Vega, RD<\/strong><\/p>\n\n\n\n<p>Como parte de la investigaci\u00f3n por la desaparici\u00f3n del ni\u00f1o&nbsp;<strong>Roldany Calder\u00f3n<\/strong>, de tres a\u00f1os, las autoridades cerraron un per\u00edmetro de aproximadamente un kil\u00f3metro alrededor del \u00e1rea, en la comunidad de Los Tablones, en el distrito municipal Manabao, en el municipio de Jarabacoa, provincia La Vega.<\/p>\n\n\n\n<p>Desde temprano en la ma\u00f1ana, la fiscal titular de Jarabacoa, Viviana Mena, junto con la Polic\u00eda Nacional, el Ej\u00e9rcito Dominicano, el Cuerpo de Bomberos y la Defensa Civil, se encuentran en el lugar coordinando la b\u00fasqueda y llevando a cabo la investigaci\u00f3n.<\/p>\n\n\n\n<p>El acceso al \u00e1rea fue restringido tanto para la prensa como para los comunitarios, quienes han participado en la b\u00fasqueda desde el pasado domingo.<\/p>\n\n\n\n<p>Los voluntarios manifestaron sentirse inconforme con esta medida, alegando que desde el primer momento han sido parte de la b\u00fasqueda y conocen bien la zona.<\/p>\n\n\n\n<figure class=\"wp-block-image\" id=\"m16467-16466-16468\"><img decoding=\"async\" src=\"https:\/\/listindiario.com\/files\/composite_image\/uploads\/2025\/04\/01\/67ec397a1ef47.jpeg\" alt=\"Unidades caninas y otros m\u00e9todos fueron incorporados a la busquedad\"\/><figcaption class=\"wp-element-caption\">Unidades caninas y otros m\u00e9todos fueron incorporados a la busquedadList\u00edn Diario<\/figcaption><\/figure>\n\n\n\n<p>\u201cEstamos aqu\u00ed desde las 6:30 de la ma\u00f1ana esperando, pero no nos han dejado pasar. Ya llevamos tres d\u00edas en la b\u00fasqueda\u201d, expres\u00f3 Alberto Rivas, residente de la zona.<\/p>\n\n\n\n<p>Seg\u00fan explic\u00f3, m\u00e1s de 200 personas han recorrido la zona en busca del menor. Sin embargo, hoy las autoridades decidieron cerrar el per\u00edmetro.<\/p>\n\n\n\n<p>En la comunidad circulan rumores de que el ni\u00f1o pudo haber sido llevado por alguien, ya que hasta el momento no se ha encontrado ning\u00fan rastro de \u00e9l. Sin embargo, las autoridades no han confirmado esta versi\u00f3n.<\/p>\n\n\n\n<p>Para reforzar la b\u00fasqueda, se sumaron dos unidades caninas, aumentando a tres el n\u00famero de perros en el operativo, adem\u00e1s de dos drones.<\/p>\n\n\n\n<h3 class=\"wp-block-heading\">La desaparici\u00f3n<\/h3>\n\n\n\n<p>La versi\u00f3n conocida hasta el momento, es que el ni\u00f1o se encontraba el domingo de visita en casa de una t\u00eda de su madre, acompa\u00f1ado por sus padres.<\/p>\n\n\n\n<p>Mientras jugaba en el patio con una botella de refresco dentro de una cubeta, su padre le llev\u00f3 un jugo. Sin embargo, cinco minutos despu\u00e9s, el ni\u00f1o ya no estaba.<\/p>\n\n\n\n<p>Tras varias horas de b\u00fasqueda en los alrededores de la casa, que se encuentra en una zona boscosa y rodeada de monta\u00f1as cercana al Parque Nacional Armando Berm\u00fadez, la familia decidi\u00f3 alertar a las autoridades. Hasta la fecha, no se ha obtenido ninguna pista sobre su paradero.<\/p>\n\n\n\n<p>Seg\u00fan los comunitarios, esta no es la primera desaparici\u00f3n en la zona. Aseguran que en los \u00faltimos cuatro a\u00f1os han ocurrido al menos tres casos similares, incluido el del \u201cViejo Lolo\u201d, sin que se haya obtenido informaci\u00f3n sobre ellos.<\/p>\n","protected":false},"excerpt":{"rendered":"<p>Mientras jugaba en el patio con una botella de refresco dentro de una cubeta, su<\/p>\n","protected":false},"author":1,"featured_media":14180,"comment_status":"open","ping_status":"open","sticky":false,"template":"","format":"standard","meta":{"footnotes":""},"categories":[12],"tags":[],"class_list":["post-14179","post","type-post","status-publish","format-standard","has-post-thumbnail","hentry","category-nacionales"],"_links":{"self":[{"href":"https:\/\/samantharadionline.com\/index.php\/wp-json\/wp\/v2\/posts\/14179","targetHints":{"allow":["GET"]}}],"collection":[{"href":"https:\/\/samantharadionline.com\/index.php\/wp-json\/wp\/v2\/posts"}],"about":[{"href":"https:\/\/samantharadionline.com\/index.php\/wp-json\/wp\/v2\/types\/post"}],"author":[{"embeddable":true,"href":"https:\/\/samantharadionline.com\/index.php\/wp-json\/wp\/v2\/users\/1"}],"replies":[{"embeddable":true,"href":"https:\/\/samantharadionline.com\/index.php\/wp-json\/wp\/v2\/comments?post=14179"}],"version-history":[{"count":1,"href":"https:\/\/samantharadionline.com\/index.php\/wp-json\/wp\/v2\/posts\/14179\/revisions"}],"predecessor-version":[{"id":14181,"href":"https:\/\/samantharadionline.com\/index.php\/wp-json\/wp\/v2\/posts\/14179\/revisions\/14181"}],"wp:featuredmedia":[{"embeddable":true,"href":"https:\/\/samantharadionline.com\/index.php\/wp-json\/wp\/v2\/media\/14180"}],"wp:attachment":[{"href":"https:\/\/samantharadionline.com\/index.php\/wp-json\/wp\/v2\/media?parent=14179"}],"wp:term":[{"taxonomy":"category","embeddable":true,"href":"https:\/\/samantharadionline.com\/index.php\/wp-json\/wp\/v2\/categories?post=14179"},{"taxonomy":"post_tag","embeddable":true,"href":"https:\/\/samantharadionline.com\/index.php\/wp-json\/wp\/v2\/tags?post=14179"}],"curies":[{"name":"wp","href":"https:\/\/api.w.org\/{rel}","templated":true}]}}