{"id":14174,"date":"2025-04-01T14:00:03","date_gmt":"2025-04-01T12:00:03","guid":{"rendered":"https:\/\/samantharadionline.com\/?p=14174"},"modified":"2025-04-01T14:00:04","modified_gmt":"2025-04-01T12:00:04","slug":"abinader-para-el-2028","status":"publish","type":"post","link":"https:\/\/samantharadionline.com\/index.php\/2025\/04\/01\/abinader-para-el-2028\/","title":{"rendered":"Abinader para el 2028"},"content":{"rendered":"\n<figure class=\"wp-block-image size-full\"><img loading=\"lazy\" decoding=\"async\" width=\"80\" height=\"80\" src=\"https:\/\/samantharadionline.com\/wp-content\/uploads\/2025\/04\/image.png\" alt=\"\" class=\"wp-image-14175\"\/><\/figure>\n\n\n\n<p>Germ\u00e1n Mart\u00ednez<\/p>\n\n\n\n<p>EL presidente ha dicho que no se mete en asuntos de aspiraciones presidenciales dentro de su partido.<\/p>\n\n\n\n<p>Pero es l\u00f3gico suponer que lo m\u00e1s importante para Luis Abinader es que el PRM siga siendo gobierno despu\u00e9s del 2028 y habr\u00e1 de tomar partido cuando las circunstancias lo reclamen.<\/p>\n\n\n\n<p>Y debe ser as\u00ed porque todo esto de las candidaturas tiene m\u00e1s de locura que de realidad. Muchos saben en su fuero interno que no ser\u00e1n candidato, es m\u00e1s que nunca ser\u00e1n presidente de la Rep\u00fablica pero est\u00e1n ah\u00ed y esperan ser tomados en cuenta.<\/p>\n\n\n\n<p>Realmente el presidente Abinader hace un gran esfuerzo por dirigir un equipo que parece no entender la obligatoriedad de hacer las cosas bien para poder seguir.<\/p>\n\n\n\n<p>El gobierno es bueno y el presidente es mejor, pero necesita que los funcionarios vayan acorde con \u00e9l y su trabajo y parece no ser as\u00ed.<\/p>\n\n\n\n<p>El gobierno junto al pueblo es una respuesta del ejecutivo nacional, que no es tonto, y sabe que hay que resolver y adem\u00e1s vender el gobierno.<\/p>\n\n\n\n<p>Lo otro es el partido que debe jugar su rol y llamar al orden.&nbsp;<\/p>\n","protected":false},"excerpt":{"rendered":"<p>Germ\u00e1n Mart\u00ednez EL presidente ha dicho que no se mete en asuntos de aspiraciones presidenciales<\/p>\n","protected":false},"author":1,"featured_media":14176,"comment_status":"open","ping_status":"open","sticky":false,"template":"","format":"standard","meta":{"footnotes":""},"categories":[13],"tags":[],"class_list":["post-14174","post","type-post","status-publish","format-standard","has-post-thumbnail","hentry","category-opinion"],"_links":{"self":[{"href":"https:\/\/samantharadionline.com\/index.php\/wp-json\/wp\/v2\/posts\/14174","targetHints":{"allow":["GET"]}}],"collection":[{"href":"https:\/\/samantharadionline.com\/index.php\/wp-json\/wp\/v2\/posts"}],"about":[{"href":"https:\/\/samantharadionline.com\/index.php\/wp-json\/wp\/v2\/types\/post"}],"author":[{"embeddable":true,"href":"https:\/\/samantharadionline.com\/index.php\/wp-json\/wp\/v2\/users\/1"}],"replies":[{"embeddable":true,"href":"https:\/\/samantharadionline.com\/index.php\/wp-json\/wp\/v2\/comments?post=14174"}],"version-history":[{"count":1,"href":"https:\/\/samantharadionline.com\/index.php\/wp-json\/wp\/v2\/posts\/14174\/revisions"}],"predecessor-version":[{"id":14177,"href":"https:\/\/samantharadionline.com\/index.php\/wp-json\/wp\/v2\/posts\/14174\/revisions\/14177"}],"wp:featuredmedia":[{"embeddable":true,"href":"https:\/\/samantharadionline.com\/index.php\/wp-json\/wp\/v2\/media\/14176"}],"wp:attachment":[{"href":"https:\/\/samantharadionline.com\/index.php\/wp-json\/wp\/v2\/media?parent=14174"}],"wp:term":[{"taxonomy":"category","embeddable":true,"href":"https:\/\/samantharadionline.com\/index.php\/wp-json\/wp\/v2\/categories?post=14174"},{"taxonomy":"post_tag","embeddable":true,"href":"https:\/\/samantharadionline.com\/index.php\/wp-json\/wp\/v2\/tags?post=14174"}],"curies":[{"name":"wp","href":"https:\/\/api.w.org\/{rel}","templated":true}]}}