{"id":14171,"date":"2025-04-01T13:50:50","date_gmt":"2025-04-01T11:50:50","guid":{"rendered":"https:\/\/samantharadionline.com\/?p=14171"},"modified":"2025-04-01T13:50:50","modified_gmt":"2025-04-01T11:50:50","slug":"afirman-que-el-gobierno-radicalizara-medidas-frente-a-haiti","status":"publish","type":"post","link":"https:\/\/samantharadionline.com\/index.php\/2025\/04\/01\/afirman-que-el-gobierno-radicalizara-medidas-frente-a-haiti\/","title":{"rendered":"Afirman que el Gobierno radicalizar\u00e1 medidas frente a Hait\u00ed"},"content":{"rendered":"\n<p class=\"has-medium-font-size\"><em>El mandatario dijo que debido a los altos niveles de inseguridad e inestabilidad en esa naci\u00f3n, el tr\u00e1fico a\u00e9reo entre ambos pa\u00edses se mantendr\u00e1 cerrado<\/em><\/p>\n\n\n\n<p>Javier Flores,\u00a0Audry Trinidad,<strong> Santo Domingo, RD<\/strong><\/p>\n\n\n\n<p>En una entrevista exclusiva para LIST\u00cdN DIARIO, el presidente del Consejo de Transici\u00f3n Presidencial de Hait\u00ed, Fritz Alphonse Jean, abog\u00f3 por una reapertura de las relaciones diplom\u00e1ticas entre ambas naciones, iniciando por el restablecimiento del tr\u00e1fico a\u00e9reo y la reinstalaci\u00f3n de la Comisi\u00f3n Mixta Bilateral.<\/p>\n\n\n\n<p>Sin embargo, durante La Semanal con la Prensa, el presidente Luis Abinader se\u00f1al\u00f3 ayer que debido a la situaci\u00f3n actual que se vive en Hait\u00ed, el Gobierno opta por establecer \u201cmedidas m\u00e1s dr\u00e1sticas\u201d y no a la \u201cvuelta a la normalidad\u201d de las relaciones entre ambos pa\u00edses.<\/p>\n\n\n\n<p>Preguntado por los medios de comunicaci\u00f3n, el mandatario dijo que debido a los altos niveles de inseguridad e inestabilidad en esa naci\u00f3n, el tr\u00e1fico a\u00e9reo entre Rep\u00fablica Dominicana y Hait\u00ed se mantendr\u00e1 cerrado.<\/p>\n\n\n\n<p>\u201cAgradecemos esas declaraciones, eso es bueno estudiarlo a trav\u00e9s del Ministerio de Relaciones Exteriores, pero el Gobierno no va a abrir el espacio a\u00e9reo. Quiero anunciar que la situaci\u00f3n de Hait\u00ed de seguridad se ha agravado; hoy, una comunidad llamada Mire-Vale cay\u00f3 en manos de las bandas\u201d, apunt\u00f3 Abinader.<\/p>\n\n\n\n<p>El jefe de Estado manifest\u00f3 que esa situaci\u00f3n \u201cacelera\u201d la implementaci\u00f3n de una serie de \u201cmecanismos y acciones\u201d que han sido dialogados con varios sectores.<\/p>\n\n\n\n<p><strong>Medidas m\u00e1s dr\u00e1sticas<\/strong><\/p>\n\n\n\n<p>\u201cMire-Vale est\u00e1 a alrededor de una hora y 25 minutos de la frontera, se va desde la parte de El\u00edas Pi\u00f1a y parte de nuestras exportaciones toman ese camino; es una acci\u00f3n tambi\u00e9n para cobrar peajes de las bandas haitianas, veremos y evaluaremos pero nuestra situaci\u00f3n van a ser todav\u00eda medidas m\u00e1s estrictas\u201d, manifest\u00f3.<\/p>\n\n\n\n<p>El mandatario indic\u00f3 que continuar\u00e1 invirtiendo en obras como el muro fronterizo y mejorar el equipamiento para luchar contra la inmigraci\u00f3n irregular. Tambi\u00e9n mencion\u00f3 que cientos de nuevos j\u00f3venes van a trabajar en migraci\u00f3n, pero que \u201chemos hecho todo lo que hemos podido hacer\u201d.<\/p>\n\n\n\n<p><strong>Cierre de frontera a\u00e9rea<\/strong><\/p>\n\n\n\n<p>El tr\u00e1fico a\u00e9reo entre ambos pa\u00edses se encuentra cerrado desde el 5 de marzo del pasado a\u00f1o, cuando se decidi\u00f3 mediante la resoluci\u00f3n n\u00famero 46-2024, en medio de una oleada de violencia en Hait\u00ed, donde los disturbios protagonizados por las bandas armadas se extend\u00edan hasta el aeropuerto de la capital haitiana, afectando las aeronaves y operatividad de los vuelos.<\/p>\n\n\n\n<p>Sobre la petici\u00f3n de retomar el di\u00e1logo a trav\u00e9s de la Comisi\u00f3n Mixta Bilateral, el presidente dominicano dijo que agradec\u00eda la declaraci\u00f3n y que la misma deb\u00eda ser estudiada a trav\u00e9s del Ministerio de Relaciones Exteriores.<\/p>\n","protected":false},"excerpt":{"rendered":"<p>El mandatario dijo que debido a los altos niveles de inseguridad e inestabilidad en esa<\/p>\n","protected":false},"author":1,"featured_media":14172,"comment_status":"open","ping_status":"open","sticky":false,"template":"","format":"standard","meta":{"footnotes":""},"categories":[12],"tags":[],"class_list":["post-14171","post","type-post","status-publish","format-standard","has-post-thumbnail","hentry","category-nacionales"],"_links":{"self":[{"href":"https:\/\/samantharadionline.com\/index.php\/wp-json\/wp\/v2\/posts\/14171","targetHints":{"allow":["GET"]}}],"collection":[{"href":"https:\/\/samantharadionline.com\/index.php\/wp-json\/wp\/v2\/posts"}],"about":[{"href":"https:\/\/samantharadionline.com\/index.php\/wp-json\/wp\/v2\/types\/post"}],"author":[{"embeddable":true,"href":"https:\/\/samantharadionline.com\/index.php\/wp-json\/wp\/v2\/users\/1"}],"replies":[{"embeddable":true,"href":"https:\/\/samantharadionline.com\/index.php\/wp-json\/wp\/v2\/comments?post=14171"}],"version-history":[{"count":1,"href":"https:\/\/samantharadionline.com\/index.php\/wp-json\/wp\/v2\/posts\/14171\/revisions"}],"predecessor-version":[{"id":14173,"href":"https:\/\/samantharadionline.com\/index.php\/wp-json\/wp\/v2\/posts\/14171\/revisions\/14173"}],"wp:featuredmedia":[{"embeddable":true,"href":"https:\/\/samantharadionline.com\/index.php\/wp-json\/wp\/v2\/media\/14172"}],"wp:attachment":[{"href":"https:\/\/samantharadionline.com\/index.php\/wp-json\/wp\/v2\/media?parent=14171"}],"wp:term":[{"taxonomy":"category","embeddable":true,"href":"https:\/\/samantharadionline.com\/index.php\/wp-json\/wp\/v2\/categories?post=14171"},{"taxonomy":"post_tag","embeddable":true,"href":"https:\/\/samantharadionline.com\/index.php\/wp-json\/wp\/v2\/tags?post=14171"}],"curies":[{"name":"wp","href":"https:\/\/api.w.org\/{rel}","templated":true}]}}