{"id":14168,"date":"2025-04-01T13:47:46","date_gmt":"2025-04-01T11:47:46","guid":{"rendered":"https:\/\/samantharadionline.com\/?p=14168"},"modified":"2025-04-01T13:47:47","modified_gmt":"2025-04-01T11:47:47","slug":"intensifican-busqueda-de-roldany-calderon-el-nino-de-tres-anos-desaparecido-en-jarabacoa","status":"publish","type":"post","link":"https:\/\/samantharadionline.com\/index.php\/2025\/04\/01\/intensifican-busqueda-de-roldany-calderon-el-nino-de-tres-anos-desaparecido-en-jarabacoa\/","title":{"rendered":"Intensifican b\u00fasqueda de Roldany Calder\u00f3n, el ni\u00f1o de tres a\u00f1os desaparecido en Jarabacoa"},"content":{"rendered":"\n<p class=\"has-medium-font-size\"><em>Seg\u00fan la Polic\u00eda, se han realizado entrevistas a familiares y comunitarios, as\u00ed como operativos de rastreo en la zona, con apoyo de diversas unidades especializadas<\/em><\/p>\n\n\n\n<p><strong>Santo Domingo, RD<\/strong><\/p>\n\n\n\n<p>La Polic\u00eda Nacional, en coordinaci\u00f3n con el Ministerio P\u00fablico, trabaja en la b\u00fasqueda de Roldany Calder\u00f3n, un ni\u00f1o de tres a\u00f1os reportado como desaparecido en la comunidad Los Tablones, del distrito municipal de Manabao, municipio de Jarabacoa, provincia La Vega.<\/p>\n\n\n\n<p>En ese sentido, la Polic\u00eda, equipos de la Direcci\u00f3n Central de Investigaci\u00f3n (Dicrim) en Jarabacoa, junto a fiscales del Distrito Judicial de esa comunidad, activaron los protocolos correspondientes para dar con el paradero del menor.<\/p>\n\n\n\n<p>Como parte de las diligencias investigativas, se han realizado entrevistas a familiares y comunitarios, as\u00ed como operativos de rastreo en la zona, con apoyo de diversas unidades especializadas.<\/p>\n\n\n\n<p>\u201cLa instituci\u00f3n del orden continuar\u00e1 empleando todos los recursos necesarios para localizar sano y salvo al menor, al tiempo que exhortamos a cualquier ciudadano que pueda aportar informaci\u00f3n relevante a comunicarse de inmediato con nuestras autoridades\u201d, le\u00eda parte de un comunicado de la Polic\u00eda.<\/p>\n\n\n\n<p>Asimismo, indicaron que seguir\u00e1n informando sobre los avances de este caso conforme avancen las investigaciones.<\/p>\n\n\n\n<figure class=\"wp-block-image\" id=\"m45304-45303-45305\"><img decoding=\"async\" src=\"https:\/\/listindiario.com\/files\/vertical_main_image\/uploads\/2025\/03\/31\/67ea9fedbd670.jpeg\" alt=\"Roldany Calder\u00f3n se encuentra desaparecido desde la tarde del domigo 30 de marzo.\"\/><figcaption class=\"wp-element-caption\">Roldany Calder\u00f3n se encuentra desaparecido desde la tarde del domigo 30 de marzo.Fuente Externa<\/figcaption><\/figure>\n\n\n\n<h3 class=\"wp-block-heading\">EL CASO<\/h3>\n\n\n\n<p>Seg\u00fan relat\u00f3 el padre del infante, Efra\u00edn Calder\u00f3n, alrededor de las 3:00 de la tarde le llev\u00f3 un jugo al menor, quien estaba jugando junto a una ni\u00f1a en el patio de la casa que estaban visitando.<\/p>\n\n\n\n<p>Sin embargo, minutos despu\u00e9s el ni\u00f1o ya no estaba.<\/p>\n\n\n\n<p>Tras varias horas de b\u00fasqueda en los alrededores de la casa, que se encuentra en una zona boscosa y rodeada de monta\u00f1as cercana al Parque Nacional Armando Berm\u00fadez, la familia decidi\u00f3 alertar a las autoridades.<\/p>\n\n\n\n<p>Aproximadamente a las 6:00 de la tarde, el Cuerpo de Bomberos, la Polic\u00eda Nacional y un grupo de voluntarios iniciaron un operativo para localizar al menor.<\/p>\n\n\n\n<p>Pero, al caer la noche, la b\u00fasqueda fue suspendida.<\/p>\n","protected":false},"excerpt":{"rendered":"<p>Seg\u00fan la Polic\u00eda, se han realizado entrevistas a familiares y comunitarios, as\u00ed como operativos de<\/p>\n","protected":false},"author":1,"featured_media":14169,"comment_status":"open","ping_status":"open","sticky":false,"template":"","format":"standard","meta":{"footnotes":""},"categories":[12],"tags":[],"class_list":["post-14168","post","type-post","status-publish","format-standard","has-post-thumbnail","hentry","category-nacionales"],"_links":{"self":[{"href":"https:\/\/samantharadionline.com\/index.php\/wp-json\/wp\/v2\/posts\/14168","targetHints":{"allow":["GET"]}}],"collection":[{"href":"https:\/\/samantharadionline.com\/index.php\/wp-json\/wp\/v2\/posts"}],"about":[{"href":"https:\/\/samantharadionline.com\/index.php\/wp-json\/wp\/v2\/types\/post"}],"author":[{"embeddable":true,"href":"https:\/\/samantharadionline.com\/index.php\/wp-json\/wp\/v2\/users\/1"}],"replies":[{"embeddable":true,"href":"https:\/\/samantharadionline.com\/index.php\/wp-json\/wp\/v2\/comments?post=14168"}],"version-history":[{"count":1,"href":"https:\/\/samantharadionline.com\/index.php\/wp-json\/wp\/v2\/posts\/14168\/revisions"}],"predecessor-version":[{"id":14170,"href":"https:\/\/samantharadionline.com\/index.php\/wp-json\/wp\/v2\/posts\/14168\/revisions\/14170"}],"wp:featuredmedia":[{"embeddable":true,"href":"https:\/\/samantharadionline.com\/index.php\/wp-json\/wp\/v2\/media\/14169"}],"wp:attachment":[{"href":"https:\/\/samantharadionline.com\/index.php\/wp-json\/wp\/v2\/media?parent=14168"}],"wp:term":[{"taxonomy":"category","embeddable":true,"href":"https:\/\/samantharadionline.com\/index.php\/wp-json\/wp\/v2\/categories?post=14168"},{"taxonomy":"post_tag","embeddable":true,"href":"https:\/\/samantharadionline.com\/index.php\/wp-json\/wp\/v2\/tags?post=14168"}],"curies":[{"name":"wp","href":"https:\/\/api.w.org\/{rel}","templated":true}]}}