{"id":14158,"date":"2025-04-01T13:38:43","date_gmt":"2025-04-01T11:38:43","guid":{"rendered":"https:\/\/samantharadionline.com\/?p=14158"},"modified":"2025-04-01T13:38:44","modified_gmt":"2025-04-01T11:38:44","slug":"el-estado-de-salud-de-julio-iglesias","status":"publish","type":"post","link":"https:\/\/samantharadionline.com\/index.php\/2025\/04\/01\/el-estado-de-salud-de-julio-iglesias\/","title":{"rendered":"El estado de salud de Julio Iglesias"},"content":{"rendered":"\n<p class=\"has-medium-font-size\"><em>\u00a0Comunicador amigo de Iglesias habl\u00f3 sobre la salud del artista<\/em><\/p>\n\n\n\n<p><strong>Europa Press<\/strong><\/p>\n\n\n\n<p>El periodista y locutor espa\u00f1ol espa\u00f1ol Carlos Herrera activ\u00f3 hace unos d\u00edas las alarmas sobre el estado de salud de Julio Iglesias al revelar, en su programa de radio que el artista tendr\u00eda&nbsp;<strong>\u00abmuchas deficiencias\u00bb<\/strong>&nbsp;debido a un&nbsp;<strong>osteoblastoma<\/strong>&nbsp;que le habr\u00edan diagnosticado en la columna vertebral, un tumor benigno que har\u00eda que el padre de Enrique Iglesias, de&nbsp;<strong>81 a\u00f1os<\/strong>, se estuviese deteriorando de forma progresiva.<\/p>\n\n\n\n<p>\u00abEst\u00e1 bien, pero no es el accidente -haciendo referencia al grave&nbsp;<strong>accidente de tr\u00e1fico que sufri\u00f3 el cantante de &#8216;Soy un truh\u00e1n, soy un se\u00f1or&#8217; en 1962,<\/strong>&nbsp;cuando era jugador de f\u00fatbol del Real Madrid y por el que estuvo paral\u00edtico un a\u00f1o y medio-, el problema es la columna.&nbsp;<strong>De cintura para arriba est\u00e1 estupendamente. De cintura para abajo tiene 500 a\u00f1os\u00bb,&nbsp;<\/strong>explicaba el locutor radiof\u00f3nico en &#8216;Poniendo las calles&#8217;.<\/p>\n\n\n\n<p>Unas palabras que han desatado una gran preocupaci\u00f3n en torno a la salud de&nbsp;<strong>Julio -que no asiste a ning\u00fan evento p\u00fablico desde 2022-&nbsp;<\/strong>y que han obligado a Herrera a salir al paso de especulaciones para&nbsp;<strong>aclarar c\u00f3mo se encuentra su \u00edntimo amigo.<\/strong><\/p>\n\n\n\n<p>El periodista ha roto su silencio en el progama &#8216;D Coraz\u00f3n&#8217; y ha afirmado rotundo que el cantante<strong>&nbsp;\u00abest\u00e1 muy bien de salud\u00bb,<\/strong>&nbsp;aclarando que s\u00ed le fue diagnosticado hace muchos a\u00f1os un osteoblastoma, pero que ahora mismo no lo tiene.<\/p>\n\n\n\n<p><strong>\u00abEs un c\u00e1ncer benigno muy pu\u00f1etero. Eso le ocurri\u00f3, pero no lo tiene ahora. Lo tuvo cuando fue operado poco despu\u00e9s de ese accidente de tr\u00e1fico. Ahora no tiene ninguno\u00bb<\/strong>, dej\u00f3 claro, consciente del revuelo que han creado sus palabras.<\/p>\n\n\n\n<p>Y, aunque ha reconocido que Julio tien<strong>e \u00abdificultades para moverse\u00bb<\/strong>&nbsp;debido a su edad, ha aclarado que \u00abla salud no la tiene mal, sigue con buen humor y con muchas ganas de venirse a Espa\u00f1a a dar una vuelta\u00bb<\/p>\n\n\n\n<p>Alejado del foco medi\u00e1tico y viviendo a caballo entre sus residencias de Bahamas y Miami con su mujer Mirand Rijnsburger y sus hijos menores, el artista est\u00e1 volcado en su nuevo e ilusionante proyecto, una serie en Netflix en la que repasar\u00e1 su impresionante trayectoria profesional y su intensa vida personal, y con la que espera que cambie la percepci\u00f3n que se tiene de \u00e9l.<strong>&nbsp;\u00abDespu\u00e9s de tantas especulaciones, libros y documentales en los que no he participado, por primera vez he decidido contar la verdad de mi vida\u00bb&nbsp;<\/strong>anunci\u00f3 recientemente.<\/p>\n","protected":false},"excerpt":{"rendered":"<p>\u00a0Comunicador amigo de Iglesias habl\u00f3 sobre la salud del artista Europa Press El periodista y<\/p>\n","protected":false},"author":1,"featured_media":14159,"comment_status":"open","ping_status":"open","sticky":false,"template":"","format":"standard","meta":{"footnotes":""},"categories":[11],"tags":[],"class_list":["post-14158","post","type-post","status-publish","format-standard","has-post-thumbnail","hentry","category-entretenimiento"],"_links":{"self":[{"href":"https:\/\/samantharadionline.com\/index.php\/wp-json\/wp\/v2\/posts\/14158","targetHints":{"allow":["GET"]}}],"collection":[{"href":"https:\/\/samantharadionline.com\/index.php\/wp-json\/wp\/v2\/posts"}],"about":[{"href":"https:\/\/samantharadionline.com\/index.php\/wp-json\/wp\/v2\/types\/post"}],"author":[{"embeddable":true,"href":"https:\/\/samantharadionline.com\/index.php\/wp-json\/wp\/v2\/users\/1"}],"replies":[{"embeddable":true,"href":"https:\/\/samantharadionline.com\/index.php\/wp-json\/wp\/v2\/comments?post=14158"}],"version-history":[{"count":1,"href":"https:\/\/samantharadionline.com\/index.php\/wp-json\/wp\/v2\/posts\/14158\/revisions"}],"predecessor-version":[{"id":14160,"href":"https:\/\/samantharadionline.com\/index.php\/wp-json\/wp\/v2\/posts\/14158\/revisions\/14160"}],"wp:featuredmedia":[{"embeddable":true,"href":"https:\/\/samantharadionline.com\/index.php\/wp-json\/wp\/v2\/media\/14159"}],"wp:attachment":[{"href":"https:\/\/samantharadionline.com\/index.php\/wp-json\/wp\/v2\/media?parent=14158"}],"wp:term":[{"taxonomy":"category","embeddable":true,"href":"https:\/\/samantharadionline.com\/index.php\/wp-json\/wp\/v2\/categories?post=14158"},{"taxonomy":"post_tag","embeddable":true,"href":"https:\/\/samantharadionline.com\/index.php\/wp-json\/wp\/v2\/tags?post=14158"}],"curies":[{"name":"wp","href":"https:\/\/api.w.org\/{rel}","templated":true}]}}