{"id":14154,"date":"2025-04-01T13:31:54","date_gmt":"2025-04-01T11:31:54","guid":{"rendered":"https:\/\/samantharadionline.com\/?p=14154"},"modified":"2025-04-01T13:33:22","modified_gmt":"2025-04-01T11:33:22","slug":"ito-bisono-favorece-coproduccion-para-que-los-haitianos-tengan-empleos-en-su-territorio","status":"publish","type":"post","link":"https:\/\/samantharadionline.com\/index.php\/2025\/04\/01\/ito-bisono-favorece-coproduccion-para-que-los-haitianos-tengan-empleos-en-su-territorio\/","title":{"rendered":"Ito Bison\u00f3 favorece coproducci\u00f3n para que los haitianos tengan empleos en su territorio"},"content":{"rendered":"\n<p class=\"has-medium-font-size\"><em>El ministro de Industria, Comercio y Mipymes, destaca la importancia de que Hait\u00ed puede lograr crear empleos para que su gente se pueda quedar en su territorio<\/em><\/p>\n\n\n\n<figure class=\"wp-block-image\"><img decoding=\"async\" src=\"https:\/\/listindiario.com\/files\/image_60_60\/uploads\/2023\/05\/16\/64637bb503407.jpeg\" alt=\"Avatar del C\u00e1ndida Acosta\"\/><\/figure>\n\n\n\n<p><strong><em>\u00a0<\/em>C\u00e1ndida Acosta<\/strong><\/p>\n\n\n\n<p>El ministro de Industria, Comercio y Mipymes (MICM),&nbsp;<strong>V\u00edctor-Ito-Bison\u00f3<\/strong>, favorece la coproducci\u00f3n con Hait\u00ed, que facilita el&nbsp;<strong>\u201cnearshoring\u201d<\/strong>, para que los haitianos tengan trabajo en su territorio y puedan quedarse all\u00e1.<\/p>\n\n\n\n<p>El ministro dominicano respondi\u00f3 al respecto a las recientes declaraciones de\u00a0<strong>Fritz Alphonse Jean<\/strong>, presidente del Consejo de Transici\u00f3n de Hait\u00ed.<\/p>\n\n\n\n<p>Al hablar ,Alphonse Jean expuso que la amenaza del presidente estadounidense Donald Trump de revocar el\u00a0<strong>permiso migratorio<\/strong>\u00a0a 500,000 haitianos que implica a su vez\u00a0<strong>deportaciones masivas<\/strong>\u00a0incluso desde Rep\u00fablica Dominicana, pretenden incluir a su pa\u00eds en la estrategia de \u201cnearshoring\u201d, mudando empresas de Asia en Hait\u00ed.<\/p>\n\n\n\n<p>Alphonse Jean asume que no hay salida a la crisis sin creaci\u00f3n de riquezas y nuevos empleos.<\/p>\n\n\n\n<h3 class=\"wp-block-heading\">Emular la ley Hope<\/h3>\n\n\n\n<p>Para el ministro de Industria, Comercio y Mipymes, Ito Bison\u00f3, el nearshoring ser\u00eda para Hait\u00ed lo equivalente a la implementaci\u00f3n exitosa de Hait\u00ed-Hope.<\/p>\n\n\n\n<p>Recuerda que&nbsp;<strong>Rep\u00fablica Dominicana apoy\u00f3 esta legislaci\u00f3n<\/strong>, \u201ccomo tambi\u00e9n apoyamos su renovaci\u00f3n que vence este a\u00f1o\u201d<\/p>\n\n\n\n<p>La legislaci\u00f3n aplica para la&nbsp;<strong>coproducci\u00f3n fronteriza<\/strong>&nbsp;con el ejemplo de Codevi, y el desarrollo industrial en Hait\u00ed.<\/p>\n\n\n\n<p>El&nbsp;<strong>Parque Industrial Caracol<\/strong>&nbsp;m\u00e1s al centro de Hait\u00ed tambi\u00e9n ser\u00eda un destino para el Nearshoring, seg\u00fan el ministro dominicano.<\/p>\n\n\n\n<p>\u201cNosotros queremos ver un Hait\u00ed sin bandas de terroristas, un Hait\u00ed en Paz donde sus nacionales puedan vivir en su pa\u00eds sin miedo y con trabajo que, de seguro, le dar\u00eda&nbsp;<strong>mayor poder adquisitivo<\/strong>&nbsp;para comprar m\u00e1s productos de los hechos en Rep\u00fablica Dominicana\u201d, se\u00f1al\u00f3 Bison\u00f3.<\/p>\n\n\n\n<h3 class=\"wp-block-heading\">Presidente de Hait\u00ed<\/h3>\n\n\n\n<p>En la entrevista, mediante la plataforma virtual zoom, Alphonse Jean destac\u00f3 la importancia para Hait\u00ed la\u00a0<strong>creaci\u00f3n de nuevos empleos<\/strong>\u00a0y, por tanto est\u00e1n buscando impactar en ese aspecto y ya han recibido apoyo de empresarios dominicanos como Fernando Capell\u00e1n.<\/p>\n\n\n\n<p>\u201cEs una discusi\u00f3n profunda la que he estado llevando con Fernando Capell\u00e1n, para ver como los dos pa\u00edses pueden aprovechar el nearshoring. Tengo que decir que \u00e9l (Capell\u00e1n) est\u00e1 haciendo mucho esfuerzo para integrar los dos pa\u00edses\u201d, se\u00f1al\u00f3 el presidente haitiano respecto a la posible coproducci\u00f3n en materia de&nbsp;<strong>comercio y empleos<\/strong>, la cual desarrolla Codevi en Juana M\u00e9ndez.<\/p>\n\n\n\n<p>Desde hace varios a\u00f1os, Hait\u00ed se encuentra sumida en una fuerte ola de violencia y terrorismo que dio al traste con la vida de su presidente J\u00f3venel Moise y en adelante ha seguido bajo el creciente azote de bandas criminales aupando m\u00e1s la salida de los haitianos hacia la parte dominicana e incluso naciones como M\u00e9xico, Chile y el propio Estados Unidos.<\/p>\n\n\n\n<h3 class=\"wp-block-heading\">Sepa m\u00e1s<\/h3>\n\n\n\n<h3 class=\"wp-block-heading\">Ley Hope<\/h3>\n\n\n\n<p>En diciembre del 2024, empresarios pidieron al Gobierno y a sectores claves gestionar con urgencia la renovaci\u00f3n de los programas Haitian Hemispheric Opportunity through Partnership Encouragement (Hope) y Haiti Economic Lift Program (Help) ante el Congreso de los Estados Unidos.<\/p>\n\n\n\n<p>Estos programas, aprobados por el Congreso de Estados Unidos en 2005 y 2010, permiten que Hait\u00ed exporte ropa al mercado estadounidense libre de arancel, representando el 90% de las exportaciones haitianas, y representan una gran importancia para el sector textil y la estabilidad y creaci\u00f3n de empleos de ambos lados.<\/p>\n\n\n\n<p>Sus beneficios se extienden directamente a la Rep\u00fablica Dominicana, donde f\u00e1bricas de textiles en Barahona, Bonao, Guerra y Santiago producen tejidos que son enviados a Hait\u00ed para la confecci\u00f3n de ropa destinada a exportaci\u00f3n.<\/p>\n\n\n\n<p>Hope\/Help expiran en septiembre de 2025, y requiere de al menos un a\u00f1o de antelaci\u00f3n tener claridad de su seguimiento y as\u00ed evitar que se muden al Asia y se sigan perdiendo empleos en Hait\u00ed, donde a septiembre del pasado a\u00f1o 2024 se hab\u00edan perdido de 60,000 a 22,000 puestos de trabajo.<\/p>\n\n\n\n<p>\u201cLa no renovaci\u00f3n este a\u00f1o ser\u00eda devastadora para la econom\u00eda de Hait\u00ed y afectar\u00eda directamente a la Rep\u00fablica Dominicana. Las empresas planifican con anticipaci\u00f3n y necesitan certeza para seguir operando en la regi\u00f3n. Sin HOPE\/HELP, perderemos competitividad y estabilidad\u201d, destac\u00f3 el empresario Fernando Capell\u00e1n en ese momento.<\/p>\n","protected":false},"excerpt":{"rendered":"<p>El ministro de Industria, Comercio y Mipymes, destaca la importancia de que Hait\u00ed puede lograr<\/p>\n","protected":false},"author":1,"featured_media":14157,"comment_status":"open","ping_status":"open","sticky":false,"template":"","format":"standard","meta":{"footnotes":""},"categories":[12],"tags":[],"class_list":["post-14154","post","type-post","status-publish","format-standard","has-post-thumbnail","hentry","category-nacionales"],"_links":{"self":[{"href":"https:\/\/samantharadionline.com\/index.php\/wp-json\/wp\/v2\/posts\/14154","targetHints":{"allow":["GET"]}}],"collection":[{"href":"https:\/\/samantharadionline.com\/index.php\/wp-json\/wp\/v2\/posts"}],"about":[{"href":"https:\/\/samantharadionline.com\/index.php\/wp-json\/wp\/v2\/types\/post"}],"author":[{"embeddable":true,"href":"https:\/\/samantharadionline.com\/index.php\/wp-json\/wp\/v2\/users\/1"}],"replies":[{"embeddable":true,"href":"https:\/\/samantharadionline.com\/index.php\/wp-json\/wp\/v2\/comments?post=14154"}],"version-history":[{"count":1,"href":"https:\/\/samantharadionline.com\/index.php\/wp-json\/wp\/v2\/posts\/14154\/revisions"}],"predecessor-version":[{"id":14156,"href":"https:\/\/samantharadionline.com\/index.php\/wp-json\/wp\/v2\/posts\/14154\/revisions\/14156"}],"wp:featuredmedia":[{"embeddable":true,"href":"https:\/\/samantharadionline.com\/index.php\/wp-json\/wp\/v2\/media\/14157"}],"wp:attachment":[{"href":"https:\/\/samantharadionline.com\/index.php\/wp-json\/wp\/v2\/media?parent=14154"}],"wp:term":[{"taxonomy":"category","embeddable":true,"href":"https:\/\/samantharadionline.com\/index.php\/wp-json\/wp\/v2\/categories?post=14154"},{"taxonomy":"post_tag","embeddable":true,"href":"https:\/\/samantharadionline.com\/index.php\/wp-json\/wp\/v2\/tags?post=14154"}],"curies":[{"name":"wp","href":"https:\/\/api.w.org\/{rel}","templated":true}]}}