{"id":13301,"date":"2025-02-28T12:31:43","date_gmt":"2025-02-28T11:31:43","guid":{"rendered":"https:\/\/samantharadionline.com\/?p=13301"},"modified":"2025-02-28T12:31:43","modified_gmt":"2025-02-28T11:31:43","slug":"abinader-viajara-este-viernes-a-uruguay-para-asistir-a-toma-de-posesion-de-yamandu-orsi","status":"publish","type":"post","link":"https:\/\/samantharadionline.com\/index.php\/2025\/02\/28\/abinader-viajara-este-viernes-a-uruguay-para-asistir-a-toma-de-posesion-de-yamandu-orsi\/","title":{"rendered":"Abinader viajar\u00e1 este viernes a Uruguay para asistir a toma de posesi\u00f3n de Yamand\u00fa Orsi"},"content":{"rendered":"\n<p class=\"has-medium-font-size\"><em>El jefe de estado dominicano tiene previsto salir en la primeras horas de la ma\u00f1ana y arribara a Montevideo alrededor de las 5:00 de la tarde<\/em><\/p>\n\n\n\n<p><strong>Santo Domingo, RD<\/strong><\/p>\n\n\n\n<p>El presidente Luis Abinader viajar\u00e1 este viernes a Montevideo, Rep\u00fablica Oriental del Uruguay, para asistir a la toma de posesi\u00f3n del presidente electo de esa naci\u00f3n, Yamand\u00fa Orsi.<\/p>\n\n\n\n<p>El jefe del Estado dominicano tiene previsto salir en la primeras horas de la ma\u00f1ana y arribara a Montevideo alrededor de las 5:00 de la tarde.<\/p>\n\n\n\n<p>El mandatario dominicano aprovechar\u00e1 su presencia en Uruguay para sostener varias reuniones bilaterales con otros signatarios.<\/p>\n\n\n\n<p>El s\u00e1bado tambi\u00e9n sostendr\u00e1 un encuentro con los presidente saliente de Uruguay, Luis Lacalle Pou.<\/p>\n\n\n\n<p>Posteriormente el mandatario dominicano participar\u00e1 en la sesi\u00f3n solemne de la Asamblea General del Poder Legislativo, en la sede del Palacio Legislativo.<\/p>\n\n\n\n<p>El Compromiso de Honor Constitucional por parte del presidente electo de la Rep\u00fablica Oriental del Uruguay, Yamand\u00fa Orsi y de la vicepresidenta electa, Carolina Cosse, est\u00e1 pautado para iniciar a las 2:00 de la tarde.<\/p>\n\n\n\n<p>Abinader estar\u00e1 de regreso al pa\u00eds, la madrugada del domingo.<\/p>\n","protected":false},"excerpt":{"rendered":"<p>El jefe de estado dominicano tiene previsto salir en la primeras horas de la ma\u00f1ana<\/p>\n","protected":false},"author":1,"featured_media":13302,"comment_status":"open","ping_status":"open","sticky":false,"template":"","format":"standard","meta":{"footnotes":""},"categories":[12],"tags":[],"class_list":["post-13301","post","type-post","status-publish","format-standard","has-post-thumbnail","hentry","category-nacionales"],"_links":{"self":[{"href":"https:\/\/samantharadionline.com\/index.php\/wp-json\/wp\/v2\/posts\/13301","targetHints":{"allow":["GET"]}}],"collection":[{"href":"https:\/\/samantharadionline.com\/index.php\/wp-json\/wp\/v2\/posts"}],"about":[{"href":"https:\/\/samantharadionline.com\/index.php\/wp-json\/wp\/v2\/types\/post"}],"author":[{"embeddable":true,"href":"https:\/\/samantharadionline.com\/index.php\/wp-json\/wp\/v2\/users\/1"}],"replies":[{"embeddable":true,"href":"https:\/\/samantharadionline.com\/index.php\/wp-json\/wp\/v2\/comments?post=13301"}],"version-history":[{"count":1,"href":"https:\/\/samantharadionline.com\/index.php\/wp-json\/wp\/v2\/posts\/13301\/revisions"}],"predecessor-version":[{"id":13303,"href":"https:\/\/samantharadionline.com\/index.php\/wp-json\/wp\/v2\/posts\/13301\/revisions\/13303"}],"wp:featuredmedia":[{"embeddable":true,"href":"https:\/\/samantharadionline.com\/index.php\/wp-json\/wp\/v2\/media\/13302"}],"wp:attachment":[{"href":"https:\/\/samantharadionline.com\/index.php\/wp-json\/wp\/v2\/media?parent=13301"}],"wp:term":[{"taxonomy":"category","embeddable":true,"href":"https:\/\/samantharadionline.com\/index.php\/wp-json\/wp\/v2\/categories?post=13301"},{"taxonomy":"post_tag","embeddable":true,"href":"https:\/\/samantharadionline.com\/index.php\/wp-json\/wp\/v2\/tags?post=13301"}],"curies":[{"name":"wp","href":"https:\/\/api.w.org\/{rel}","templated":true}]}}