{"id":13296,"date":"2025-02-28T12:29:10","date_gmt":"2025-02-28T11:29:10","guid":{"rendered":"https:\/\/samantharadionline.com\/?p=13296"},"modified":"2025-02-28T12:29:10","modified_gmt":"2025-02-28T11:29:10","slug":"fusiones-alianzas-publico-privadas-y-apagones-temas-ausentes-en-el-discurso-de-abinader","status":"publish","type":"post","link":"https:\/\/samantharadionline.com\/index.php\/2025\/02\/28\/fusiones-alianzas-publico-privadas-y-apagones-temas-ausentes-en-el-discurso-de-abinader\/","title":{"rendered":"Fusiones, alianzas p\u00fablico-privadas y apagones temas ausentes en el discurso de Abinader"},"content":{"rendered":"\n<p class=\"has-medium-font-size\"><em>Las alianzas p\u00fablico-privadas fueron un tema reiterativo en los primeros a\u00f1os de gobierno del mandatario, quien anunci\u00f3 desde su primer discurso en agosto del 2020 que emprender\u00eda distintos proyectos, entre ellos la Autopista del \u00c1mbar, bajo este modelo<\/em><\/p>\n\n\n\n<p>Los avances en el proceso de fusi\u00f3n y eliminaci\u00f3n de las instituciones p\u00fablicas, la continuidad de los proyectos de alianzas p\u00fablico-privadas, y las acciones para erradicar los molestos apagones, fueron algunos de los temas ausentes en el discurso de rendici\u00f3n de cuentas del presidente de la Rep\u00fablica, Luis Abinader, en su quinto a\u00f1o de mandato.<\/p>\n\n\n\n<p>Las alianzas p\u00fablico-privadas fueron un tema reiterativo en los primeros a\u00f1os de gobierno del mandatario, quien anunci\u00f3 desde su primer discurso en agosto del 2020 que emprender\u00eda distintos proyectos, entre ellos la Autopista del \u00c1mbar, bajo este modelo.<\/p>\n\n\n\n<p>Recientemente, Abinader nombr\u00f3 al frente de la Direcci\u00f3n General de Alianzas P\u00fablico Privadas (DGAPP), a quien fung\u00eda como viceministro administrativo de la Presidencia, Andr\u00e9s Lugo Risk, sin embargo, en el discurso no hizo alusi\u00f3n a ninguna obra o iniciativa que se proponga realizar bajo el esquema APP.<\/p>\n\n\n\n<h3 class=\"wp-block-heading\">fusiones y eliminaciones<\/h3>\n\n\n\n<p>Abinader tampoco hizo alusi\u00f3n a los avances reales alcanzados en el proceso de fusi\u00f3n de ministerios como Mescyt, Educaci\u00f3n, Hacienda, Mepyd, y la eliminaci\u00f3n de m\u00e1s de una docena de entidades gubernamentales, mediante el programa de eficientizaci\u00f3n y modernizaci\u00f3n anunciado en una presentaci\u00f3n hecha en La Semanal.&nbsp;<\/p>\n\n\n\n<p>En su discurso, que dur\u00f3 2 horas y 29 minutos, el mandatario dej\u00f3 fuera informaci\u00f3n de c\u00f3mo va el proceso para unificar el Ministerio de Educaci\u00f3n y el Ministerio de Educaci\u00f3n Superior, Ciencia y Tecnolog\u00eda (Mescyt), una fusi\u00f3n que ha tenido sus cr\u00edticas y defensas, pero que ha fraguado un sinn\u00famero de propuestas para consensuar entre los sectores que participan en el proceso.<\/p>\n\n\n\n<p>A pesar de que el ministro de Econom\u00eda, Planificaci\u00f3n, y Desarrollo, Pavel Isa Contreras renunci\u00f3 a su cargo para dar paso a la fusi\u00f3n de la entidad con el Ministerio de Hacienda, el presidente Abinader no incluy\u00f3 en su rendici\u00f3n de cuentas a partir de cu\u00e1ndo iniciar\u00e1n estos ministerios a funcionar como uno solo.&nbsp;<\/p>\n\n\n\n<p>Asimismo, la poblaci\u00f3n qued\u00f3 sin saber cu\u00e1les de las instituciones contempladas en el plan de racionalizaci\u00f3n ya fueron eliminadas, de cu\u00e1nto ha sido el ahorro para el Estado, y cu\u00e1ntos servidores p\u00fablicos fueron desvinculados o reubicados como se plante\u00f3.<\/p>\n\n\n\n<h3 class=\"wp-block-heading\">apagones<\/h3>\n\n\n\n<p>Aunque se refiri\u00f3 a tema el\u00e9ctrico, el mandatario no rese\u00f1\u00f3 las acciones que se ejecutan mediante el Consejo Unificado de las Empresas Distribuidoras de Electricidad (CUED) para reducir los apagones y las p\u00e9rdidas de energ\u00eda.<\/p>\n\n\n\n<p>Las interrupciones el\u00e9ctricas en los distintos sectores del Gran Santo Domingo y en el interior del pa\u00eds, se han convertido en una de las principales quejas de la poblaci\u00f3n y de los sectores productivos.<\/p>\n","protected":false},"excerpt":{"rendered":"<p>Las alianzas p\u00fablico-privadas fueron un tema reiterativo en los primeros a\u00f1os de gobierno del mandatario,<\/p>\n","protected":false},"author":1,"featured_media":13299,"comment_status":"open","ping_status":"open","sticky":false,"template":"","format":"standard","meta":{"footnotes":""},"categories":[12],"tags":[],"class_list":["post-13296","post","type-post","status-publish","format-standard","has-post-thumbnail","hentry","category-nacionales"],"_links":{"self":[{"href":"https:\/\/samantharadionline.com\/index.php\/wp-json\/wp\/v2\/posts\/13296","targetHints":{"allow":["GET"]}}],"collection":[{"href":"https:\/\/samantharadionline.com\/index.php\/wp-json\/wp\/v2\/posts"}],"about":[{"href":"https:\/\/samantharadionline.com\/index.php\/wp-json\/wp\/v2\/types\/post"}],"author":[{"embeddable":true,"href":"https:\/\/samantharadionline.com\/index.php\/wp-json\/wp\/v2\/users\/1"}],"replies":[{"embeddable":true,"href":"https:\/\/samantharadionline.com\/index.php\/wp-json\/wp\/v2\/comments?post=13296"}],"version-history":[{"count":1,"href":"https:\/\/samantharadionline.com\/index.php\/wp-json\/wp\/v2\/posts\/13296\/revisions"}],"predecessor-version":[{"id":13300,"href":"https:\/\/samantharadionline.com\/index.php\/wp-json\/wp\/v2\/posts\/13296\/revisions\/13300"}],"wp:featuredmedia":[{"embeddable":true,"href":"https:\/\/samantharadionline.com\/index.php\/wp-json\/wp\/v2\/media\/13299"}],"wp:attachment":[{"href":"https:\/\/samantharadionline.com\/index.php\/wp-json\/wp\/v2\/media?parent=13296"}],"wp:term":[{"taxonomy":"category","embeddable":true,"href":"https:\/\/samantharadionline.com\/index.php\/wp-json\/wp\/v2\/categories?post=13296"},{"taxonomy":"post_tag","embeddable":true,"href":"https:\/\/samantharadionline.com\/index.php\/wp-json\/wp\/v2\/tags?post=13296"}],"curies":[{"name":"wp","href":"https:\/\/api.w.org\/{rel}","templated":true}]}}