{"id":12626,"date":"2025-02-08T00:29:20","date_gmt":"2025-02-07T23:29:20","guid":{"rendered":"https:\/\/samantharadionline.com\/?p=12626"},"modified":"2025-02-08T00:29:21","modified_gmt":"2025-02-07T23:29:21","slug":"donald-trump-anunciara-nuevos-aranceles-a-varios-paises-la-proxima-semana","status":"publish","type":"post","link":"https:\/\/samantharadionline.com\/index.php\/2025\/02\/08\/donald-trump-anunciara-nuevos-aranceles-a-varios-paises-la-proxima-semana\/","title":{"rendered":"Donald Trump anunciar\u00e1 nuevos aranceles a varios pa\u00edses la pr\u00f3xima semana"},"content":{"rendered":"\n<p class=\"has-medium-font-size\"><em>\u00abLa semana pr\u00f3xima anunciar\u00e9 aranceles rec\u00edprocos, para que se nos trate en igualdad de condiciones con otros pa\u00edses\u00bb, dijo el presidente estadounidense<\/em><\/p>\n\n\n\n<figure class=\"wp-block-image\"><img decoding=\"async\" src=\"https:\/\/listindiario.com\/files\/image_60_60\/uploads\/2023\/05\/23\/646cd02f4f53e.jpeg\" alt=\"Avatar del Agencia EFE\"\/><\/figure>\n\n\n\n<p><em>\u00a0<\/em>Agencia EFE, <strong>Washington, Estados Unidos<\/strong><\/p>\n\n\n\n<p>El presidente de Estados Unidos,&nbsp;<strong>Donald Trump<\/strong>, adelant\u00f3 este viernes que la pr\u00f3xima semana anunciar\u00e1 la imposici\u00f3n de aranceles a varios pa\u00edses, una medida que busca equiparar los grav\u00e1menes que estos aplican a las exportaciones estadounidenses y que aviva la&nbsp;<strong>incertidumbre<\/strong>&nbsp;sobre una posible<strong>&nbsp;guerra comercial<\/strong>.<\/p>\n\n\n\n<p>\u00abLa semana pr\u00f3xima anunciar\u00e9 aranceles rec\u00edprocos, para que se nos trate en igualdad de condiciones con otros pa\u00edses. No queremos m\u00e1s ni menos. As\u00ed que lo anunciar\u00e9 la pr\u00f3xima semana, junto con muchas otras cosas\u00bb, dijo en declaraciones a la prensa en el&nbsp;<strong>Despacho Oval<\/strong>, donde se reuni\u00f3 con el primer ministro japon\u00e9s, Shigeru Ishiba.<\/p>\n\n\n\n<p>\u00abHablar\u00e9 sobre&nbsp;<strong>comercio rec\u00edproco<\/strong>&nbsp;la pr\u00f3xima semana, tendremos una conferencia de prensa y lo explicaremos de manera bastante simple\u00bb, agreg\u00f3 el l\u00edder republicano.<\/p>\n\n\n\n<p>Trump anunci\u00f3&nbsp;<strong>aranceles del 25 % para M\u00e9xico y Canad\u00e1<\/strong>, sus vecinos y principales socios comerciales, para el 4 de febrero, pero retras\u00f3 un mes su imposici\u00f3n despu\u00e9s de que esos pa\u00edses accedieran a aumentar el&nbsp;<strong>control fronterizo&nbsp;<\/strong>para reducir el&nbsp;<strong>tr\u00e1fico de fentanilo<\/strong>&nbsp;y la llegada de migrantes a Estados Unidos.<\/p>\n\n\n\n<p>M\u00e9xico acept\u00f3 enviar 10,000 elementos de la Guardia Nacional a su linde con&nbsp;<strong>Estados Unidos<\/strong>&nbsp;como parte del acuerdo y Canad\u00e1 nombr\u00f3 a un \u00abzar del fentanilo\u00bb y design\u00f3 a los&nbsp;<strong>carteles del narcotr\u00e1fico<\/strong>&nbsp;como<strong>&nbsp;organizaciones terroristas<\/strong>.<\/p>\n\n\n\n<p>Trump s\u00ed cumpli\u00f3 la imposici\u00f3n de un arancel adicional del 10 % para China, que fue respondido con grav\u00e1menes similares por parte del gigante asi\u00e1tico, con cuyo presidente,<strong>&nbsp;Xi Jinping<\/strong>, tiene una conversaci\u00f3n pendiente.<\/p>\n\n\n\n<p><strong>Lea tambi\u00e9n<\/strong><\/p>\n\n\n\n<p>Desde que lleg\u00f3 a la<strong>&nbsp;Casa Blanca<\/strong>&nbsp;el 20 de enero, el republicano ha utilizado las amenazas arancelarias como herramienta de presi\u00f3n contra otros pa\u00edses, a pesar de que los economistas advierten de que este tipo de medidas podr\u00eda generar una subida de precios dentro de Estados Unidos.<\/p>\n\n\n\n<p>Dos semanas atr\u00e1s, Trump amenaz\u00f3 con aranceles sobre Colombia para forzar al pa\u00eds a aceptar la deportaci\u00f3n de<strong>&nbsp;migrantes&nbsp;<\/strong>colombianos despu\u00e9s de que su presidente, Gustavo Petro, desautorizara la llegada al pa\u00eds de dos vuelos de&nbsp;<strong>deportaci\u00f3n<\/strong>&nbsp;por las malas condiciones en las que viajaban.<\/p>\n","protected":false},"excerpt":{"rendered":"<p>\u00abLa semana pr\u00f3xima anunciar\u00e9 aranceles rec\u00edprocos, para que se nos trate en igualdad de condiciones<\/p>\n","protected":false},"author":1,"featured_media":12627,"comment_status":"open","ping_status":"open","sticky":false,"template":"","format":"standard","meta":{"footnotes":""},"categories":[4],"tags":[],"class_list":["post-12626","post","type-post","status-publish","format-standard","has-post-thumbnail","hentry","category-mundiales"],"_links":{"self":[{"href":"https:\/\/samantharadionline.com\/index.php\/wp-json\/wp\/v2\/posts\/12626","targetHints":{"allow":["GET"]}}],"collection":[{"href":"https:\/\/samantharadionline.com\/index.php\/wp-json\/wp\/v2\/posts"}],"about":[{"href":"https:\/\/samantharadionline.com\/index.php\/wp-json\/wp\/v2\/types\/post"}],"author":[{"embeddable":true,"href":"https:\/\/samantharadionline.com\/index.php\/wp-json\/wp\/v2\/users\/1"}],"replies":[{"embeddable":true,"href":"https:\/\/samantharadionline.com\/index.php\/wp-json\/wp\/v2\/comments?post=12626"}],"version-history":[{"count":1,"href":"https:\/\/samantharadionline.com\/index.php\/wp-json\/wp\/v2\/posts\/12626\/revisions"}],"predecessor-version":[{"id":12628,"href":"https:\/\/samantharadionline.com\/index.php\/wp-json\/wp\/v2\/posts\/12626\/revisions\/12628"}],"wp:featuredmedia":[{"embeddable":true,"href":"https:\/\/samantharadionline.com\/index.php\/wp-json\/wp\/v2\/media\/12627"}],"wp:attachment":[{"href":"https:\/\/samantharadionline.com\/index.php\/wp-json\/wp\/v2\/media?parent=12626"}],"wp:term":[{"taxonomy":"category","embeddable":true,"href":"https:\/\/samantharadionline.com\/index.php\/wp-json\/wp\/v2\/categories?post=12626"},{"taxonomy":"post_tag","embeddable":true,"href":"https:\/\/samantharadionline.com\/index.php\/wp-json\/wp\/v2\/tags?post=12626"}],"curies":[{"name":"wp","href":"https:\/\/api.w.org\/{rel}","templated":true}]}}