{"id":11481,"date":"2025-01-07T22:21:32","date_gmt":"2025-01-07T21:21:32","guid":{"rendered":"https:\/\/samantharadionline.com\/?p=11481"},"modified":"2025-01-07T22:21:34","modified_gmt":"2025-01-07T21:21:34","slug":"convierten-en-ley-modificacion-al-cnm-y-eleccion-del-procurador","status":"publish","type":"post","link":"https:\/\/samantharadionline.com\/index.php\/2025\/01\/07\/convierten-en-ley-modificacion-al-cnm-y-eleccion-del-procurador\/","title":{"rendered":"Convierten en ley modificaci\u00f3n al CNM y elecci\u00f3n del Procurador"},"content":{"rendered":"\n<p>Dentro de las funciones del CNM se encuentra designar los jueces del Tribunal Superior Electoral (TSE), del TC y sus suplentes<\/p>\n\n\n\n<figure class=\"wp-block-image\"><img decoding=\"async\" src=\"https:\/\/listindiario.com\/files\/image_60_60\/uploads\/2023\/05\/16\/64637a1e3ff38.jpeg\" alt=\"Avatar del \u00c1ngel Valdez\"\/><\/figure>\n\n\n\n<p><em>\u00a0<\/em>\u00c1ngel Valdez, <strong>Santo Domingo, RD<\/strong><\/p>\n\n\n\n<p>La&nbsp;<strong>C\u00e1mara de Diputados<\/strong>&nbsp;convirti\u00f3 en ley este martes un proyecto legislativo que tiene el objetivo de modificar la&nbsp;<strong>Ley Org\u00e1nica 138-11 del Consejo Nacional de la Magistratura (CNM)<\/strong>, a trav\u00e9s de la cual se altera la integraci\u00f3n del pleno y el mecanismo de elecci\u00f3n del procurador General de la Rep\u00fablica (PGR).<\/p>\n\n\n\n<p>Esta iniciativa, propuesta por el presidente del Senado de la Rep\u00fablica,&nbsp;<strong>Ricardo de los Santos<\/strong>; y el senador Omar Fern\u00e1ndez, es una respuesta al dictamen colocado el pasado 27 de octubre en el art\u00edculo 171 de la Constituci\u00f3n dominicana, luego de ser promulgada por el Poder Ejecutivo la cuadrag\u00e9sima modificaci\u00f3n.<\/p>\n\n\n\n<p><strong>\u00bfQui\u00e9nes integrar\u00e1n el CNM?<\/strong><\/p>\n\n\n\n<p>Tal y como el presidente<strong>&nbsp;Luis Abinader<\/strong>&nbsp;recomend\u00f3 en su proyecto que declar\u00f3&nbsp;<strong>\u201cla necesidad\u201d<\/strong>&nbsp;de una reforma constitucional, esta pieza legislativa vari\u00f3 la ley para adicionar al presidente del Tribunal Constitucional (TC) a la lista de integrantes del CNM.<\/p>\n\n\n\n<p>Este \u00f3rgano constitucional est\u00e1 conformado, adem\u00e1s, por el presidente de la Rep\u00fablica, quien lo encabeza; el presidente del Senado; un senador del bloque pol\u00edtico opositor; el presidente de la C\u00e1mara de Diputados; un diputado de bancada no oficialista y un magistrado de la Suprema Corte de Justicia (SCJ).<\/p>\n\n\n\n<p>Dentro de las funciones del CNM se encuentra designar los jueces del Tribunal Superior Electoral (TSE), del TC y sus suplentes. Al igual que elegir al titular de la PGR y la mitad de los procuradores adjuntos, a propuesta de jefe del Estado.<\/p>\n\n\n\n<p><strong>Abstenci\u00f3n<\/strong><\/p>\n\n\n\n<p>La alteraci\u00f3n al art\u00edculo 16 ordena que&nbsp;<strong>\u201cen todos los casos\u201d<\/strong>, en los cuales un miembro del CNM aspire o acepte su postulaci\u00f3n como juez o procurador general deber\u00e1 abstenerse de participar en la elecci\u00f3n de este puesto.<\/p>\n\n\n\n<p><strong>\u201cTampoco podr\u00e1 participar en la elecci\u00f3n de un candidato a juez o al cargo de Procurador General de la Rep\u00fablica<\/strong>&nbsp;o uno de sus procuradores adjuntos, cuando le unan v\u00ednculos sangu\u00edneos o de afinidad hasta el cuarto grado inclusive\u201d, indica el p\u00e1rrafo de este apartado.<\/p>\n\n\n\n<p><strong>Procurador<\/strong><\/p>\n\n\n\n<p>Esta pieza indica con claridad que el gobernante ser\u00e1 quien deba presentar en modo de propuesta al ciudadano que dirigir\u00e1 la PGR. Sin embargo, precisa que, aun siendo aprobado en ambas c\u00e1maras del Congreso Nacional, el CNM deber\u00e1 desarrollar un reglamento para determinar cu\u00e1l ser\u00e1 el mecanismo que utilizar\u00e1 el primer mandatario.<\/p>\n\n\n\n<p>La etapa de selecci\u00f3n pasar\u00e1 por un proceso de entrevistas en el que participar\u00e1n los 8 integrantes del \u00f3rgano y deber\u00e1 realizarse durante los primeros 100 d\u00edas de promulgada la Carta Magna, que culminan a finales de enero del 2025.<\/p>\n\n\n\n<p>El abogado electo deber\u00e1 ser favorecido con al menos cinco votos del pleno.<\/p>\n\n\n\n<p>El Consejo Nacional de la Magistratura designar\u00e1 al Procurador General de la Rep\u00fablica y la mitad de los procuradores adjuntos por un periodo de dos a\u00f1os.<\/p>\n\n\n\n<p>Este plazo tendr\u00e1 un car\u00e1cter de inamovilidad, a excepci\u00f3n de que decidan rectificar al ciudadano en el puesto.<\/p>\n\n\n\n<p><strong>Importancia del reglamento<\/strong><\/p>\n\n\n\n<p>En el caso de que esta iniciativa sea convertida en ley por los diputados, en una segunda discusi\u00f3n, el CNM deber\u00e1 en un plazo&nbsp;<strong>\u201cm\u00e1ximo\u201d<\/strong>&nbsp;de 30 d\u00edas adecuar el reglamento de aplicaci\u00f3n del marco legal de esta entidad independiente del tren gubernamental.<\/p>\n\n\n\n<p><strong>Posible salida de Miriam Germ\u00e1n<\/strong><\/p>\n\n\n\n<p>Abinader revel\u00f3 el pasado 12 de agosto que le pedir\u00eda a la procuradora general, Miriam Germ\u00e1n Brito, que continu\u00e9 en el cargo, hasta tanto se den las modificaciones a la Constituci\u00f3n que pretende el mandatario.<\/p>\n\n\n\n<p>A lo que Brito respondi\u00f3 d\u00edas despu\u00e9s aceptando la solicitud anunciada por el presidente Abinader.<\/p>\n\n\n\n<p>No obstante, no adelant\u00f3 si optar\u00eda nuevamente por ocupar la posici\u00f3n, ni tampoco el gobernante ha anunciado a quien presentar\u00e1 ante el CNM.<\/p>\n","protected":false},"excerpt":{"rendered":"<p>Dentro de las funciones del CNM se encuentra designar los jueces del Tribunal Superior Electoral<\/p>\n","protected":false},"author":1,"featured_media":11482,"comment_status":"open","ping_status":"open","sticky":false,"template":"","format":"standard","meta":{"footnotes":""},"categories":[12],"tags":[],"class_list":["post-11481","post","type-post","status-publish","format-standard","has-post-thumbnail","hentry","category-nacionales"],"_links":{"self":[{"href":"https:\/\/samantharadionline.com\/index.php\/wp-json\/wp\/v2\/posts\/11481","targetHints":{"allow":["GET"]}}],"collection":[{"href":"https:\/\/samantharadionline.com\/index.php\/wp-json\/wp\/v2\/posts"}],"about":[{"href":"https:\/\/samantharadionline.com\/index.php\/wp-json\/wp\/v2\/types\/post"}],"author":[{"embeddable":true,"href":"https:\/\/samantharadionline.com\/index.php\/wp-json\/wp\/v2\/users\/1"}],"replies":[{"embeddable":true,"href":"https:\/\/samantharadionline.com\/index.php\/wp-json\/wp\/v2\/comments?post=11481"}],"version-history":[{"count":1,"href":"https:\/\/samantharadionline.com\/index.php\/wp-json\/wp\/v2\/posts\/11481\/revisions"}],"predecessor-version":[{"id":11483,"href":"https:\/\/samantharadionline.com\/index.php\/wp-json\/wp\/v2\/posts\/11481\/revisions\/11483"}],"wp:featuredmedia":[{"embeddable":true,"href":"https:\/\/samantharadionline.com\/index.php\/wp-json\/wp\/v2\/media\/11482"}],"wp:attachment":[{"href":"https:\/\/samantharadionline.com\/index.php\/wp-json\/wp\/v2\/media?parent=11481"}],"wp:term":[{"taxonomy":"category","embeddable":true,"href":"https:\/\/samantharadionline.com\/index.php\/wp-json\/wp\/v2\/categories?post=11481"},{"taxonomy":"post_tag","embeddable":true,"href":"https:\/\/samantharadionline.com\/index.php\/wp-json\/wp\/v2\/tags?post=11481"}],"curies":[{"name":"wp","href":"https:\/\/api.w.org\/{rel}","templated":true}]}}