{"id":11135,"date":"2024-12-24T13:41:40","date_gmt":"2024-12-24T12:41:40","guid":{"rendered":"https:\/\/samantharadionline.com\/?p=11135"},"modified":"2024-12-24T13:41:41","modified_gmt":"2024-12-24T12:41:41","slug":"indultan-presos-y-excluyen-a-los-golpistas","status":"publish","type":"post","link":"https:\/\/samantharadionline.com\/index.php\/2024\/12\/24\/indultan-presos-y-excluyen-a-los-golpistas\/","title":{"rendered":"Indultan presos y excluyen a los golpistas"},"content":{"rendered":"\n<p class=\"has-medium-font-size\"><em>Luiz In\u00e1cio Lula da Silva, concedi\u00f3 indulto navide\u00f1o a presos en condici\u00f3n de vulnerabilidad, como mujeres embarazadas y personas con discapacidades o enfermedades graves, como c\u00e1ncer y VIH en etapa terminal, informaron fuentes oficiales este lunes<\/em>.<\/p>\n\n\n\n<figure class=\"wp-block-image\"><img decoding=\"async\" src=\"https:\/\/listindiario.com\/files\/image_60_60\/uploads\/2023\/05\/23\/646cd02f4f53e.jpeg\" alt=\"Avatar del Agencia EFE\"\/><\/figure>\n\n\n\n<p><em>\u00a0<\/em>Agencia EFE, <strong>Brasil<\/strong><\/p>\n\n\n\n<p>El presidente de Brasil, Luiz In\u00e1cio Lula da Silva, concedi\u00f3 indulto navide\u00f1o a presos en condici\u00f3n de vulnerabilidad, como mujeres embarazadas y personas con discapacidades o enfermedades graves, como c\u00e1ncer y VIH en etapa terminal, informaron fuentes oficiales este lunes.<\/p>\n\n\n\n<p>En el tradicional perd\u00f3n concedido con motivo de la Navidad, establecido mediante decreto y publicado de forma extraordinaria en el Diario Oficial, Lula excluy\u00f3 a los condenados por cr\u00edmenes contra el Estado Democr\u00e1tico de Derecho, como es el caso de los golpistas que buscaron derrocarlo el 8 de enero de 2023, una semana despu\u00e9s de haber asumido su tercer mandato.<\/p>\n\n\n\n<p>Asimismo, fue negado para l\u00edderes de organizaciones criminales y para los presos que hayan cometido cr\u00edmenes hediondos, tortura, terrorismo, racismo, lavado de dinero, ocultaci\u00f3n de bienes o que est\u00e9n tras las rejas por delitos sexuales.<\/p>\n\n\n\n<p>El indulto, en cambio, beneficiar\u00e1 a gestantes con embarazos de alto riesgo y a madres y abuelas condenadas por cr\u00edmenes \u00absin grave amenaza\u00bb que comprueben que son esenciales para garantizar el cuidado de menores de hasta 12 a\u00f1os.<\/p>\n\n\n\n<p>Tambi\u00e9n, acoger\u00e1 a detenidos con \u00abtrastorno del espectro autista severo\u00bb, a presos parapl\u00e9jicos, tetrapl\u00e9jicos y ciegos, y a personas mayores de 60 a\u00f1os que hayan cumplido una parte de su condena.<\/p>\n\n\n\n<p>Asimismo, incluye a condenados por cr\u00edmenes \u00absin violencia o grave amenaza\u00bb que cumplan, hasta el 25 de diciembre de 2024, por lo menos un quinto de la pena, si no son reincidentes, o un cuarto, si lo fueron.<\/p>\n\n\n\n<p>Este a\u00f1o, se introdujo una novedad que impide el indulto a condenados por abuso de autoridad, y tampoco podr\u00e1n acceder al perd\u00f3n quienes hayan cometido delitos contra la administraci\u00f3n p\u00fablica.<\/p>\n\n\n\n<p>Este a\u00f1o el perd\u00f3n tampoco contempla penas \u00abaccesorias\u00bb, como multas.<\/p>\n\n\n\n<p>El indulto de Navidad es una tradici\u00f3n prevista en la Constituci\u00f3n brasile\u00f1a, que permite el perd\u00f3n total de penas bajo los criterios establecidos por el presidente en un decreto anual.<\/p>\n\n\n\n<p>Las reglas del decreto que otorga el perd\u00f3n este a\u00f1o fueron elaboradas por el Consejo Nacional de Pol\u00edtica Criminal y validadas por el ministro de Justicia, Ricardo Lewandowski.<\/p>\n","protected":false},"excerpt":{"rendered":"<p>Luiz In\u00e1cio Lula da Silva, concedi\u00f3 indulto navide\u00f1o a presos en condici\u00f3n de vulnerabilidad, como<\/p>\n","protected":false},"author":1,"featured_media":11136,"comment_status":"open","ping_status":"open","sticky":false,"template":"","format":"standard","meta":{"footnotes":""},"categories":[4],"tags":[],"class_list":["post-11135","post","type-post","status-publish","format-standard","has-post-thumbnail","hentry","category-mundiales"],"_links":{"self":[{"href":"https:\/\/samantharadionline.com\/index.php\/wp-json\/wp\/v2\/posts\/11135","targetHints":{"allow":["GET"]}}],"collection":[{"href":"https:\/\/samantharadionline.com\/index.php\/wp-json\/wp\/v2\/posts"}],"about":[{"href":"https:\/\/samantharadionline.com\/index.php\/wp-json\/wp\/v2\/types\/post"}],"author":[{"embeddable":true,"href":"https:\/\/samantharadionline.com\/index.php\/wp-json\/wp\/v2\/users\/1"}],"replies":[{"embeddable":true,"href":"https:\/\/samantharadionline.com\/index.php\/wp-json\/wp\/v2\/comments?post=11135"}],"version-history":[{"count":1,"href":"https:\/\/samantharadionline.com\/index.php\/wp-json\/wp\/v2\/posts\/11135\/revisions"}],"predecessor-version":[{"id":11137,"href":"https:\/\/samantharadionline.com\/index.php\/wp-json\/wp\/v2\/posts\/11135\/revisions\/11137"}],"wp:featuredmedia":[{"embeddable":true,"href":"https:\/\/samantharadionline.com\/index.php\/wp-json\/wp\/v2\/media\/11136"}],"wp:attachment":[{"href":"https:\/\/samantharadionline.com\/index.php\/wp-json\/wp\/v2\/media?parent=11135"}],"wp:term":[{"taxonomy":"category","embeddable":true,"href":"https:\/\/samantharadionline.com\/index.php\/wp-json\/wp\/v2\/categories?post=11135"},{"taxonomy":"post_tag","embeddable":true,"href":"https:\/\/samantharadionline.com\/index.php\/wp-json\/wp\/v2\/tags?post=11135"}],"curies":[{"name":"wp","href":"https:\/\/api.w.org\/{rel}","templated":true}]}}