{"id":10662,"date":"2024-12-08T22:14:18","date_gmt":"2024-12-08T21:14:18","guid":{"rendered":"https:\/\/samantharadionline.com\/?p=10662"},"modified":"2024-12-08T22:14:19","modified_gmt":"2024-12-08T21:14:19","slug":"reaccion-a-sentencia-del-tribunal-constitucional-que-anula-ley-1-24-del-dni","status":"publish","type":"post","link":"https:\/\/samantharadionline.com\/index.php\/2024\/12\/08\/reaccion-a-sentencia-del-tribunal-constitucional-que-anula-ley-1-24-del-dni\/","title":{"rendered":"Reacci\u00f3n a sentencia del Tribunal Constitucional que anula Ley 1-24 del DNI"},"content":{"rendered":"\n<p class=\"has-medium-font-size\"><em>El Poder Ejecutivo expres\u00f3 su respeto y acogida al criterio del Tribunal Constitucional, resaltando su compromiso con el cumplimiento estricto de las disposiciones constitucionales y legislativas<\/em><\/p>\n\n\n\n<p><br><strong>Santo Domingo, RD<\/strong><\/p>\n\n\n\n<p>El consultor jur\u00eddico del Poder Ejecutivo,&nbsp;<strong>Antoliano Peralta,&nbsp;<\/strong>emiti\u00f3 una declaraci\u00f3n oficial en relaci\u00f3n con la reciente sentencia del&nbsp;<strong>Tribunal Constitucional<\/strong>&nbsp;(TC\/0767\/24), que declar\u00f3 no conforme con la<strong>&nbsp;Constituci\u00f3n la Ley n\u00fam. 1-24,<\/strong>&nbsp;normativa que creaba y regulaba la&nbsp;<strong>Direcci\u00f3n Nacional de Inteligencia (DNI).<\/strong><\/p>\n\n\n\n<p>\u201cEl Tribunal Constitucional fundament\u00f3 su decisi\u00f3n en un error procedimental durante el&nbsp;<strong>tr\u00e1mite legislativo de la norma,<\/strong>&nbsp;sin cuestionar su contenido ni identificar violaciones a derechos fundamentales. Seg\u00fan el fallo,<strong>&nbsp;la ley fue aprobada en ambas c\u00e1maras<\/strong>&nbsp;con las mayor\u00edas necesarias, pero sin cumplir con las formalidades requeridas para su convocatoria y tratamiento como ley org\u00e1nica\u201d, explic\u00f3.<\/p>\n\n\n\n<p>En lo relativo al vicio de procedimiento esgrimido en la sentencia, el funcionario dijo que el \u201c<strong>Tribunal concluy\u00f3 que el Congreso<\/strong>&nbsp;no convoc\u00f3 expresamente las sesiones como correspond\u00eda para tratar una ley org\u00e1nica, aunque esta obtuvo amplias mayor\u00edas: 125 de 126 votos en la C\u00e1mara de Diputados y 21 de 25 en el Senado. Este&nbsp;<strong>incumplimiento vicia la validez de la ley<\/strong>, dado que las normas org\u00e1nicas requieren procedimientos espec\u00edficos seg\u00fan la&nbsp;<strong>Constituci\u00f3n y los reglamentos legislativos<\/strong>\u201d.<\/p>\n\n\n\n<p>PUBLICIDAD<\/p>\n\n\n\n<p>Explic\u00f3 que, en cuanto a la naturaleza org\u00e1nica de la&nbsp;<strong>legislaci\u00f3n<\/strong>, \u201cla sentencia afirm\u00f3 que la Ley n\u00fam. 1-24 est\u00e1 vinculada al \u00e1mbito de la seguridad y defensa nacional, lo que le confiere car\u00e1cter org\u00e1nico, pero no regulaba directamente derechos fundamentales como&nbsp;<strong>alegaban algunos accionantes<\/strong>\u201d.<\/p>\n\n\n\n<p>Con respecto a la observaci\u00f3n formal, no material, plante\u00f3 que \u201cel Tribunal Constitucional subray\u00f3 que la nulidad responde&nbsp;<strong>exclusivamente a un aspecto formal,<\/strong>&nbsp;ya que no se respetaron las reglas de convocatoria para su tratamiento. Este fallo pone \u00e9nfasis en la necesidad de seguir los procedimientos legislativos con rigor\u201d.<\/p>\n\n\n\n<p>El Poder Ejecutivo expres\u00f3 su respeto y acogida al criterio del&nbsp;<strong>Tribunal Constitucional<\/strong>, resaltando su compromiso con el cumplimiento estricto de las&nbsp;<strong>disposiciones constitucionales y legislativas<\/strong>.<\/p>\n\n\n\n<p>\u201cSaludamos el empe\u00f1o del Tribunal en garantizar el cumplimiento del<strong>&nbsp;procedimiento legislativo<\/strong>&nbsp;en todos sus detalles, lo que fortalece nuestra institucionalidad. El&nbsp;<strong>Gobierno<\/strong>&nbsp;est\u00e1 comprometido a seguir impulsando iniciativas que cumplan a cabalidad con el marco jur\u00eddico establecido\u201d,&nbsp;<strong>expres\u00f3 el consultor jur\u00eddico.<\/strong><\/p>\n\n\n\n<p>Expres\u00f3 que, aunque la sentencia no las se\u00f1ala expl\u00edcitamente, las irregularidades mencionadas pueden ser subsanadas mediante el cumplimiento del procedimiento correspondiente en el&nbsp;<strong>Congreso Nacional.<\/strong><\/p>\n\n\n\n<p><strong>Antoliano Peralta&nbsp;<\/strong>record\u00f3 que el Poder Legislativo analiza una propuesta de reforma de la Ley n\u00fam. 1-24, fruto del consenso entre el gobierno y diversos actores de la&nbsp;<strong>sociedad civil.<\/strong><\/p>\n","protected":false},"excerpt":{"rendered":"<p>El Poder Ejecutivo expres\u00f3 su respeto y acogida al criterio del Tribunal Constitucional, resaltando su<\/p>\n","protected":false},"author":1,"featured_media":10663,"comment_status":"open","ping_status":"open","sticky":false,"template":"","format":"standard","meta":{"footnotes":""},"categories":[12],"tags":[],"class_list":["post-10662","post","type-post","status-publish","format-standard","has-post-thumbnail","hentry","category-nacionales"],"_links":{"self":[{"href":"https:\/\/samantharadionline.com\/index.php\/wp-json\/wp\/v2\/posts\/10662","targetHints":{"allow":["GET"]}}],"collection":[{"href":"https:\/\/samantharadionline.com\/index.php\/wp-json\/wp\/v2\/posts"}],"about":[{"href":"https:\/\/samantharadionline.com\/index.php\/wp-json\/wp\/v2\/types\/post"}],"author":[{"embeddable":true,"href":"https:\/\/samantharadionline.com\/index.php\/wp-json\/wp\/v2\/users\/1"}],"replies":[{"embeddable":true,"href":"https:\/\/samantharadionline.com\/index.php\/wp-json\/wp\/v2\/comments?post=10662"}],"version-history":[{"count":1,"href":"https:\/\/samantharadionline.com\/index.php\/wp-json\/wp\/v2\/posts\/10662\/revisions"}],"predecessor-version":[{"id":10664,"href":"https:\/\/samantharadionline.com\/index.php\/wp-json\/wp\/v2\/posts\/10662\/revisions\/10664"}],"wp:featuredmedia":[{"embeddable":true,"href":"https:\/\/samantharadionline.com\/index.php\/wp-json\/wp\/v2\/media\/10663"}],"wp:attachment":[{"href":"https:\/\/samantharadionline.com\/index.php\/wp-json\/wp\/v2\/media?parent=10662"}],"wp:term":[{"taxonomy":"category","embeddable":true,"href":"https:\/\/samantharadionline.com\/index.php\/wp-json\/wp\/v2\/categories?post=10662"},{"taxonomy":"post_tag","embeddable":true,"href":"https:\/\/samantharadionline.com\/index.php\/wp-json\/wp\/v2\/tags?post=10662"}],"curies":[{"name":"wp","href":"https:\/\/api.w.org\/{rel}","templated":true}]}}