{"id":10396,"date":"2024-11-30T21:59:09","date_gmt":"2024-11-30T20:59:09","guid":{"rendered":"https:\/\/samantharadionline.com\/?p=10396"},"modified":"2024-11-30T21:59:10","modified_gmt":"2024-11-30T20:59:10","slug":"mucha-gente-visitan-tiendas-por-motivos-del-black-friday","status":"publish","type":"post","link":"https:\/\/samantharadionline.com\/index.php\/2024\/11\/30\/mucha-gente-visitan-tiendas-por-motivos-del-black-friday\/","title":{"rendered":"Mucha gente visitan tiendas por motivos del Black Friday"},"content":{"rendered":"\n<p>Filas de personas ocupaban todo el campo visual de la zona de las cajas registradoras, algunos hasta con 10 electrodom\u00e9sticos<\/p>\n\n\n\n<p>Mar\u00eda Isabel Heyaime, <strong>Santo Domingo, RD<\/strong><\/p>\n\n\n\n<p>Cientos de personas acudieron la tarde del pasado viernes a diversas tiendas y plazas comerciales del&nbsp;<strong>Distrito Nacional<\/strong>&nbsp;para aprovechar las ofertas del&nbsp;<strong>Black Friday<\/strong>.<\/p>\n\n\n\n<p>Periodistas de LIST\u00cdN DIARIO hicieron un recorrido por estos comercios, en los que se pudo observar como las&nbsp;<strong>filas de personas<\/strong>&nbsp;ocupaban todo el campo visual de la zona de las cajas registradoras, algunos hasta con diez electrodom\u00e9sticos.<\/p>\n\n\n\n<p>Sumado a esto, el c\u00famulo de personas con varios productos en sus carritos o en mano manten\u00eda&nbsp;<strong>atareado&nbsp;<\/strong>al personal de las diversas tiendas, quienes se notaban tensos y movi\u00e9ndose de un lado hacia otro, para ofrecer un buen servicio.<\/p>\n\n\n\n<p>PUBLICIDAD<\/p>\n\n\n\n<p>\u201cLa tienda ha roto records de asistencia este a\u00f1o\u201d, dijo uno de los administradores, quien no quiso dar su nombre.&nbsp;<\/p>\n\n\n\n<p>Mientras que otro administrador, de un establecimiento diferente, asegur\u00f3 que gracias al&nbsp;<strong>movimiento nocturno<\/strong>&nbsp;fueron capaces de \u201cigualar las ventas del a\u00f1o pasado\u201d.<\/p>\n\n\n\n<p>Los&nbsp;<strong>productos m\u00e1s vendidos<\/strong>, seg\u00fan el personal de las tiendas visitadas, fueron electrodom\u00e9sticos como televisores, neveras, hornos-microondas y licuadoras, pero tambi\u00e9n colchones. Otros productos que resaltaron los compradores fueron los abanicos y estufas.<\/p>\n\n\n\n<figure class=\"wp-block-image\" id=\"m19152-19151-19153\"><img decoding=\"async\" src=\"https:\/\/listindiario.com\/files\/vertical_main_image\/uploads\/2024\/11\/29\/674a74f89b580.jpeg\" alt=\"Clientes observan mercanc\u00edas en una de las tiendas visitadas\"\/><figcaption class=\"wp-element-caption\">Clientes observan mercanc\u00edas en una de las tiendas visitadasJorge Mart\u00ednez<\/figcaption><\/figure>\n\n\n\n<p>Varios de los clientes entrevistados se sintieron complacidos con las&nbsp;<strong>ofertas<\/strong>, las cuales fueron calificadas como \u201cmuy buenas\u201d e incluso, seg\u00fan una compradora, \u201chan mejorado\u201d respecto al a\u00f1o anterior.<\/p>\n\n\n\n<p>Otros consumidores expresaron que los&nbsp;<strong>precios&nbsp;<\/strong>estaban \u201casequibles\u201d y la variedad de productos \u201cmodernos\u201d.<\/p>\n\n\n\n<p>Algunos establecimientos visitados no solo contaban con diversas ofertas y colaboraciones con bancos, tambi\u00e9n con&nbsp;<strong>actividades&nbsp;<\/strong>para llamar la atenci\u00f3n del p\u00fablico. Como en a\u00f1os anteriores, algunas marcas aprovecharon para ofrecer muestras gratis de sus productos.<\/p>\n\n\n\n<figure class=\"wp-block-image\" id=\"m19164-19163-19165\"><img decoding=\"async\" src=\"https:\/\/listindiario.com\/files\/vertical_main_image\/uploads\/2024\/11\/29\/674a75468a796.jpeg\" alt=\"Las ventas de este Black Friday &quot;rompieron r\u00e9cords&quot;, seg\u00fan un gerente de las tiendas consultadas\"\/><figcaption class=\"wp-element-caption\">Las ventas de este Black Friday \u00abrompieron r\u00e9cords\u00bb, seg\u00fan un administrador de las tiendas consultadasJorge Mart\u00ednez<\/figcaption><\/figure>\n","protected":false},"excerpt":{"rendered":"<p>Filas de personas ocupaban todo el campo visual de la zona de las cajas registradoras,<\/p>\n","protected":false},"author":1,"featured_media":10397,"comment_status":"open","ping_status":"open","sticky":false,"template":"","format":"standard","meta":{"footnotes":""},"categories":[10],"tags":[],"class_list":["post-10396","post","type-post","status-publish","format-standard","has-post-thumbnail","hentry","category-economica"],"_links":{"self":[{"href":"https:\/\/samantharadionline.com\/index.php\/wp-json\/wp\/v2\/posts\/10396","targetHints":{"allow":["GET"]}}],"collection":[{"href":"https:\/\/samantharadionline.com\/index.php\/wp-json\/wp\/v2\/posts"}],"about":[{"href":"https:\/\/samantharadionline.com\/index.php\/wp-json\/wp\/v2\/types\/post"}],"author":[{"embeddable":true,"href":"https:\/\/samantharadionline.com\/index.php\/wp-json\/wp\/v2\/users\/1"}],"replies":[{"embeddable":true,"href":"https:\/\/samantharadionline.com\/index.php\/wp-json\/wp\/v2\/comments?post=10396"}],"version-history":[{"count":1,"href":"https:\/\/samantharadionline.com\/index.php\/wp-json\/wp\/v2\/posts\/10396\/revisions"}],"predecessor-version":[{"id":10398,"href":"https:\/\/samantharadionline.com\/index.php\/wp-json\/wp\/v2\/posts\/10396\/revisions\/10398"}],"wp:featuredmedia":[{"embeddable":true,"href":"https:\/\/samantharadionline.com\/index.php\/wp-json\/wp\/v2\/media\/10397"}],"wp:attachment":[{"href":"https:\/\/samantharadionline.com\/index.php\/wp-json\/wp\/v2\/media?parent=10396"}],"wp:term":[{"taxonomy":"category","embeddable":true,"href":"https:\/\/samantharadionline.com\/index.php\/wp-json\/wp\/v2\/categories?post=10396"},{"taxonomy":"post_tag","embeddable":true,"href":"https:\/\/samantharadionline.com\/index.php\/wp-json\/wp\/v2\/tags?post=10396"}],"curies":[{"name":"wp","href":"https:\/\/api.w.org\/{rel}","templated":true}]}}