{"id":10351,"date":"2024-11-29T00:03:34","date_gmt":"2024-11-28T23:03:34","guid":{"rendered":"https:\/\/samantharadionline.com\/?p=10351"},"modified":"2024-11-29T00:03:35","modified_gmt":"2024-11-28T23:03:35","slug":"chiquito-le-pide-a-miriam-german-su-traslado-a-la-victoria","status":"publish","type":"post","link":"https:\/\/samantharadionline.com\/index.php\/2024\/11\/29\/chiquito-le-pide-a-miriam-german-su-traslado-a-la-victoria\/","title":{"rendered":"\u00abChiquito\u00bb le pide a Miriam Germ\u00e1n su traslado a La Victoria"},"content":{"rendered":"\n<p class=\"has-medium-font-size\"><em>Alega que cuando el Segundo Tribunal Colegiado del Distrito Nacional conden\u00f3 a Chiquito a la pena m\u00e1xima, el 24 de abril pasado dispuso que la condena fuera cumplida en la c\u00e1rcel de La Victoria<\/em><\/p>\n\n\n\n<figure class=\"wp-block-image\"><img decoding=\"async\" src=\"https:\/\/listindiario.com\/files\/image_60_60\/uploads\/2023\/05\/11\/645d0fa7541ad.png\" alt=\"Avatar del Ram\u00f3n Cruz Benz\u00e1n\"\/><\/figure>\n\n\n\n<p><em>\u00a0<\/em>Ram\u00f3n Cruz Benz\u00e1n, <strong>Santo Domingo, RD\u00a0<\/strong><\/p>\n\n\n\n<p>El recluso<strong>\u00a0Allyson de Jes\u00fas P\u00e9rez Mej\u00eda alias \u201cChiquito\u201d,<\/strong>\u00a0condenado a 30 a\u00f1os de prisi\u00f3n por su participaci\u00f3n en la muerte del\u00a0joven Joshua Omar Fern\u00e1ndez,\u00a0pidi\u00f3 a la procuradora general de la Rep\u00fablica, Miriam German Brito, su traslado a la\u00a0<strong>c\u00e1rcel de La Victoria.<\/strong><\/p>\n\n\n\n<p>El imputado, en una instancia enviada a la procuradora, v\u00eda su abogado Jaime Caobo Terrero, considera que se han producidos tres decisiones a su favor de diferentes instancias disponiendo su&nbsp;<strong>trasladado de la c\u00e1rcel de Najayo,<\/strong>&nbsp;donde se encuentra recluido.<\/p>\n\n\n\n<p>Alega que cuando el Segundo Tribunal Colegiado del Distrito Nacional conden\u00f3 a&nbsp;<strong>Chiquito&nbsp;<\/strong>a la pena m\u00e1xima, el 24 de abril pasado dispuso que la condena fuera cumplida en la<strong>&nbsp;c\u00e1rcel de La Victoria.<\/strong><\/p>\n\n\n\n<p>Asimismo, dijo que cuando la Segunda Sala Penal de la Corte de Apelaci\u00f3n del Distrito Nacional, ratific\u00f3 dicha<strong>&nbsp;condena de 30 a\u00f1os de prisi\u00f3n<\/strong>, con un voto disidente de uno de sus jueces, el pasado 21 de noviembre, tambi\u00e9n dispuso que la pena fuera cumplida en dicho recinto penitenciario.<\/p>\n\n\n\n<p>\u201cNo obstante existir una resoluci\u00f3n de medida de coerci\u00f3n, una sentencia condenatoria de primer grado y una<strong>&nbsp;sentencia condenatoria de Corte de Apelaci\u00f3n&nbsp;<\/strong>que dispone que la pena sea cumplida en&nbsp;<strong>La Victoria,&nbsp;<\/strong>las decisiones no son acatadas\u201d, acot\u00f3 el jurista en la instancia.<\/p>\n\n\n\n<p>Indic\u00f3 que la&nbsp;<strong>Direcci\u00f3n General de Servicios Penitenciarios y Correccionales&nbsp;<\/strong>dispuso seg\u00fan comunicaci\u00f3n del Consultor jur\u00eddico, su traslado a la&nbsp;<strong>c\u00e1rcel de Najayo<\/strong>, fundamentado en el impacto social del caso por cual fue condenado.<\/p>\n\n\n\n<p>Manifest\u00f3 que Prisiones olvid\u00f3 que para disponer el traslado de un interno tiene que ser con una&nbsp;<strong>autorizaci\u00f3n por los tribunales<\/strong>, que a su juicio son vinculantes a los Poderes del Estado.<\/p>\n\n\n\n<p>En torno al caso de la muerte del joven Joshua Fern\u00e1ndez, tambi\u00e9n fueron condenados&nbsp;<strong>Wesly Vincent Carmona<\/strong>, conocido como \u201c<strong>El Dotolcito<\/strong>\u201d, a 15 a\u00f1os de prisi\u00f3n y&nbsp;<strong>Luis Alberto \u201cLuisito\u201d Brito<\/strong>, condenado a 20 a\u00f1os, sentencia que fue ratificada en la Corte de Apelaci\u00f3n.<\/p>\n\n\n\n<p>Joshua falleci\u00f3 el pasado 16 de abril de 2023, a causa de un disparo en la cabeza, mientras sub\u00eda a un veh\u00edculo cuando sal\u00eda de una discoteca ubicada en el Ensanche Naco del Distrito Nacional, a la edad de 19 a\u00f1os.<\/p>\n","protected":false},"excerpt":{"rendered":"<p>Alega que cuando el Segundo Tribunal Colegiado del Distrito Nacional conden\u00f3 a Chiquito a la<\/p>\n","protected":false},"author":1,"featured_media":10352,"comment_status":"open","ping_status":"open","sticky":false,"template":"","format":"standard","meta":{"footnotes":""},"categories":[12],"tags":[],"class_list":["post-10351","post","type-post","status-publish","format-standard","has-post-thumbnail","hentry","category-nacionales"],"_links":{"self":[{"href":"https:\/\/samantharadionline.com\/index.php\/wp-json\/wp\/v2\/posts\/10351","targetHints":{"allow":["GET"]}}],"collection":[{"href":"https:\/\/samantharadionline.com\/index.php\/wp-json\/wp\/v2\/posts"}],"about":[{"href":"https:\/\/samantharadionline.com\/index.php\/wp-json\/wp\/v2\/types\/post"}],"author":[{"embeddable":true,"href":"https:\/\/samantharadionline.com\/index.php\/wp-json\/wp\/v2\/users\/1"}],"replies":[{"embeddable":true,"href":"https:\/\/samantharadionline.com\/index.php\/wp-json\/wp\/v2\/comments?post=10351"}],"version-history":[{"count":1,"href":"https:\/\/samantharadionline.com\/index.php\/wp-json\/wp\/v2\/posts\/10351\/revisions"}],"predecessor-version":[{"id":10353,"href":"https:\/\/samantharadionline.com\/index.php\/wp-json\/wp\/v2\/posts\/10351\/revisions\/10353"}],"wp:featuredmedia":[{"embeddable":true,"href":"https:\/\/samantharadionline.com\/index.php\/wp-json\/wp\/v2\/media\/10352"}],"wp:attachment":[{"href":"https:\/\/samantharadionline.com\/index.php\/wp-json\/wp\/v2\/media?parent=10351"}],"wp:term":[{"taxonomy":"category","embeddable":true,"href":"https:\/\/samantharadionline.com\/index.php\/wp-json\/wp\/v2\/categories?post=10351"},{"taxonomy":"post_tag","embeddable":true,"href":"https:\/\/samantharadionline.com\/index.php\/wp-json\/wp\/v2\/tags?post=10351"}],"curies":[{"name":"wp","href":"https:\/\/api.w.org\/{rel}","templated":true}]}}