{"id":10336,"date":"2024-11-27T14:40:56","date_gmt":"2024-11-27T13:40:56","guid":{"rendered":"https:\/\/samantharadionline.com\/?p=10336"},"modified":"2024-11-27T14:40:57","modified_gmt":"2024-11-27T13:40:57","slug":"benjamin-netanyahu-anuncia-un-alto-al-fuego-de-60-dias-en-el-libano","status":"publish","type":"post","link":"https:\/\/samantharadionline.com\/index.php\/2024\/11\/27\/benjamin-netanyahu-anuncia-un-alto-al-fuego-de-60-dias-en-el-libano\/","title":{"rendered":"Benjam\u00edn Netanyahu anuncia un alto al fuego de 60 d\u00edas en el L\u00edbano"},"content":{"rendered":"\n<p class=\"has-medium-font-size\"><em>A m\u00e1s de un a\u00f1o de que comenz\u00f3 el conflicto en Medio Oriente, se han reportado m\u00e1s de 3 mil 700 muertos miles de heridos, por lo que es urgente un alto al fuego.<\/em><\/p>\n\n\n\n<p>Por: Itandehui Cervantes<\/p>\n\n\n\n<p>Este martes 26 de noviembre de 2024, el primer ministro de Israel,\u00a0<strong>Benjam\u00edn Netanyahu<\/strong>\u00a0asegur\u00f3 que estaba dispuesto a llegar a un acuerdo para poner un\u00a0<strong>alto al fuego con L\u00edbano.<\/strong><\/p>\n\n\n\n<p>Durante su discurso&nbsp;<strong>Benjam\u00edn Netanyahu<\/strong>&nbsp;coment\u00f3 que someter\u00eda a consulta un alto al fuego<\/p>\n\n\n\n<h2 class=\"wp-block-heading\">\u00bfPor qu\u00e9 se tom\u00f3 la decisi\u00f3n de poner un alto al fuego?<\/h2>\n\n\n\n<p>Cabe recordar que hace una semana\u00a0<strong>Amos Hochstein<\/strong>\u00a0present\u00f3 una propuesta de alto al fuego de dos meses. Durante ese periodo de tiempo, las fuerzas israel\u00edes se retirar\u00edan de\u00a0<strong>L\u00edbano\u00a0y Hezbol\u00e1.<\/strong><\/p>\n\n\n\n<p>Por su parte,<strong>&nbsp;Joe Biden<\/strong>&nbsp;dijo que el alto al fuego comenzar\u00e1 el mi\u00e9rcoles 27 de noviembre de 2024 y se retirar\u00e1n las tropas de L\u00edbano.<\/p>\n\n\n\n<p>Adem\u00e1s,\u00a0<strong>Israel<\/strong>\u00a0se comprometi\u00f3 a devolver a sus hogares a las familias del norte del pa\u00eds.\u00a0Benjam\u00edn Netanyahu\u00a0destac\u00f3 tres puntos por los cuales se determin\u00f3 poner un alto al fuego:<\/p>\n\n\n\n<ul class=\"wp-block-list\">\n<li>La primera raz\u00f3n fue Ir\u00e1n<\/li>\n\n\n\n<li>La segunda la renovaci\u00f3n de fuerzas<\/li>\n\n\n\n<li>La \u00faltima raz\u00f3n es aislar las \u00e1reas y aislar a Ham\u00e1s<\/li>\n<\/ul>\n\n\n\n<h2 class=\"wp-block-heading\">\u00bfCu\u00e1ntas personas han muerto por la guerra en Medio Oriente?<\/h2>\n\n\n\n<p>Desde que comenzaron los ataques del\u00a0<strong>Ej\u00e9rcito israel\u00ed<\/strong>\u00a0contra L\u00edbano han\u00a0<strong>muerto m\u00e1s de 3 mil 700 personas<\/strong>\u00a0y 15 mi 700 han resultado heridas, seg\u00fan informes del Ministerio de Salud P\u00fablica de\u00a0<strong>Hezbol\u00e1<\/strong>\u00a0.<\/p>\n\n\n\n<p>El conflicto entre&nbsp;<strong>Israel<\/strong>&nbsp;y&nbsp;<strong>Franja de Gaza<\/strong>&nbsp;comenz\u00f3 el 7 de octubre de 2023 cuando desde Gaza atacaron a los israel\u00edes mientras se encontraban en el festival musical Nova, en ese momento se reportaron mil 400 muertos.<\/p>\n\n\n\n<p>Ante ello,\u00a0<strong>Benjam\u00edn Netanyahu<\/strong>\u00a0prometi\u00f3 aniquilar a Ham\u00e1s, una organizaci\u00f3n considerada terrorista por Israel, Estados Unidos y Uni\u00f3n Europea. El presidente de Estados Unidos,\u00a0Joe Biden\u00a0anunci\u00f3 que apoy\u00f3 a Israel.<\/p>\n\n\n\n<p>Desde el comienzo de la guerra grupos de derechos humanos han se\u00f1alado que las&nbsp;<strong>condiciones<\/strong>&nbsp;<strong>de vida<\/strong>&nbsp;para los&nbsp;<strong>palestinos<\/strong>&nbsp;son&nbsp;<strong>indescriptibles<\/strong>&nbsp;pues han acabado con barrios y da\u00f1ado la infraestructura de salud y se han agotado los suministros de alimentos, agua y combustible.<\/p>\n\n\n\n<p><strong>adn40 Siempre Conmigo<\/strong>.\u00a0Suscr\u00edbete a nuestro canal de Telegram\u00a0<strong>y lleva la informaci\u00f3n en tus manos.<\/strong><\/p>\n\n\n\n<p><\/p>\n","protected":false},"excerpt":{"rendered":"<p>A m\u00e1s de un a\u00f1o de que comenz\u00f3 el conflicto en Medio Oriente, se han<\/p>\n","protected":false},"author":1,"featured_media":10337,"comment_status":"open","ping_status":"open","sticky":false,"template":"","format":"standard","meta":{"footnotes":""},"categories":[4],"tags":[],"class_list":["post-10336","post","type-post","status-publish","format-standard","has-post-thumbnail","hentry","category-mundiales"],"_links":{"self":[{"href":"https:\/\/samantharadionline.com\/index.php\/wp-json\/wp\/v2\/posts\/10336","targetHints":{"allow":["GET"]}}],"collection":[{"href":"https:\/\/samantharadionline.com\/index.php\/wp-json\/wp\/v2\/posts"}],"about":[{"href":"https:\/\/samantharadionline.com\/index.php\/wp-json\/wp\/v2\/types\/post"}],"author":[{"embeddable":true,"href":"https:\/\/samantharadionline.com\/index.php\/wp-json\/wp\/v2\/users\/1"}],"replies":[{"embeddable":true,"href":"https:\/\/samantharadionline.com\/index.php\/wp-json\/wp\/v2\/comments?post=10336"}],"version-history":[{"count":1,"href":"https:\/\/samantharadionline.com\/index.php\/wp-json\/wp\/v2\/posts\/10336\/revisions"}],"predecessor-version":[{"id":10338,"href":"https:\/\/samantharadionline.com\/index.php\/wp-json\/wp\/v2\/posts\/10336\/revisions\/10338"}],"wp:featuredmedia":[{"embeddable":true,"href":"https:\/\/samantharadionline.com\/index.php\/wp-json\/wp\/v2\/media\/10337"}],"wp:attachment":[{"href":"https:\/\/samantharadionline.com\/index.php\/wp-json\/wp\/v2\/media?parent=10336"}],"wp:term":[{"taxonomy":"category","embeddable":true,"href":"https:\/\/samantharadionline.com\/index.php\/wp-json\/wp\/v2\/categories?post=10336"},{"taxonomy":"post_tag","embeddable":true,"href":"https:\/\/samantharadionline.com\/index.php\/wp-json\/wp\/v2\/tags?post=10336"}],"curies":[{"name":"wp","href":"https:\/\/api.w.org\/{rel}","templated":true}]}}